{"id":23387,"date":"2023-02-23T05:24:51","date_gmt":"2023-02-23T04:24:51","guid":{"rendered":"http:\/\/www.infokuryr.cz\/n\/?p=23387"},"modified":"2023-02-23T05:24:51","modified_gmt":"2023-02-23T04:24:51","slug":"jiri-paroubek-valecna-hysterie-kulminuje","status":"publish","type":"post","link":"https:\/\/www.infokuryr.cz\/n\/2023\/02\/23\/jiri-paroubek-valecna-hysterie-kulminuje\/","title":{"rendered":"Ji\u0159\u00ed Paroubek: V\u00e1le\u010dn\u00e1 hysterie kulminuje"},"content":{"rendered":"<div id=\"fb-root\"><\/div>\n<p><strong>Kdy\u017e se d\u00edv\u00e1m do dne\u0161n\u00edch \u010desk\u00fdch m\u00e9di\u00ed, mus\u00edm \u0159\u00edci, \u017ee prakticky bez v\u00fdjimky jsou v zajet\u00ed protirusk\u00e9 hysterie, kter\u00e1 se u n\u011bkter\u00fdch z nich transformuje do hysterie proti\u010d\u00ednsk\u00e9.<\/strong><\/p>\n<p>Nev\u00edm, jestli koment\u00e1to\u0159i \u010desk\u00fdch m\u00e9di\u00ed, ale tak\u00e9 \u010de\u0161t\u00ed vl\u00e1dn\u00ed politici dob\u0159e ch\u00e1pou, jak\u00fd sv\u011bt cht\u011bj\u00ed vytvo\u0159it. Pokud nebude rozumn\u00fdm a udr\u017eiteln\u00fdm zp\u016fsobem ukon\u010den v\u00e1le\u010dn\u00fd konflikt na Ukrajin\u011b, dojde k rozd\u011blen\u00ed sv\u011bta na dv\u011b \u010d\u00e1sti. Na jedn\u00e9 stran\u011b to bude Z\u00e1pad a na stran\u011b druh\u00e9 ti ostatn\u00ed. P\u0159izn\u00e1m se, \u017ee t\u011b\u017eko sn\u00e1\u0161\u00edm p\u0159edstavu rozd\u011blen\u00e9ho sv\u011bta, v n\u011bm\u017e jsou des\u00edtky zem\u00ed podrobeny hospod\u00e1\u0159sk\u00fdm sankc\u00edm bez rozhodnut\u00ed Rady bezpe\u010dnost\u00ed OSN. St\u00e1ty Z\u00e1padu u\u017e mo\u017en\u00e1 ani nenapadne, \u017ee takov\u00e9 sankce jsou vlastn\u011b z hlediska mezin\u00e1rodn\u00edho pr\u00e1va ileg\u00e1ln\u00ed&#8230;<\/p>\n<p>Koment\u00e1to\u0159i a politici hovo\u0159\u00ed o tom, jak se sankce v hospod\u00e1\u0159stv\u00ed Ruska projev\u00ed a\u017e po del\u0161\u00edm \u010dase. Mluv\u00ed o zhroucen\u00ed jeho pr\u016fmyslu v d\u016fsledku absence z\u00e1padn\u00edch technologi\u00ed. Tyto p\u0159edpov\u011bdi maj\u00ed asi stejnou hodnotu, jako p\u0159edpov\u011bdi t\u00fdch\u017e analytik\u016f, koment\u00e1tor\u016f a politik\u016f, kte\u0159\u00ed jako haruspikov\u00e9 p\u0159ed rokem mluvili o tom, \u017ee rusk\u00e9 hospod\u00e1\u0159stv\u00ed zaznamen\u00e1 pokles v\u00fdkonnost\u00ed meziro\u010dn\u011b o 10 nebo 12%. Ve skute\u010dnosti do\u0161lo k poklesu o 2%. Platebn\u00ed bilance Ruska i obchodn\u00ed bilance t\u00e9to zem\u011b je ve stavu, kter\u00fd nep\u0159ipom\u00edn\u00e1 ani vzd\u00e1len\u011b krizi. Pokud hovo\u0159\u00edte s lidmi, kte\u0159\u00ed Rusko v posledn\u00edch dnech nav\u0161t\u00edvili, a to nejen Moskvu a Petrohrad, ale i rusk\u00fd venkov, dozv\u00edte se, \u017ee i z\u00e1padn\u00edho zbo\u017e\u00ed je na rusk\u00e9m trhu dost. A zd\u00e1 se, \u017ee rusk\u00e9mu pr\u016fmyslu, zejm\u00e9na men\u0161\u00edm a st\u0159edn\u00edm firm\u00e1m, nedovozy n\u011bkter\u00e9ho spot\u0159ebn\u00edho zbo\u017e\u00ed ze Z\u00e1padu (textil), poslou\u017eily k jejich rozvoji a k r\u016fstu jejich v\u00fdkonu. Podobn\u011b se to konec konc\u016f stalo po vyhl\u00e1\u0161en\u00ed sankc\u00ed Z\u00e1padu v roce 2014, kdy Rusko, s ohledem na omezen\u00ed dovozu potravin\u00e1\u0159sk\u00fdch v\u00fdrobk\u016f ze Z\u00e1padu, masivn\u011b podpo\u0159ilo zem\u011bd\u011blskou v\u00fdrobu a dnes dosahuje ob\u0159\u00edch objem\u016f v\u00fdroby nap\u0159. p\u0161enice. Vypad\u00e1 to, \u017ee za lo\u0148sk\u00fd rok Rusov\u00e9 vyvezli 50 mil. tun p\u0161enice. Tedy zhruba stejn\u00e9 mno\u017estv\u00ed, kter\u00e9 za b\u00fdval\u00e9ho re\u017eimu Sov\u011btsk\u00fd svaz dov\u00e1\u017eel zejm\u00e9na ze Spojen\u00fdch st\u00e1t\u016f a Kanady, aby zamezil hladomoru. Rusko tak dnes je s\u00fdpkou cel\u00e9ho sv\u011bta.<\/p>\n<p>Pokud jde o inflaci, ta v Rusku dosahuje kolem 12% a je tedy podstatn\u011b ni\u017e\u0161\u00ed ne\u017eli inflace u n\u00e1s. Tak\u00e9 rubl je pevn\u00fd jako nikdy. A to d\u00edky tomu, \u017ee Rusko donutilo z\u00e1padn\u00ed st\u00e1ty k platb\u00e1m za energetick\u00e9 suroviny v rublech.<\/p>\n<p><strong>Vn\u00edmaj\u00ed politick\u00e9 elity Evropy v\u016fbec realitu?<\/strong><\/p>\n<p>Prosperita zem\u00ed Evropsk\u00e9 unie, v\u010detn\u011b \u010cesk\u00e9 republiky v posledn\u00edch 30 letech byla zalo\u017eena na dvou faktorech. Na dovozu levn\u00fdch surovin z Ruska v r\u00e1mci dlouhodob\u00fdch kontrakt\u016f nebo dlouhodob\u00fdch obchodn\u00edch vztah\u016f a v p\u0159\u00edpad\u011b \u010ceska na \u00fazk\u00e9m spojen\u00ed \u010desk\u00e9 ekonomiky s ekonomikou n\u011bmeckou. Z\u0159ejm\u011b nejprogresivn\u011bj\u0161\u00ed \u010d\u00e1st \u010desk\u00e9ho pr\u016fmyslu, tedy v\u00fdroba automotive, tedy n\u00e1hradn\u00edch d\u00edl\u016f a sou\u010d\u00e1stek pro automobily, je t\u011bsn\u011b spjata s v\u00fdrobou automobil\u016f v N\u011bmecku.<\/p>\n<p>\u010c\u00e1st evropsk\u00fdch elit pod vlivem a pod tlakem Spojen\u00fdch st\u00e1t\u016f stra\u0161\u00ed \u010d\u00ednsk\u00fdm nebezpe\u010d\u00edm. Dnes jeden n\u011bmeck\u00fd mudrc z jak\u00e9hosi think-tanku, vyj\u00e1d\u0159il v HN n\u00e1zor, \u017ee: \u201eHospod\u00e1\u0159sk\u00e9 vztahy s \u010c\u00ednou je pot\u0159eba diversifikovat kv\u016fli mo\u017enosti, \u017ee se tyto vztahy v n\u011bjak\u00e9 chv\u00edli zhrout\u00ed\u201c. Tento mudrc sice tak\u00e9 hovo\u0159\u00ed o tom, \u017ee to vyvol\u00e1v\u00e1 obavy mezi N\u011bmci v politick\u00e9m veden\u00ed i v byznysu o udr\u017eitelnosti n\u011bmeck\u00e9ho \u201ebyznys modelu\u201c. A nic, \u017e\u00e1dn\u00e9 \u0159e\u0161en\u00ed. P\u0159edstavme si situaci, \u017ee by Evropa opravdu ztratila, jak levn\u00e9 rusk\u00e9 suroviny, co\u017e je z\u0159ejm\u011b nen\u00e1vratn\u00fd fakt, a je\u0161t\u011b k tomu by ztratila odbyti\u0161t\u011b sv\u00fdch v\u00fdrobk\u016f na ob\u0159\u00edm \u010d\u00ednsk\u00e9m trhu. Co pak bude d\u011blat nap\u0159. N\u011bmecko se sv\u00fdmi automobily a co budou d\u011blat \u010desk\u00e9 fabriky vyr\u00e1b\u011bj\u00edc\u00ed n\u00e1hradn\u00ed d\u00edly a sou\u010d\u00e1stky pro N\u011bmecko?<\/p>\n<p>P\u00e1div\u00e1 inflace, kterou vykazuje dokonce i \u010cesk\u00fd statistick\u00fd \u00fa\u0159ad (\u010cS\u00da) byla p\u0159izn\u00e1na za minul\u00fd rok ofici\u00e1ln\u011b n\u011bkde kolem 17%. Realita je ale p\u0159eci jin\u00e1. Cel\u00fd spot\u0159ebn\u00ed ko\u0161, kter\u00fd obsahuje stovky polo\u017eek, z n\u011bj\u017e \u010cS\u00da vypo\u010d\u00edt\u00e1v\u00e1 index spot\u0159ebitelsk\u00fdch cen, nevyjad\u0159uje hloubku cel\u00e9 trag\u00e9die, ke kter\u00e9 u n\u00e1s do\u0161lo. V minul\u00e9m a v tomto roce dojde k poklesu re\u00e1ln\u00e9 pr\u016fm\u011brn\u00e9 mzdy \u2013 podle m\u00e9ho odhadu \u2013 v souhrnu o 25%. Tedy, pokud vezmeme v \u00favahu jen t\u011bch 30 \u2013 40 z\u00e1kladn\u00edch druh\u016f zbo\u017e\u00ed a slu\u017eeb, kter\u00e9 vzrostly oproti roku 2021 p\u0159\u00edmo raketov\u011b (v\u011bt\u0161ina potravin, elekt\u0159ina, pohonn\u00e9 hmoty). A mluv\u00edme-li o poklesu re\u00e1ln\u00e9 pr\u016fm\u011brn\u00e9 mzdy, mus\u00edme mluvit tak\u00e9 ruku v ruce s t\u00edm o poklesu \u017eivotn\u00ed \u00farovn\u011b v\u011bt\u0161iny \u010desk\u00e9ho obyvatelstva. Mo\u017en\u00e1, \u017ee horn\u00ed t\u0159etina t\u011bch p\u0159\u00edjmov\u011b nejsiln\u011bj\u0161\u00edch to p\u0159\u00edli\u0161 nepozn\u00e1. Ti budou d\u00e1l v\u011brn\u011b st\u00e1t za v\u00e1lkou na Ukrajin\u011b do posledn\u00edho ukrajinsk\u00e9ho voj\u00e1ka a budou tvrdit, \u017ee se lid\u00e9 u n\u00e1s maj\u00ed dob\u0159e, jako na z\u00e1mku, proto\u017ee dostali p\u0159edplaceno\u2026 Ale ty dal\u0161\u00ed dv\u011b t\u0159etiny ob\u010dan\u016f se budou pot\u00fdkat v\u00edce m\u00e9n\u011b s existen\u010dn\u00edmi probl\u00e9my. A konce z nich nevid\u011bt.<\/p>\n<p>Prezident Biden ve Var\u0161av\u011b \u2013 mimochodem ten den pro n\u011bj prob\u011bhl pohnut\u011b, nebo\u0165 za\u017eil p\u00e1d na sch\u016fdc\u00edch letadla (jak ukazuj\u00ed videa v\u0161ete\u010dn\u00fdch div\u00e1k\u016f) -, se vyj\u00e1d\u0159il, \u017ee Ukrajina ve v\u00e1lce slavn\u011b zv\u00edt\u011bz\u00ed. No, j\u00e1 bych sp\u00ed\u0161e polo\u017eil \u0159e\u010dnickou ot\u00e1zku. Je mo\u017en\u00e9 Rusko porazit? Je mo\u017en\u00e9 porazit zemi, kter\u00e1 m\u00e1 k dispozici v\u0161echny zdroje surovin, kter\u00e9 pot\u0159ebuje nejen ona, ale vlastn\u011b cel\u00fd sv\u011bt? Zemi, kter\u00e1 je de facto sob\u011bsta\u010dn\u00e1 ve v\u00fdrob\u011b potravin. A zemi, kter\u00e1 je i jadernou supervelmoc\u00ed. A je\u0161t\u011b ke v\u0161emu zemi, o kter\u00e9 se vyj\u00e1d\u0159il \u010d\u00ednsk\u00fd \u0161\u00e9fdiplomat Wang I, \u017ee \u201evztahy (\u010c\u00edny) s n\u00ed jsou jako sk\u00e1la\u201c.<\/p>\n<p>V tomto t\u00fddnu chce \u010d\u00ednsk\u00fd prezident uskute\u010dnit m\u00edrov\u00fd projev, ve kter\u00e9m p\u0159edstav\u00ed \u010d\u00ednsk\u00fd m\u00edrov\u00fd pl\u00e1n pro Ukrajinu. Z\u00e1padu se bude takov\u00fd projekt jen velmi t\u011b\u017eko odm\u00edtat. Ale samoz\u0159ejm\u011b i to je mo\u017en\u00e9.<\/p>\n<p>Mezit\u00edm n\u00e1\u010deln\u00edk gener\u00e1ln\u00edho \u0161t\u00e1bu na\u0161\u00ed arm\u00e1dy v hysterick\u00e9m projevu, \u0161koda, \u017ee jej nep\u0159ednesl p\u0159ed prezidentskou volbou, hovo\u0159\u00ed o mo\u017enosti ozbrojen\u00e9ho st\u0159etu s Ruskem, v n\u011bm\u017e by \u010cesko tak\u00e9 sehr\u00e1lo svou roli. Nazna\u010duje, \u017ee t\u0159iceti tis\u00edcov\u00e1 \u010desk\u00e1 arm\u00e1da by byla p\u0159\u00edli\u0161 mal\u00e1 na tento konflikt a \u017ee by bylo pot\u0159eba ji doplnit odvedenci z \u0159ad mlad\u00fdch \u010desk\u00fdch mu\u017e\u016f. Nev\u00edm, zda si pan gener\u00e1l a jeho ministryn\u011b uv\u011bdomuj\u00ed, jak\u00fd je fyzick\u00fd stav \u010desk\u00e9 populace. Pokud by se \u010de\u0161t\u00ed voj\u00e1ci, odvedenci, kte\u0159\u00ed nikdy nepro\u0161li vojenskou z\u00e1kladn\u00ed slu\u017ebou, dostali do v\u00e1le\u010dn\u00e9 v\u0159avy, podobn\u00e9 t\u00e9 na Ukrajin\u011b, dopadlo by to s nimi asi tak, jako kdy\u017e se maso dostane do ml\u00fdnku na maso. Byla by to trag\u00e9die. Pan\u00ed ministryn\u011b nezapomn\u011bla ve sv\u00e9m \u0161tvav\u00e9m (jako obvykle) projevu, napadnout politiku v\u00edce azimut\u016f. Jinak \u0159e\u010deno, jak\u00fdkoliv odklon od jednostrann\u00e9 orientace na Spojen\u00e9 st\u00e1ty je nep\u0159\u00edpustn\u00fd. Tedy alespo\u0148 v o\u010d\u00edch pan\u00ed ministryn\u011b. Je ot\u00e1zka, zda pan\u00ed ministryn\u011b je\u0161t\u011b h\u00e1j\u00ed \u010desk\u00e9 n\u00e1rodn\u00ed z\u00e1jmy. Anebo sp\u00ed\u0161 z\u00e1jmy n\u011bkoho jin\u00e9ho.<\/p>\n<p>Prost\u011b, situace v \u010cesku je velmi v\u00e1\u017en\u00e1. Asi v\u00e1\u017en\u011bj\u0161\u00ed, ne\u017e v kter\u00e9koliv jin\u00e9 evropsk\u00e9 zemi. Ekonomicky jsme v recesi, kles\u00e1 dramaticky \u010desk\u00fd v\u00fdvoz, co\u017e je jen dal\u0161\u00ed p\u0159edzv\u011bst prohlubov\u00e1n\u00ed hospod\u00e1\u0159sk\u00e9ho poklesu a kles\u00e1 v\u00fdrazn\u011b \u017eivotn\u00ed \u00farove\u0148 lid\u00ed. V relevantn\u00edch pr\u016fzkumech u\u017e 40% ob\u010dan\u016f p\u0159ipou\u0161t\u00ed, \u017ee po zaplacen\u00ed nutn\u00fdch potravin a n\u00e1jmu, vych\u00e1z\u00ed na jejich dom\u00e1cnost mo\u017enost denn\u00ed \u00fatraty do 100 K\u010d. Je to smutn\u00e9 a d\u0159\u00edve nebo pozd\u011bji i p\u0159es masivn\u00ed mainstreamovou mas\u00e1\u017e se \u010ce\u0161i dovt\u00edp\u00ed, \u017ee t\u00edmto zp\u016fsobem nen\u00ed mo\u017en\u00e9 pokra\u010dovat d\u00e1l. \u017de cestou nen\u00ed konfrontace, ale m\u00edrov\u00e9 sou\u017eit\u00ed a dialog i se st\u00e1ty, jejich\u017e st\u00e1tn\u00ed uspo\u0159\u00e1d\u00e1n\u00ed nemus\u00edme m\u00edt zrovna r\u00e1di. Tedy, pokud nechceme v\u00e1lku. P\u0159esn\u011bji \u2013 jadernou v\u00e1lku. I p\u0159ed rozbit\u00edm \u017eelezn\u00e9 opony do\u0161li komunist\u00e9 v sov\u011btsk\u00e9m bloku ji\u017e v\u00edce m\u00e9n\u011b v 50. a 60. letech k n\u00e1zoru o mo\u017enosti m\u00edrov\u00e9 koexistence st\u00e1t\u016f s rozd\u00edln\u00fdm spole\u010densk\u00fdm z\u0159\u00edzen\u00edm&#8230;<\/p>\n<p>Pokud se chceme vyhnout glob\u00e1ln\u00edmu sv\u011btov\u00e9mu konfliktu, nic jin\u00e9ho ne\u017e dialog a respekt k uspo\u0159\u00e1d\u00e1n\u00ed jin\u00fdch st\u00e1t\u016f sv\u011bta n\u00e1m nezb\u00fdv\u00e1.<\/p>\n<p>Je\u0161t\u011b dov\u011btek na konec. T\u00e9m\u011b\u0159 v\u0161echna \u010desk\u00e1 m\u00e9dia dnes stra\u0161\u00ed t\u00edm, \u017ee \u010c\u00edna je vojensky p\u0159ipravena dob\u00edt Tchaj-wan. M\u00e1 ot\u00e1zka zn\u00ed, pro\u010d by to d\u011blali? Henry Kissinger ve sv\u00fdch pam\u011btech popisuje situaci p\u0159ed podpisem \u0160anghajsk\u00e9ho protokolu v roce 1972, kter\u00fd uzav\u0159ela USA a \u010c\u00ednou pakt de facto proti Sov\u011btsk\u00e9mu svazu. Jedn\u00e1n\u00ed americk\u00e9ho prezidenta Nixona a \u010d\u00ednsk\u00e9ho p\u0159edsedy Mao Ce-tunga se pochopiteln\u011b dotklo tak\u00e9 ot\u00e1zky Tchaj-wanu. D\u00edky tomuto paktu byl Tchaj-wan vyhozen ze v\u0161ech mezin\u00e1rodn\u00edch instituc\u00ed po\u010d\u00ednaje OSN, kde neleg\u00e1ln\u011b zastupoval \u010c\u00ednu, aby byl nahrazen \u010c\u00ednskou lidovou republikou. Pokud jde o Tchaj-wan, \u010d\u00ednsk\u00fd p\u0159edseda Mao se vyj\u00e1d\u0159il asi takto: \u201eTchaj-wan, to je mal\u00fd probl\u00e9m, velk\u00fd probl\u00e9m je sv\u011bt\u201c. A na jin\u00e9m m\u00edst\u011b, v jin\u00e9 \u010d\u00e1sti jedn\u00e1n\u00ed Mao \u0159ekl \u2013 podle Kissingera \u2013 \u017ee \u010c\u00edna m\u016f\u017ee na sjednocen\u00ed s Tchaj-wanem \u010dekat t\u0159eba sto let, ale \u017ee k n\u011bmu stejn\u011b dojde. \u010c\u00edna je jedin\u00fdm st\u00e1tem s nep\u0159eru\u0161enou, 2200 let trvaj\u00edc\u00ed st\u00e1tnost\u00ed. Ona m\u00e1 prost\u011b trp\u011blivost. V podzimn\u00edch komun\u00e1ln\u00edch volb\u00e1ch na Tchaj-wanu pozoruhodn\u011b rozhodn\u00fdm zp\u016fsobem zv\u00edt\u011bzili kandid\u00e1ti opozi\u010dn\u00edho Kuomintangu. Ano, to je ta strana, kter\u00e1 bojovala p\u0159ed rokem 1949 s komunisty o vl\u00e1du v \u010c\u00edn\u011b. Tento boj prohr\u00e1la a st\u00e1hla se se zhruba 2 miliony sv\u00fdch stoupenc\u016f na Tchaj-wan. Dnes chce sjednocen\u00ed s \u010c\u00ednou. Pro\u010d by \u010c\u00edna m\u011bla uskute\u010dnit invazi na Tchaj-wan, kdy\u017e velmi pravd\u011bpodobn\u011b p\u0159\u00ed\u0161t\u00ed volby \u2013 prezidentsk\u00e9 i parlamentn\u00ed \u2013 m\u016f\u017ee na Tchaj-wanu vyhr\u00e1t pr\u00e1v\u011b Kuomintang a b\u011bhem p\u011bti let se sjednocen\u00ed s \u010c\u00ednou stane skutkem.<\/p>\n<p>Stra\u0161en\u00ed, stra\u0161en\u00ed a stra\u0161en\u00ed. To je program elit Z\u00e1padu a USA. K \u010demu je to dobr\u00e9?<\/p>\n<p><a href=\"https:\/\/vasevec.info\/komentare\/valecna-hysterie-kulminuje\">Ji\u0159\u00ed Paroubek<\/a><\/p>\n<p><img decoding=\"async\" loading=\"lazy\" class=\"alignnone size-medium wp-image-2342\" src=\"http:\/\/www.infokuryr.cz\/n\/wp-content\/uploads\/2021\/06\/paroubek-300x208.jpg\" alt=\"\" width=\"300\" height=\"208\" srcset=\"https:\/\/www.infokuryr.cz\/n\/wp-content\/uploads\/2021\/06\/paroubek-300x208.jpg 300w, https:\/\/www.infokuryr.cz\/n\/wp-content\/uploads\/2021\/06\/paroubek.jpg 318w\" sizes=\"(max-width: 300px) 100vw, 300px\" \/><\/p>\n<p>_____________________________<\/p>\n<p>&nbsp;<\/p>\n<p>&nbsp;<\/p>\n<p><img decoding=\"async\" loading=\"lazy\" class=\"wp-image-19187 aligncenter\" src=\"http:\/\/www.infokuryr.cz\/n\/wp-content\/uploads\/2022\/12\/1-PRO-300x36.jpg\" alt=\"\" width=\"1100\" height=\"132\" srcset=\"https:\/\/www.infokuryr.cz\/n\/wp-content\/uploads\/2022\/12\/1-PRO-300x36.jpg 300w, https:\/\/www.infokuryr.cz\/n\/wp-content\/uploads\/2022\/12\/1-PRO.jpg 699w\" sizes=\"(max-width: 1100px) 100vw, 1100px\" \/><\/p>\n<p>&nbsp;<\/p>\n<p>&nbsp;<\/p>\n<p>&nbsp;<\/p>\n<p><img decoding=\"async\" loading=\"lazy\" class=\"wp-image-22607 aligncenter\" src=\"http:\/\/www.infokuryr.cz\/n\/wp-content\/uploads\/2023\/02\/cesko_proti_bide-239x300.png\" alt=\"\" width=\"667\" height=\"837\" srcset=\"https:\/\/www.infokuryr.cz\/n\/wp-content\/uploads\/2023\/02\/cesko_proti_bide-239x300.png 239w, https:\/\/www.infokuryr.cz\/n\/wp-content\/uploads\/2023\/02\/cesko_proti_bide-816x1024.png 816w, https:\/\/www.infokuryr.cz\/n\/wp-content\/uploads\/2023\/02\/cesko_proti_bide-768x964.png 768w, https:\/\/www.infokuryr.cz\/n\/wp-content\/uploads\/2023\/02\/cesko_proti_bide.png 846w\" sizes=\"(max-width: 667px) 100vw, 667px\" \/><\/p>\n<p>&nbsp;<\/p>\n<p>&nbsp;<\/p>\n","protected":false},"excerpt":{"rendered":"<p>Kdy\u017e se d\u00edv\u00e1m do dne\u0161n\u00edch \u010desk\u00fdch m\u00e9di\u00ed, mus\u00edm \u0159\u00edci, \u017ee prakticky bez v\u00fdjimky jsou v&#8230;<\/p>\n","protected":false},"author":2,"featured_media":11489,"comment_status":"closed","ping_status":"closed","sticky":false,"template":"","format":"standard","meta":[],"categories":[6],"tags":[30,3606,158,40],"_links":{"self":[{"href":"https:\/\/www.infokuryr.cz\/n\/wp-json\/wp\/v2\/posts\/23387"}],"collection":[{"href":"https:\/\/www.infokuryr.cz\/n\/wp-json\/wp\/v2\/posts"}],"about":[{"href":"https:\/\/www.infokuryr.cz\/n\/wp-json\/wp\/v2\/types\/post"}],"author":[{"embeddable":true,"href":"https:\/\/www.infokuryr.cz\/n\/wp-json\/wp\/v2\/users\/2"}],"replies":[{"embeddable":true,"href":"https:\/\/www.infokuryr.cz\/n\/wp-json\/wp\/v2\/comments?post=23387"}],"version-history":[{"count":0,"href":"https:\/\/www.infokuryr.cz\/n\/wp-json\/wp\/v2\/posts\/23387\/revisions"}],"wp:featuredmedia":[{"embeddable":true,"href":"https:\/\/www.infokuryr.cz\/n\/wp-json\/wp\/v2\/media\/11489"}],"wp:attachment":[{"href":"https:\/\/www.infokuryr.cz\/n\/wp-json\/wp\/v2\/media?parent=23387"}],"wp:term":[{"taxonomy":"category","embeddable":true,"href":"https:\/\/www.infokuryr.cz\/n\/wp-json\/wp\/v2\/categories?post=23387"},{"taxonomy":"post_tag","embeddable":true,"href":"https:\/\/www.infokuryr.cz\/n\/wp-json\/wp\/v2\/tags?post=23387"}],"curies":[{"name":"wp","href":"https:\/\/api.w.org\/{rel}","templated":true}]}}