{"id":23340,"date":"2023-02-22T06:57:14","date_gmt":"2023-02-22T05:57:14","guid":{"rendered":"http:\/\/www.infokuryr.cz\/n\/?p=23340"},"modified":"2023-02-22T06:57:14","modified_gmt":"2023-02-22T05:57:14","slug":"na-ukrajine-se-formuje-polska-legie-je-to-dalsi-krok-k-otevrenemu-zapojeni-polska-do-valky-proti-rusku","status":"publish","type":"post","link":"https:\/\/www.infokuryr.cz\/n\/2023\/02\/22\/na-ukrajine-se-formuje-polska-legie-je-to-dalsi-krok-k-otevrenemu-zapojeni-polska-do-valky-proti-rusku\/","title":{"rendered":"Na Ukrajin\u011b se formuje \u201epolsk\u00e1 legie\u201c. Je to dal\u0161\u00ed krok k otev\u0159en\u00e9mu zapojen\u00ed Polska do v\u00e1lky proti Rusku"},"content":{"rendered":"<div id=\"fb-root\"><\/div>\n<p><strong>Propagandistick\u00fd video kan\u00e1l ukrajinsk\u00e9ho re\u017eimu\u00a0<a href=\"https:\/\/www.youtube.com\/watch?v=ZtzS3KrumeA\">Kanal13 p\u0159inesl zaj\u00edmavou zpr\u00e1vu<\/a>. Na Ukrajin\u011b se pr\u00fd formuje \u201epolsk\u00e1 legie\u201c Pol\u00e1k\u016f dobrovoln\u00edk\u016f, kte\u0159\u00ed cht\u011bj\u00ed bojovat proti Rusku<\/strong>. Polsk\u00e1 vl\u00e1da sou\u010dasn\u011b pat\u0159\u00ed mezi hlavn\u00ed podporovatele ukrajinsk\u00e9ho re\u017eimu a o tajn\u00e9m zapojen\u00ed polsk\u00fdch jednotek do boj\u016f si cvrlikaj\u00ed vrabci na var\u0161avsk\u00fdch st\u0159ech\u00e1ch ji\u017e od lo\u0148sk\u00e9ho jara.<\/p>\n<p><strong>Vytvo\u0159en\u00ed \u201epolsk\u00e9 legie\u201c je zjevn\u011b jen dal\u0161\u00ed PR man\u00e9vr, kter\u00fd m\u00e1 p\u0159ipravit polskou ve\u0159ejnost na pln\u00e9 zapojen\u00ed Polska do v\u00e1lky s Ruskem<\/strong>. Media jist\u011b brzy p\u0159inesou dojemn\u00e9 \u010dl\u00e1nky a report\u00e1\u017ee o state\u010dn\u00fdch polsk\u00fdch dobrovoln\u00edc\u00edch, kte\u0159\u00ed bojuj\u00ed na Ukrajin\u011b za polskou v\u011bc. Polsko si n\u00e1rokuje z\u00e1padn\u00ed \u010d\u00e1st Ukrajiny (Lvov a okol\u00ed), kter\u00e1 po 1. sv\u011btov\u00e9 v\u00e1lce pat\u0159ila Polsku. Po druh\u00e9 sv\u011btov\u00e9 v\u00e1lce do\u0161lo k posunut\u00ed polsk\u00fdch hranic na z\u00e1pad a do\u0161lo i p\u0159est\u011bhov\u00e1n\u00ed polsk\u00e9ho obyvatelstva do Slezska, odkud bylo vyst\u011bhov\u00e1no n\u011bmeck\u00e9 obyvatelstva.\u00a0<strong>Velkopolsk\u00e9 ambice jsou mezi polskou elitou st\u00e1le \u017eiv\u00e9. Bohu\u017eel v\u017edy dopadly pro polsk\u00fd n\u00e1rod katastrofou. To ale polsk\u00e9 elity nezaj\u00edm\u00e1<\/strong>.<\/p>\n<p><strong>Mezi polsk\u00fdmi vlastenci se naopak ukazuje\u00a0<a href=\"https:\/\/ceskavec.com\/2022\/05\/potahne-polsko-do-valky-proti-rusku-pod-zidovskym-vedenim-spekulace-o-puvodu-polskych-elit-nabiraji-na-sile\">na \u00fadajn\u00fd \u017eidovsk\u00fd p\u016fvod sou\u010dasn\u00e9 ( a p\u0159edchoz\u00ed) polsk\u00e9 politick\u00e9 elity<\/a>, kter\u00e1 \u00fadajn\u011b pracuje s \u017eidovsk\u00fdmi vl\u00e1dci Ukrajiny na obnov\u011b Velk\u00e9 Chaz\u00e1rie, p\u016fvodn\u00ed vlasti a\u0161ken\u00e1zsk\u00fdch \u017eid\u016f.<\/strong><\/p>\n<p><a href=\"https:\/\/ceskavec.com\/2023\/02\/na-ukrajine-se-formuje-polska-legie-je-to-dalsi-krok-k-otevrenemu-zapojeni-polska-do-valky-proti-rusku\">\u010cesk\u00e1 v\u011bc<\/a><\/p>\n<p>&nbsp;<\/p>\n<p><img decoding=\"async\" loading=\"lazy\" class=\"wp-image-19187 aligncenter\" src=\"http:\/\/www.infokuryr.cz\/n\/wp-content\/uploads\/2022\/12\/1-PRO-300x36.jpg\" alt=\"\" width=\"1083\" height=\"130\" srcset=\"https:\/\/www.infokuryr.cz\/n\/wp-content\/uploads\/2022\/12\/1-PRO-300x36.jpg 300w, https:\/\/www.infokuryr.cz\/n\/wp-content\/uploads\/2022\/12\/1-PRO.jpg 699w\" sizes=\"(max-width: 1083px) 100vw, 1083px\" \/><\/p>\n<p>&nbsp;<\/p>\n<p>&nbsp;<\/p>\n","protected":false},"excerpt":{"rendered":"<p>Propagandistick\u00fd video kan\u00e1l ukrajinsk\u00e9ho re\u017eimu\u00a0Kanal13 p\u0159inesl zaj\u00edmavou zpr\u00e1vu. Na Ukrajin\u011b se pr\u00fd formuje \u201epolsk\u00e1 legie\u201c&#8230;<\/p>\n","protected":false},"author":2,"featured_media":21005,"comment_status":"closed","ping_status":"closed","sticky":false,"template":"","format":"standard","meta":[],"categories":[7],"tags":[4468,31,26,40],"_links":{"self":[{"href":"https:\/\/www.infokuryr.cz\/n\/wp-json\/wp\/v2\/posts\/23340"}],"collection":[{"href":"https:\/\/www.infokuryr.cz\/n\/wp-json\/wp\/v2\/posts"}],"about":[{"href":"https:\/\/www.infokuryr.cz\/n\/wp-json\/wp\/v2\/types\/post"}],"author":[{"embeddable":true,"href":"https:\/\/www.infokuryr.cz\/n\/wp-json\/wp\/v2\/users\/2"}],"replies":[{"embeddable":true,"href":"https:\/\/www.infokuryr.cz\/n\/wp-json\/wp\/v2\/comments?post=23340"}],"version-history":[{"count":0,"href":"https:\/\/www.infokuryr.cz\/n\/wp-json\/wp\/v2\/posts\/23340\/revisions"}],"wp:featuredmedia":[{"embeddable":true,"href":"https:\/\/www.infokuryr.cz\/n\/wp-json\/wp\/v2\/media\/21005"}],"wp:attachment":[{"href":"https:\/\/www.infokuryr.cz\/n\/wp-json\/wp\/v2\/media?parent=23340"}],"wp:term":[{"taxonomy":"category","embeddable":true,"href":"https:\/\/www.infokuryr.cz\/n\/wp-json\/wp\/v2\/categories?post=23340"},{"taxonomy":"post_tag","embeddable":true,"href":"https:\/\/www.infokuryr.cz\/n\/wp-json\/wp\/v2\/tags?post=23340"}],"curies":[{"name":"wp","href":"https:\/\/api.w.org\/{rel}","templated":true}]}}