{"id":23336,"date":"2023-02-22T01:13:31","date_gmt":"2023-02-22T00:13:31","guid":{"rendered":"http:\/\/www.infokuryr.cz\/n\/?p=23336"},"modified":"2023-02-21T21:00:36","modified_gmt":"2023-02-21T20:00:36","slug":"rusko-meni-svuj-postoj-k-urovnani-podnesterskeho-konfliktu","status":"publish","type":"post","link":"https:\/\/www.infokuryr.cz\/n\/2023\/02\/22\/rusko-meni-svuj-postoj-k-urovnani-podnesterskeho-konfliktu\/","title":{"rendered":"Rusko m\u011bn\u00ed sv\u016fj postoj k urovn\u00e1n\u00ed podn\u011bstersk\u00e9ho konfliktu"},"content":{"rendered":"<div id=\"fb-root\"><\/div>\n<p class=\"lead\">Rusk\u00fd prezident Vladimir Putin 21. \u00fanora, zru\u0161il sv\u016fj dekret z roku 2012 o zahrani\u010dn\u00ed politice zem\u011b. Nov\u00fd dekret uv\u00e1d\u00ed, \u017ee byl podeps\u00e1n \u201eza \u00fa\u010delem zaji\u0161t\u011bn\u00ed n\u00e1rodn\u00edch z\u00e1jm\u016f Rusk\u00e9 federace v souvislosti s hlubok\u00fdmi zm\u011bnami, ke kter\u00fdm doch\u00e1z\u00ed v mezin\u00e1rodn\u00edch vztaz\u00edch\u201c. Dokument, kter\u00fd vstoupil v platnost, m\u016f\u017ee ovlivnit pozici Moskvy p\u0159i \u0159e\u0161en\u00ed konfliktu v Podn\u011bst\u0159\u00ed.<\/p>\n<p>Zru\u0161en\u00fd dekret m\u011bl zejm\u00e9na \u201eh\u00e1jit, \u017ee neexistuje \u017e\u00e1dn\u00e1 alternativa k politick\u00e9mu a diplomatick\u00e9mu \u0159e\u0161en\u00ed region\u00e1ln\u00edch konflikt\u016f na z\u00e1klad\u011b kolektivn\u00edch akc\u00ed mezin\u00e1rodn\u00edho spole\u010denstv\u00ed zapojen\u00edm v\u0161ech zainteresovan\u00fdch stran do jedn\u00e1n\u00ed\u201c.<\/p>\n<p>Rusko bylo spolu s OBSE a Ukrajinou garantem-prost\u0159edn\u00edkem p\u0159i jedn\u00e1n\u00edch mezi Ki\u0161in\u011bvem a Tiraspolem (USA a EU jsou v nich pozorovatel\u00e9) s c\u00edlem nal\u00e9zt mechanismus pro politick\u00e9 urovn\u00e1n\u00ed konfliktu z roku 1992, v jeho\u017e d\u016fsledku Podn\u011bstersko vyhl\u00e1silo nez\u00e1vislost na Moldavsku.<\/p>\n<p>P\u0159edt\u00edm Moskva prosazovala m\u00edrov\u00e9 \u0159e\u0161en\u00ed v mezin\u00e1rodn\u011b uzn\u00e1van\u00fdch hranic\u00edch Moldavsk\u00e9 republiky s ud\u011blen\u00edm zvl\u00e1\u0161tn\u00edho statutu levob\u0159e\u017en\u00ed oblasti.\u00a0Celou tu dobu byly rusk\u00e9 m\u00edrov\u00e9 s\u00edly na demarka\u010dn\u00ed linii a v Podn\u011bst\u0159\u00ed je Opera\u010dn\u00ed skupina rusk\u00fdch sil, kterou ji\u017e Ki\u0161in\u011bv p\u0159irovnal k okupa\u010dn\u00edm sil\u00e1m.<\/p>\n<p>Tiraspol opakovan\u011b potvrdil, \u017ee je p\u0159ipraven na dialog s moldavskou stranou, ale pouze v r\u00e1mci humanit\u00e1rn\u00ed a ekonomick\u00e9 sf\u00e9ry interakce.\u00a0Zbytek neuznan\u00e9 republiky bude n\u00e1sledovat kurz nez\u00e1vislosti s n\u00e1sledn\u00fdm svobodn\u00fdm p\u0159istoupen\u00edm k Rusk\u00e9 federaci, jak bylo stanoveno v referendu v roce 2006.<\/p>\n<p>Od roku 2019 form\u00e1t vyjedn\u00e1v\u00e1n\u00ed 5 + 2 ve skute\u010dnosti nefunguje; na tomto pozad\u00ed Ki\u0161in\u011bv zv\u00fd\u0161il ekonomick\u00fd a politick\u00fd tlak na lev\u00fd b\u0159eh.\u00a0Po zah\u00e1jen\u00ed JMD ostatn\u00ed \u00fa\u010dastn\u00edci St\u00e1l\u00e9 konference uvedli, \u017ee dialog m\u016f\u017ee pokra\u010dovat a\u017e po ukon\u010den\u00ed boj\u016f a \u201en\u00e1vratu \u00fazem\u00ed Kyjevu\u201c.\u00a0Rusko p\u0159esto trvalo na obnoven\u00ed konzultac\u00ed a zd\u016fraz\u0148ovalo nem\u011bnnost sv\u00e9ho p\u0159\u00edstupu k ot\u00e1zce podn\u011bstersk\u00e9ho urovn\u00e1n\u00ed.<\/p>\n<p>Ode dne\u0161ka nemus\u00ed b\u00fdt Rusk\u00e1 federace tak kategorick\u00e1, pokud jde o budouc\u00ed status Podn\u011bstersk\u00e9 oblasti, kde \u017eije v\u00edce ne\u017e 250 tis\u00edc ob\u010dan\u016f Rusk\u00e9 federace.<\/p>\n<p><img decoding=\"async\" loading=\"lazy\" class=\"alignnone size-full wp-image-1185\" src=\"http:\/\/www.infokuryr.cz\/n\/wp-content\/uploads\/2021\/04\/kuryr-podpis.png\" alt=\"\" width=\"84\" height=\"24\" \/><\/p>\n<p>&nbsp;<\/p>\n<p><img decoding=\"async\" loading=\"lazy\" class=\"wp-image-19187 aligncenter\" src=\"http:\/\/www.infokuryr.cz\/n\/wp-content\/uploads\/2022\/12\/1-PRO-300x36.jpg\" alt=\"\" width=\"1142\" height=\"137\" srcset=\"https:\/\/www.infokuryr.cz\/n\/wp-content\/uploads\/2022\/12\/1-PRO-300x36.jpg 300w, https:\/\/www.infokuryr.cz\/n\/wp-content\/uploads\/2022\/12\/1-PRO.jpg 699w\" sizes=\"(max-width: 1142px) 100vw, 1142px\" \/><\/p>\n<p>&nbsp;<\/p>\n","protected":false},"excerpt":{"rendered":"<p>Rusk\u00fd prezident Vladimir Putin 21. \u00fanora, zru\u0161il sv\u016fj dekret z roku 2012 o zahrani\u010dn\u00ed politice&#8230;<\/p>\n","protected":false},"author":2,"featured_media":10878,"comment_status":"closed","ping_status":"closed","sticky":false,"template":"","format":"standard","meta":[],"categories":[7],"tags":[1506,2295,22],"_links":{"self":[{"href":"https:\/\/www.infokuryr.cz\/n\/wp-json\/wp\/v2\/posts\/23336"}],"collection":[{"href":"https:\/\/www.infokuryr.cz\/n\/wp-json\/wp\/v2\/posts"}],"about":[{"href":"https:\/\/www.infokuryr.cz\/n\/wp-json\/wp\/v2\/types\/post"}],"author":[{"embeddable":true,"href":"https:\/\/www.infokuryr.cz\/n\/wp-json\/wp\/v2\/users\/2"}],"replies":[{"embeddable":true,"href":"https:\/\/www.infokuryr.cz\/n\/wp-json\/wp\/v2\/comments?post=23336"}],"version-history":[{"count":1,"href":"https:\/\/www.infokuryr.cz\/n\/wp-json\/wp\/v2\/posts\/23336\/revisions"}],"predecessor-version":[{"id":23337,"href":"https:\/\/www.infokuryr.cz\/n\/wp-json\/wp\/v2\/posts\/23336\/revisions\/23337"}],"wp:featuredmedia":[{"embeddable":true,"href":"https:\/\/www.infokuryr.cz\/n\/wp-json\/wp\/v2\/media\/10878"}],"wp:attachment":[{"href":"https:\/\/www.infokuryr.cz\/n\/wp-json\/wp\/v2\/media?parent=23336"}],"wp:term":[{"taxonomy":"category","embeddable":true,"href":"https:\/\/www.infokuryr.cz\/n\/wp-json\/wp\/v2\/categories?post=23336"},{"taxonomy":"post_tag","embeddable":true,"href":"https:\/\/www.infokuryr.cz\/n\/wp-json\/wp\/v2\/tags?post=23336"}],"curies":[{"name":"wp","href":"https:\/\/api.w.org\/{rel}","templated":true}]}}