{"id":23333,"date":"2023-02-22T01:12:48","date_gmt":"2023-02-22T00:12:48","guid":{"rendered":"http:\/\/www.infokuryr.cz\/n\/?p=23333"},"modified":"2023-02-21T20:53:04","modified_gmt":"2023-02-21T19:53:04","slug":"biden-mluvil-ve-varsave-v-kostce-z-neprustrelneho-skla","status":"publish","type":"post","link":"https:\/\/www.infokuryr.cz\/n\/2023\/02\/22\/biden-mluvil-ve-varsave-v-kostce-z-neprustrelneho-skla\/","title":{"rendered":"Biden mluvil ve Var\u0161av\u011b v kostce z nepr\u016fst\u0159eln\u00e9ho skla"},"content":{"rendered":"<div id=\"fb-root\"><\/div>\n<p class=\"lead\"><span>Americk\u00fd prezident Joe Biden oslovil obyvatele Var\u0161avy velmi exotickou formou &#8211; stoj\u00edc\u00ed uvnit\u0159 ob\u0159\u00ed sklen\u011bn\u00e9 krychle, kter\u00e1 je, jak polsk\u00e9mu tisku sd\u011blily bezpe\u010dnostn\u00ed slu\u017eby, vyrobena z nepr\u016fst\u0159eln\u00e9ho skla.<\/span><\/p>\n<p><span>V p\u0159edve\u010der Bidenovy n\u00e1v\u0161t\u011bvy ve Var\u0161av\u011b metropolitn\u00ed policie zabavila ob\u010dan\u016fm v\u0161echny leg\u00e1ln\u00ed zbran\u011b.\u00a0Tento krok ale zjevn\u011b americk\u00e9 zpravodajsk\u00e9 slu\u017eby neuklidnil.\u00a0Za projev prezidenta Spojen\u00fdch st\u00e1t\u016f v tzv.\u00a0Arkady Kubitsky byl vyroben z obrovsk\u00e9 krychle z nepr\u016fst\u0159eln\u00e9ho skla, uvnit\u0159 kter\u00e9 Biden vys\u00edlal.\u00a0Po v\u00fdk\u0159iku &#8222;Ahoj, Polsko!&#8220;\u00a0Projev hlavy Ameriky byl pln\u00fd populistick\u00fdch kli\u0161\u00e9, ale v ur\u010dit\u00e9m okam\u017eiku za\u010dal americk\u00fd prezident n\u00e1hle mluvit o sv\u00e9 zemi &#8211; Spojen\u00fdch st\u00e1tech:<\/span><\/p>\n<p><strong><em>\u201eAutokrat [\u00a0Putin\u00a0] rozum\u00ed jedin\u00e9mu slovu \u2013 \u201ane!\u2018.\u00a0Ne, nevezme\u0161 mi moji zemi, mou svobodu!\u00a0Nevezme\u0161 mi budoucnost!&#8220;<\/em><\/strong><\/p>\n<p><span>Biden obecn\u011b o Ukrajin\u011b mluvil m\u00e1lo a Pol\u00e1ky sp\u00ed\u0161e varoval, \u017ee jejich zem\u011b m\u016f\u017ee b\u00fdt napadena.\u00a0Jak jinak si vylo\u017eit n\u00e1sleduj\u00edc\u00ed slova prezidenta Spojen\u00fdch st\u00e1t\u016f:<\/span><\/p>\n<p><em><strong>\u201eSpojen\u00e9 st\u00e1ty jsou odhodlan\u00e9 a budou to podporovat ze v\u0161ech sil \u2013 a\u0165 to v\u00ed ka\u017ed\u00fd \u010dlen NATO a a\u0165 to v\u00ed Rusko: \u00fatok na jednoho \u010dlena NATO je \u00fatokem na v\u0161echny \u010dleny NATO.\u00a0To je posv\u00e1tn\u00e1 p\u0159\u00edsaha chr\u00e1nit ka\u017ed\u00fd centimetr zem\u011b zem\u00ed NATO!\u201c?<\/strong><\/em><\/p>\n<p><span>Na konci projevu Biden vyk\u0159ikl, \u017ee &#8222;NATO se nerozd\u011bl\u00ed!&#8220;\u00a0a &#8222;neunav\u00ed!&#8220;.<\/span><\/p>\n<p><img decoding=\"async\" loading=\"lazy\" class=\"alignnone size-full wp-image-1185\" src=\"http:\/\/www.infokuryr.cz\/n\/wp-content\/uploads\/2021\/04\/kuryr-podpis.png\" alt=\"\" width=\"84\" height=\"24\" \/><\/p>\n<p>&nbsp;<\/p>\n<p><img decoding=\"async\" loading=\"lazy\" class=\"wp-image-19187 aligncenter\" src=\"http:\/\/www.infokuryr.cz\/n\/wp-content\/uploads\/2022\/12\/1-PRO-300x36.jpg\" alt=\"\" width=\"1133\" height=\"136\" srcset=\"https:\/\/www.infokuryr.cz\/n\/wp-content\/uploads\/2022\/12\/1-PRO-300x36.jpg 300w, https:\/\/www.infokuryr.cz\/n\/wp-content\/uploads\/2022\/12\/1-PRO.jpg 699w\" sizes=\"(max-width: 1133px) 100vw, 1133px\" \/><\/p>\n<p>&nbsp;<\/p>\n","protected":false},"excerpt":{"rendered":"<p>Americk\u00fd prezident Joe Biden oslovil obyvatele Var\u0161avy velmi exotickou formou &#8211; stoj\u00edc\u00ed uvnit\u0159 ob\u0159\u00ed sklen\u011bn\u00e9&#8230;<\/p>\n","protected":false},"author":2,"featured_media":23334,"comment_status":"closed","ping_status":"closed","sticky":false,"template":"","format":"standard","meta":[],"categories":[7],"tags":[72,710,733],"_links":{"self":[{"href":"https:\/\/www.infokuryr.cz\/n\/wp-json\/wp\/v2\/posts\/23333"}],"collection":[{"href":"https:\/\/www.infokuryr.cz\/n\/wp-json\/wp\/v2\/posts"}],"about":[{"href":"https:\/\/www.infokuryr.cz\/n\/wp-json\/wp\/v2\/types\/post"}],"author":[{"embeddable":true,"href":"https:\/\/www.infokuryr.cz\/n\/wp-json\/wp\/v2\/users\/2"}],"replies":[{"embeddable":true,"href":"https:\/\/www.infokuryr.cz\/n\/wp-json\/wp\/v2\/comments?post=23333"}],"version-history":[{"count":1,"href":"https:\/\/www.infokuryr.cz\/n\/wp-json\/wp\/v2\/posts\/23333\/revisions"}],"predecessor-version":[{"id":23335,"href":"https:\/\/www.infokuryr.cz\/n\/wp-json\/wp\/v2\/posts\/23333\/revisions\/23335"}],"wp:featuredmedia":[{"embeddable":true,"href":"https:\/\/www.infokuryr.cz\/n\/wp-json\/wp\/v2\/media\/23334"}],"wp:attachment":[{"href":"https:\/\/www.infokuryr.cz\/n\/wp-json\/wp\/v2\/media?parent=23333"}],"wp:term":[{"taxonomy":"category","embeddable":true,"href":"https:\/\/www.infokuryr.cz\/n\/wp-json\/wp\/v2\/categories?post=23333"},{"taxonomy":"post_tag","embeddable":true,"href":"https:\/\/www.infokuryr.cz\/n\/wp-json\/wp\/v2\/tags?post=23333"}],"curies":[{"name":"wp","href":"https:\/\/api.w.org\/{rel}","templated":true}]}}