{"id":23311,"date":"2023-02-22T00:59:07","date_gmt":"2023-02-21T23:59:07","guid":{"rendered":"http:\/\/www.infokuryr.cz\/n\/?p=23311"},"modified":"2023-02-21T14:53:23","modified_gmt":"2023-02-21T13:53:23","slug":"ukonci-zemetreseni-erdoganovu-smrt","status":"publish","type":"post","link":"https:\/\/www.infokuryr.cz\/n\/2023\/02\/22\/ukonci-zemetreseni-erdoganovu-smrt\/","title":{"rendered":"Ukon\u010d\u00ed zem\u011bt\u0159esen\u00ed Erdoganovu smrt?"},"content":{"rendered":"<div id=\"fb-root\"><\/div>\n<p><strong><span>Ni\u010div\u00e9 zem\u011bt\u0159esen\u00ed v Turecku, kter\u00e9 si v ji\u017en\u00edch \u010d\u00e1stech zem\u011b a v S\u00fdrii vy\u017e\u00e1dalo nejm\u00e9n\u011b 44 000 ob\u011bt\u00ed, bude m\u00edt i politick\u00e9 d\u016fsledky.\u00a0Lid\u00e9 jsou na\u0161tvan\u00ed, proto\u017ee pomoc p\u0159ich\u00e1z\u00ed pomalu.<\/span><\/strong><\/p>\n<p><span>Podle ned\u00e1vno zve\u0159ejn\u011bn\u00fdch \u00fadaj\u016f si dv\u011b siln\u00e1 zem\u011bt\u0159esen\u00ed, kter\u00e1 tvrd\u011b zas\u00e1hla Turecko a S\u00fdrii, vy\u017e\u00e1dala celkem nejm\u00e9n\u011b 44 000 ob\u011bt\u00ed.\u00a0Kolem 38 000 z nich zem\u0159elo v ji\u017en\u00edm Turecku, t\u00e9m\u011b\u0159 6 000 v S\u00fdrii.\u00a0P\u0159es 100 000 lid\u00ed p\u0159e\u017eilo, n\u011bkte\u0159\u00ed s v\u00e1\u017en\u00fdmi zran\u011bn\u00edmi.\u00a0Mraziv\u00e9 po\u010das\u00ed a \u0161patn\u00e9 hygienick\u00e9 podm\u00ednky by mohly po\u010det ob\u011bt\u00ed je\u0161t\u011b zv\u00fd\u0161it.\u00a0Chyb\u00ed tak\u00e9 dostatek potravy a \u010dist\u00e9 vody, co\u017e podporuje \u0161\u00ed\u0159en\u00ed nemoc\u00ed.<\/span><\/p>\n<p><strong><span>Lid\u00e9 v Turecku nyn\u00ed obvi\u0148uj\u00ed prezidenta Recepa Tayyipa Erdogana a jeho vl\u00e1du, \u017ee na katastrofu nereaguj\u00ed dostate\u010dn\u011b efektivn\u011b.\u00a0<\/span><\/strong><span>Proto\u017ee n\u011bkte\u0159\u00ed z humanit\u00e1rn\u00edch pracovn\u00edk\u016f se dostali do centra oblasti katastrofy a\u017e o n\u011bkolik dn\u00ed pozd\u011bji, zat\u00edmco p\u0159e\u017eiv\u0161\u00ed se zoufale sna\u017eili odklidit trosky hol\u00fdma rukama a vysvobodit sv\u00e9 p\u0159\u00edbuzn\u00e9 z trosek z\u0159\u00edcen\u00fdch budov.\u00a0Mnoho silnic v regionu v\u0161ak ji\u017e nebylo sj\u00edzdn\u00fdch a leti\u0161t\u011b a leti\u0161tn\u00ed plochy byly tak v\u00e1\u017en\u011b po\u0161kozeny, \u017ee na nich nemohla p\u0159ist\u00e1vat \u017e\u00e1dn\u00e1 letadla.<\/span><\/p>\n<p><span>Jedn\u00edm z d\u016fvod\u016f, pro\u010d bylo zni\u010den\u00ed n\u011bkter\u00fdch budov tak rozs\u00e1hl\u00e9, je buj\u00edc\u00ed korupce mezi tureck\u00fdmi \u00fa\u0159ady.\u00a0<\/span><strong><span>Stavebn\u00ed \u00fa\u0159ady piln\u011b p\u0159iv\u00edraly o\u010di, kdy\u017e projektanti a stavitel\u00e9 pracovali s pod\u0159adn\u00fdmi materi\u00e1ly a roz\u0161i\u0159ovali sv\u00e9 zisky na \u00fakor bezpe\u010dnosti stavby.\u00a0<\/span><\/strong><a href=\"https:\/\/www.independent.co.uk\/news\/world\/middle-east\/turkey-earthquake-erdogan-building-danger-b2283692.html\" target=\"_blank\" rel=\"noreferrer noopener\"><span>Jedna zpr\u00e1va<\/span><\/a><span>\u00a0uvedla, \u017ee tureck\u00e9 stavebnictv\u00ed je \u201edivok\u00fd z\u00e1pad\u201c, tak\u017ee mnoho z\u0159\u00edcen\u00fdch budov bylo jen logick\u00fdm d\u016fsledkem.\u00a0Kdyby se dodr\u017eovaly normy a standardy, kter\u00e9 plat\u00ed i v Turecku, pravd\u011bpodobn\u011b by je\u0161t\u011b \u017eily des\u00edtky tis\u00edc lid\u00ed.<\/span><\/p>\n<p><span>Pro prezidenta Erdogana je to v\u0161ak probl\u00e9m, proto\u017ee ho lid\u00e9 v regionu (i mimo n\u011bj) pova\u017euj\u00ed za \u010d\u00e1ste\u010dn\u011b odpov\u011bdn\u00e9ho za tato zneu\u017e\u00edv\u00e1n\u00ed.\u00a0<\/span><strong><span>A vzhledem k tomu, \u017ee mnoh\u00e9 z obzvl\u00e1\u0161t\u011b t\u011b\u017ece zasa\u017een\u00fdch provinci\u00ed jsou pova\u017eov\u00e1ny za d\u016fle\u017eit\u00e9 mocensk\u00e9 z\u00e1kladny 68let\u00e9 hlavy st\u00e1tu a jeho AKP, jde tak\u00e9 o politick\u00e9 p\u0159e\u017eit\u00ed prezidenta.\u00a0<\/span><\/strong><span>I ni\u010div\u00e9 zem\u011bt\u0159esen\u00ed v Istanbulu v roce 1999 s pomal\u00fdm rozb\u011bhem pomoci \u201ezm\u011bnilo hru\u201c \u2013 a zp\u016fsobilo nejen p\u00e1d sekul\u00e1rn\u00ed vl\u00e1dy, ale tak\u00e9 polo\u017eilo z\u00e1klad Erdoganovu n\u00e1stupu k moci.\u00a0A nyn\u00ed mohlo za jeho p\u00e1d toto zem\u011bt\u0159esen\u00ed.<\/span><\/p>\n<p><span>Volby do parlamentu a prezidenta se m\u011bly konat 14. kv\u011btna.\u00a0S\u00e1m Erdogan chce volby odlo\u017eit o rok, ale opozice se br\u00e1n\u00ed, proto\u017ee chce t\u011b\u017eit z negativn\u00edho sentimentu v\u016f\u010di vl\u00e1d\u011b.\u00a0Odklad voleb m\u00e1 nyn\u00ed schv\u00e1lit Nejvy\u0161\u0161\u00ed soud, opozice v n\u011bm ale nevid\u00ed pot\u0159ebn\u00e9 pravomoci v souladu s \u00fastavou.\u00a0Pro prezidenta Erdogana jde ale o politick\u00e9 p\u0159e\u017eit\u00ed.\u00a0Proto\u017ee jeho islamistick\u00e1 AKP u\u017e vl\u00e1dne jen s pomoc\u00ed nacionalistick\u00e9ho MHP a musela by po\u010d\u00edtat s dal\u0161\u00edmi ztr\u00e1tami hlas\u016f.\u00a0Slu\u0161n\u00e9ho \u00fasp\u011bchu v prezidentsk\u00fdch volb\u00e1ch by mohl dos\u00e1hnout i popul\u00e1rn\u00ed v\u016fdce opozi\u010dn\u00ed Republik\u00e1nsk\u00e9 lidov\u00e9 strany (CHP) Kemal Kilicdaroglu.<\/span><\/p>\n<p><span>Ot\u00e1zkou tedy je, zda prezident Erdogan vydr\u017e\u00ed ve volb\u00e1ch a je\u0161t\u011b v\u00edce: i kdy\u017e znovu vyhraje, m\u016f\u017ee za sebou z\u00edskat v\u011bt\u0161inu v parlamentu?\u00a0<\/span><strong><span>Proto\u017ee posledn\u00ed\u00a0<\/span><a href=\"https:\/\/de.wikipedia.org\/wiki\/Parlamentswahl_in_der_T%C3%BCrkei_2023\" target=\"_blank\" rel=\"noreferrer noopener\"><span>pr\u016fzkum<\/span><\/a><span>\u00a0z 31. ledna, t\u00fdden p\u0159ed ni\u010div\u00fdm zem\u011bt\u0159esen\u00edm, vid\u011bl AKP s pouhou t\u0159etinou hlas\u016f, n\u00e1sledovan\u00fd CHP se \u010dtvrtinou hlas\u016f.<\/span><\/strong><span>To ji\u017e odpov\u00eddalo ztr\u00e1t\u011b t\u00e9m\u011b\u0159 deseti procentn\u00edch bod\u016f oproti volb\u00e1m v roce 2018. Na propadu AKP p\u0159itom t\u011b\u017eila i nacionalisticko-laick\u00e1 strana IYI, kter\u00e1 v pr\u016fzkumu dok\u00e1zala z\u00edskat zhruba sedminu voli\u010d\u016f. .\u00a0Volebn\u00ed aliance kolem CHP, IYI plus mal\u00e9 strany (Millet Ittifaki) a AKP plus MHP (Cumhur Ittifaki) jsou shodn\u00e9 se 42,6 a 41,0 procenty hlas\u016f.\u00a0Kurdsk\u00e1 levicov\u00e1 strana HDP p\u0159ekl\u00e1p\u00ed misky vah s 11,1 procenta hlas\u016f, ale zem\u011bt\u0159esen\u00ed a nep\u0159\u00edzniv\u00e1 n\u00e1lada pro vl\u00e1du by mohly kyvadlo vych\u00fdlit je\u0161t\u011b v\u00edce ve prosp\u011bch opozice, tak\u017ee ani znovuzvolen\u00fd prezident Erdogan u\u017e by se musela projevit parlamentn\u00ed v\u011bt\u0161ina.<\/span><\/p>\n<p><a href=\"https:\/\/report24.news\/wird-das-erdbeben-erdogans-untergang\/\">Report24<\/a><\/p>\n<p>&nbsp;<\/p>\n<p>&nbsp;<\/p>\n<p><img decoding=\"async\" loading=\"lazy\" class=\"alignnone  wp-image-19187\" src=\"http:\/\/www.infokuryr.cz\/n\/wp-content\/uploads\/2022\/12\/1-PRO-300x36.jpg\" alt=\"\" width=\"1125\" height=\"135\" srcset=\"https:\/\/www.infokuryr.cz\/n\/wp-content\/uploads\/2022\/12\/1-PRO-300x36.jpg 300w, https:\/\/www.infokuryr.cz\/n\/wp-content\/uploads\/2022\/12\/1-PRO.jpg 699w\" sizes=\"(max-width: 1125px) 100vw, 1125px\" \/><\/p>\n<p>&nbsp;<\/p>\n<p>&nbsp;<\/p>\n","protected":false},"excerpt":{"rendered":"<p>Ni\u010div\u00e9 zem\u011bt\u0159esen\u00ed v Turecku, kter\u00e9 si v ji\u017en\u00edch \u010d\u00e1stech zem\u011b a v S\u00fdrii vy\u017e\u00e1dalo nejm\u00e9n\u011b&#8230;<\/p>\n","protected":false},"author":2,"featured_media":13908,"comment_status":"closed","ping_status":"closed","sticky":false,"template":"","format":"standard","meta":[],"categories":[7],"tags":[56,29,55,27,1038],"_links":{"self":[{"href":"https:\/\/www.infokuryr.cz\/n\/wp-json\/wp\/v2\/posts\/23311"}],"collection":[{"href":"https:\/\/www.infokuryr.cz\/n\/wp-json\/wp\/v2\/posts"}],"about":[{"href":"https:\/\/www.infokuryr.cz\/n\/wp-json\/wp\/v2\/types\/post"}],"author":[{"embeddable":true,"href":"https:\/\/www.infokuryr.cz\/n\/wp-json\/wp\/v2\/users\/2"}],"replies":[{"embeddable":true,"href":"https:\/\/www.infokuryr.cz\/n\/wp-json\/wp\/v2\/comments?post=23311"}],"version-history":[{"count":0,"href":"https:\/\/www.infokuryr.cz\/n\/wp-json\/wp\/v2\/posts\/23311\/revisions"}],"wp:featuredmedia":[{"embeddable":true,"href":"https:\/\/www.infokuryr.cz\/n\/wp-json\/wp\/v2\/media\/13908"}],"wp:attachment":[{"href":"https:\/\/www.infokuryr.cz\/n\/wp-json\/wp\/v2\/media?parent=23311"}],"wp:term":[{"taxonomy":"category","embeddable":true,"href":"https:\/\/www.infokuryr.cz\/n\/wp-json\/wp\/v2\/categories?post=23311"},{"taxonomy":"post_tag","embeddable":true,"href":"https:\/\/www.infokuryr.cz\/n\/wp-json\/wp\/v2\/tags?post=23311"}],"curies":[{"name":"wp","href":"https:\/\/api.w.org\/{rel}","templated":true}]}}