{"id":23309,"date":"2023-02-22T01:00:48","date_gmt":"2023-02-22T00:00:48","guid":{"rendered":"http:\/\/www.infokuryr.cz\/n\/?p=23309"},"modified":"2023-02-21T14:47:15","modified_gmt":"2023-02-21T13:47:15","slug":"nedostatek-vody-je-indicko-pakistanska-valka-nevyhnutelna","status":"publish","type":"post","link":"https:\/\/www.infokuryr.cz\/n\/2023\/02\/22\/nedostatek-vody-je-indicko-pakistanska-valka-nevyhnutelna\/","title":{"rendered":"Nedostatek vody: Je indicko-p\u00e1kist\u00e1nsk\u00e1 v\u00e1lka nevyhnuteln\u00e1?"},"content":{"rendered":"<div id=\"fb-root\"><\/div>\n<p><strong><span>Indie i P\u00e1kist\u00e1n trp\u00ed nedostatkem pitn\u00e9 a pr\u016fmyslov\u00e9 vody.\u00a0N\u011bco do toho m\u00e1 i konflikt v Ka\u0161m\u00edru.\u00a0Ostatn\u011b tento region je nezbytn\u00fd pro z\u00e1sobov\u00e1n\u00ed vodou obou zem\u00ed.\u00a0Spor o vodn\u00ed zdroje by mohl eskalovat.<\/span><\/strong><\/p>\n<p><span>Ka\u0161m\u00edrsk\u00fd konflikt mezi Indi\u00ed a P\u00e1kist\u00e1nem je obecn\u011b pova\u017eov\u00e1n za \u00fazemn\u00ed konflikt s etnicko-n\u00e1bo\u017eenskou hlavn\u00ed slo\u017ekou.\u00a0Ve skute\u010dnosti v\u0161ak jde v tomto konfliktu obou jadern\u00fdch velmoc\u00ed p\u0159edev\u0161\u00edm o zabezpe\u010den\u00ed dod\u00e1vek pitn\u00e9 a pr\u016fmyslov\u00e9 vody.\u00a0Koneckonc\u016f, kdo ovl\u00e1d\u00e1 Ka\u0161m\u00edr, ovl\u00e1d\u00e1 tak\u00e9 t\u0159i velk\u00e9 \u0159eky Indus, Chenab a Jhelum, kter\u00e9 maj\u00ed zvl\u00e1\u0161tn\u00ed v\u00fdznam pro \u00farodnou oblast Pa\u0148d\u017e\u00e1bu v P\u00e1kist\u00e1nu.\u00a0A tak\u00e9 dal\u0161\u00ed hlavn\u00ed p\u0159\u00edtoky Indus Ravi, Sutlej a Beas poch\u00e1zej\u00ed z Indie (ze st\u00e1tu Himachal).<\/span><\/p>\n<p><span>Abychom to uvedli na pravou m\u00edru,\u00a0<\/span><a href=\"https:\/\/www.nbr.org\/publication\/what-kashmirs-looming-water-crisis-means-for-india-pakistan-relations\/\" target=\"_blank\" rel=\"noreferrer noopener\"><span>t\u00e9m\u011b\u0159 dv\u011b t\u0159etiny vody<\/span><\/a><span>\u00a0v P\u00e1kist\u00e1nu p\u0159ich\u00e1zej\u00ed do zem\u011b p\u0159es \u0159eku Indus.\u00a0Povod\u00ed Indus je tak\u00e9 nejv\u011bt\u0161\u00ed zavla\u017eovac\u00ed syst\u00e9m na sv\u011bt\u011b, celkem 21,2 milion\u016f hektar\u016f.\u00a0Z\u00e1rove\u0148 je P\u00e1kist\u00e1n s m\u00e9n\u011b ne\u017e 1000 kub\u00edky vody na osobu a rok pova\u017eov\u00e1n za \u201eextr\u00e9mn\u011b stresovan\u00fd\u201c z hlediska vodn\u00ed bezpe\u010dnosti.\u00a0Ale Indie je tak\u00e9 \u201evysoce stresovan\u00e1\u201c s m\u00e9n\u011b ne\u017e 1700 kubick\u00fdmi metry vody na osobu a rok.\u00a0S D\u017eamm\u00fa a Ka\u0161m\u00edrem ale Nov\u00e9 Dill\u00ed ovl\u00e1d\u00e1 povod\u00ed nejd\u016fle\u017eit\u011bj\u0161\u00edch p\u00e1kist\u00e1nsk\u00fdch \u0159ek a t\u00edm i z\u00e1sobov\u00e1n\u00ed sousedn\u00ed zem\u011b.<\/span><\/p>\n<p><span>Ob\u011b zem\u011b vybudovaly pod\u00e9l \u0159ek syst\u00e9m vodn\u00edch p\u0159ehrad (pro v\u00fdrobu elekt\u0159iny a zavla\u017eov\u00e1n\u00ed zem\u011bd\u011blsk\u00e9 p\u016fdy).\u00a0<\/span><a href=\"https:\/\/www.aljazeera.com\/news\/2011\/8\/1\/kashmir-and-the-politics-of-water\" target=\"_blank\" rel=\"noreferrer noopener\"><span>V Pa\u0148d\u017e\u00e1bu, kter\u00fd byl rozd\u011blen mezi ob\u011b zem\u011b, Britov\u00e9 z\u0159\u00eddili<\/span><\/a><span>\u00a0komplexn\u00ed zavla\u017eovac\u00ed syst\u00e9m\u00a0, kter\u00fd m\u011bl b\u00fdt spravov\u00e1n spole\u010dn\u011b pot\u00e9, co byla b\u00fdval\u00e1 britsk\u00e1 kolonie rozd\u011blena na dva nez\u00e1visl\u00e9 st\u00e1ty Indii a P\u00e1kist\u00e1n v roce 1947.\u00a0Po roce, v dubnu 1948, v\u0161ak indick\u00e1 strana p\u0159eru\u0161ila tok vody do P\u00e1kist\u00e1nu.\u00a0To vedlo \u2013 spolu s p\u016fvodn\u011b etnicko-n\u00e1bo\u017eensk\u00fdm konfliktem v Ka\u0161m\u00edru \u2013 k vojensk\u00e9mu konfliktu mezi ob\u011bma zem\u011bmi.<\/span><\/p>\n<p><span>Pokud nyn\u00ed uv\u00e1\u017e\u00edte, \u017ee ob\u011b zem\u011b vykazuj\u00ed trvale vysok\u00fd popula\u010dn\u00ed r\u016fst a odpov\u00eddaj\u00edc\u00ed pot\u0159eba \u010dist\u00e9 vody roste, je jasn\u00e9, \u017ee se schyluje k obrovsk\u00e9mu konfliktu.\u00a0Indie bude odv\u00e1d\u011bt st\u00e1le v\u00edce vody z \u0159ek, co\u017e pravd\u011bpodobn\u011b vyvine masivn\u00ed tlak na p\u0159ev\u00e1\u017en\u011b such\u00fd \u010di polosuch\u00fd P\u00e1kist\u00e1n a jeho zem\u011bd\u011blstv\u00ed.\u00a0Pro P\u00e1kist\u00e1nce by to znamenalo bu\u010f utrpen\u00ed, nebo veden\u00ed v\u00e1lky proti Indii, kter\u00e1 je rovn\u011b\u017e vyzbrojena jadern\u00fdmi zbran\u011bmi.\u00a0Isl\u00e1m\u00e1b\u00e1d je proto v extr\u00e9mn\u011b nejist\u00e9 pozici, ve kter\u00e9 m\u016f\u017ee jen prohr\u00e1t.\u00a0Indie dr\u017e\u00ed prakticky v\u0161echny karty a P\u00e1kist\u00e1n si prost\u011b nem\u016f\u017ee dovolit upustit od sv\u00fdch n\u00e1rok\u016f na oblast Ka\u0161m\u00edru.<\/span><\/p>\n<p><span>D\u0159\u00edve nebo pozd\u011bji bude P\u00e1kist\u00e1n nucen v\u00e9st v\u00e1lku o p\u0159e\u017eit\u00ed vlastn\u00edho lidu.\u00a0Ale takov\u00e1 v\u00e1lka by \u2013 zejm\u00e9na v p\u0159\u00edpad\u011b jadern\u00e9 eskalace \u2013 ohrozila \u017eivoty asi dvou miliard lid\u00ed v cel\u00e9m regionu.\u00a0Tento konflikt je z\u00e1rove\u0148 varov\u00e1n\u00edm, jak spory o vodn\u00ed zdroje p\u0159inesou v budoucnu mnoho dal\u0161\u00edch v\u00e1lek a vojensk\u00fdch konflikt\u016f.<\/span><\/p>\n<p><a href=\"https:\/\/report24.news\/wassermangel-ist-ein-krieg-zwischen-indien-und-pakistan-unausweichlich\/\">Report24<\/a><\/p>\n<p>&nbsp;<\/p>\n<p><img decoding=\"async\" loading=\"lazy\" class=\"wp-image-19187 aligncenter\" src=\"http:\/\/www.infokuryr.cz\/n\/wp-content\/uploads\/2022\/12\/1-PRO-300x36.jpg\" alt=\"\" width=\"1142\" height=\"137\" srcset=\"https:\/\/www.infokuryr.cz\/n\/wp-content\/uploads\/2022\/12\/1-PRO-300x36.jpg 300w, https:\/\/www.infokuryr.cz\/n\/wp-content\/uploads\/2022\/12\/1-PRO.jpg 699w\" sizes=\"(max-width: 1142px) 100vw, 1142px\" \/><\/p>\n<p>&nbsp;<\/p>\n<p>&nbsp;<\/p>\n","protected":false},"excerpt":{"rendered":"<p>Indie i P\u00e1kist\u00e1n trp\u00ed nedostatkem pitn\u00e9 a pr\u016fmyslov\u00e9 vody.\u00a0N\u011bco do toho m\u00e1 i konflikt v&#8230;<\/p>\n","protected":false},"author":2,"featured_media":23310,"comment_status":"closed","ping_status":"closed","sticky":false,"template":"","format":"standard","meta":[],"categories":[7],"tags":[79,129,40,1106],"_links":{"self":[{"href":"https:\/\/www.infokuryr.cz\/n\/wp-json\/wp\/v2\/posts\/23309"}],"collection":[{"href":"https:\/\/www.infokuryr.cz\/n\/wp-json\/wp\/v2\/posts"}],"about":[{"href":"https:\/\/www.infokuryr.cz\/n\/wp-json\/wp\/v2\/types\/post"}],"author":[{"embeddable":true,"href":"https:\/\/www.infokuryr.cz\/n\/wp-json\/wp\/v2\/users\/2"}],"replies":[{"embeddable":true,"href":"https:\/\/www.infokuryr.cz\/n\/wp-json\/wp\/v2\/comments?post=23309"}],"version-history":[{"count":0,"href":"https:\/\/www.infokuryr.cz\/n\/wp-json\/wp\/v2\/posts\/23309\/revisions"}],"wp:featuredmedia":[{"embeddable":true,"href":"https:\/\/www.infokuryr.cz\/n\/wp-json\/wp\/v2\/media\/23310"}],"wp:attachment":[{"href":"https:\/\/www.infokuryr.cz\/n\/wp-json\/wp\/v2\/media?parent=23309"}],"wp:term":[{"taxonomy":"category","embeddable":true,"href":"https:\/\/www.infokuryr.cz\/n\/wp-json\/wp\/v2\/categories?post=23309"},{"taxonomy":"post_tag","embeddable":true,"href":"https:\/\/www.infokuryr.cz\/n\/wp-json\/wp\/v2\/tags?post=23309"}],"curies":[{"name":"wp","href":"https:\/\/api.w.org\/{rel}","templated":true}]}}