{"id":23306,"date":"2023-02-21T12:35:12","date_gmt":"2023-02-21T11:35:12","guid":{"rendered":"http:\/\/www.infokuryr.cz\/n\/?p=23306"},"modified":"2023-02-21T12:35:12","modified_gmt":"2023-02-21T11:35:12","slug":"indicke-urady-zabavily-majetek-obcanu-kteri-emigrovali-do-ciny-a-pakistanu","status":"publish","type":"post","link":"https:\/\/www.infokuryr.cz\/n\/2023\/02\/21\/indicke-urady-zabavily-majetek-obcanu-kteri-emigrovali-do-ciny-a-pakistanu\/","title":{"rendered":"Indick\u00e9 \u00fa\u0159ady zabavily majetek ob\u010dan\u016f, kte\u0159\u00ed emigrovali do \u010c\u00edny a P\u00e1kist\u00e1nu"},"content":{"rendered":"<div id=\"fb-root\"><\/div>\n<p class=\"lead\"><span>B\u00fdval\u00ed indi\u010dt\u00ed ob\u010dan\u00e9, kte\u0159\u00ed emigrovali do \u010c\u00edny a P\u00e1kist\u00e1nu a p\u0159ijali ob\u010danstv\u00ed t\u011bchto zem\u00ed, p\u0159i\u0161li o sv\u016fj majetek v Indii.\u00a0Ozn\u00e1mil to 21. \u00fanora\u00a0 The Economic Times.<\/span><\/p>\n<p><span>Podle publikace z prodeje tohoto majetku indick\u00e1 vl\u00e1da v letech 2018\u20132022 z\u00edskala 34 miliard rupi\u00ed (410,7 milionu dolar\u016f).\u00a0Pen\u00edze jsou p\u0159evedeny na st\u00e1t.<\/span><\/p>\n<p><span>Konfiskace a prodej se podle den\u00edku t\u00fdkaly mimo jin\u00e9 akci\u00ed a dal\u0161\u00edch cenn\u00fdch pap\u00edr\u016f, pod\u00edl\u016f emigrant\u016f ve 152 indick\u00fdch spole\u010dnostech a tak\u00e9 1,6 tuny zlata a p\u0159es 26 tun st\u0159\u00edbra, kter\u00e9 vlastnili ti, kte\u0159\u00ed opustili Indii v m\u00edstn\u00edch banky.\u00a0Nemovitosti t\u011bch, kte\u0159\u00ed emigrovali, je\u0161t\u011b nepodl\u00e9haly konfiskaci.<\/span><\/p>\n<p><span>Podle ministerstva vnitra v Indii z\u016fst\u00e1v\u00e1 12 611 nemovitost\u00ed, kter\u00e9 st\u00e1le vlastn\u00ed lid\u00e9, kte\u0159\u00ed ze zem\u011b ode\u0161li do \u010c\u00edny a P\u00e1kist\u00e1nu a vzali jim ob\u010danstv\u00ed.\u00a0Mezi vlastn\u00edky takov\u00fdch nemovitost\u00ed je 12 485 naturalizovan\u00fdch v P\u00e1kist\u00e1nu a 125 v \u010c\u00edn\u011b.<\/span><\/p>\n<p><span>Konfiskace jejich majetku byla provedena na z\u00e1klad\u011b z\u00e1kona o majetku indick\u00fdch nep\u0159\u00e1tel.\u00a0Jeho n\u00e1zev jasn\u011b vypov\u00edd\u00e1 o postoji indick\u00fdch \u00fa\u0159ad\u016f ke sv\u00fdm b\u00fdval\u00fdm ob\u010dan\u016fm.\u00a0Podle z\u00e1kona se \u201enep\u0159\u00e1telsk\u00fdm majetkem rozum\u00ed jak\u00fdkoli majetek vlastn\u011bn\u00fd, dr\u017een\u00fd nebo spravovan\u00fd jm\u00e9nem nep\u0159\u00edtele, nep\u0159\u00e1telsk\u00e9 entity nebo nep\u0159\u00e1telsk\u00e9 firmy\u201c.<\/span><\/p>\n<p><span>Feder\u00e1ln\u00ed vl\u00e1da po\u017e\u00e1dala spr\u00e1vy indick\u00fdch st\u00e1t\u016f a odborov\u00fdch \u00fazem\u00ed o podrobn\u00e9 \u00fadaje o majetku takov\u00fdch emigrant\u016f.\u00a0Indie m\u00e1 informa\u010dn\u00ed syst\u00e9m, kter\u00fd koordinuje akce pro efektivn\u00ed spr\u00e1vu, zachov\u00e1n\u00ed a rychlou likvidaci \u201enep\u0159\u00e1telsk\u00fdch\u201c nemovitost\u00ed.\u00a0Jej\u00edmi vlastn\u00edky jsou v podstat\u011b obyvatel\u00e9, kte\u0159\u00ed po ozbrojen\u00e9m konfliktu mezi Indi\u00ed a \u010c\u00ednou v roce 1962 a v\u00e1lce s P\u00e1kist\u00e1nem v roce 1965 ode\u0161li do t\u011bchto zem\u00ed a stali se jejich ob\u010dany.<\/span><\/p>\n<p><img decoding=\"async\" loading=\"lazy\" class=\"alignnone size-full wp-image-1185\" src=\"http:\/\/www.infokuryr.cz\/n\/wp-content\/uploads\/2021\/04\/kuryr-podpis.png\" alt=\"\" width=\"84\" height=\"24\" \/><\/p>\n<p>&nbsp;<\/p>\n<p><img decoding=\"async\" loading=\"lazy\" class=\"wp-image-19187 aligncenter\" src=\"http:\/\/www.infokuryr.cz\/n\/wp-content\/uploads\/2022\/12\/1-PRO-300x36.jpg\" alt=\"\" width=\"1125\" height=\"135\" srcset=\"https:\/\/www.infokuryr.cz\/n\/wp-content\/uploads\/2022\/12\/1-PRO-300x36.jpg 300w, https:\/\/www.infokuryr.cz\/n\/wp-content\/uploads\/2022\/12\/1-PRO.jpg 699w\" sizes=\"(max-width: 1125px) 100vw, 1125px\" \/><\/p>\n<p>&nbsp;<\/p>\n","protected":false},"excerpt":{"rendered":"<p>B\u00fdval\u00ed indi\u010dt\u00ed ob\u010dan\u00e9, kte\u0159\u00ed emigrovali do \u010c\u00edny a P\u00e1kist\u00e1nu a p\u0159ijali ob\u010danstv\u00ed t\u011bchto zem\u00ed, p\u0159i\u0161li&#8230;<\/p>\n","protected":false},"author":2,"featured_media":23307,"comment_status":"closed","ping_status":"closed","sticky":false,"template":"","format":"standard","meta":[],"categories":[7],"tags":[119,79,3729,327,1975],"_links":{"self":[{"href":"https:\/\/www.infokuryr.cz\/n\/wp-json\/wp\/v2\/posts\/23306"}],"collection":[{"href":"https:\/\/www.infokuryr.cz\/n\/wp-json\/wp\/v2\/posts"}],"about":[{"href":"https:\/\/www.infokuryr.cz\/n\/wp-json\/wp\/v2\/types\/post"}],"author":[{"embeddable":true,"href":"https:\/\/www.infokuryr.cz\/n\/wp-json\/wp\/v2\/users\/2"}],"replies":[{"embeddable":true,"href":"https:\/\/www.infokuryr.cz\/n\/wp-json\/wp\/v2\/comments?post=23306"}],"version-history":[{"count":0,"href":"https:\/\/www.infokuryr.cz\/n\/wp-json\/wp\/v2\/posts\/23306\/revisions"}],"wp:featuredmedia":[{"embeddable":true,"href":"https:\/\/www.infokuryr.cz\/n\/wp-json\/wp\/v2\/media\/23307"}],"wp:attachment":[{"href":"https:\/\/www.infokuryr.cz\/n\/wp-json\/wp\/v2\/media?parent=23306"}],"wp:term":[{"taxonomy":"category","embeddable":true,"href":"https:\/\/www.infokuryr.cz\/n\/wp-json\/wp\/v2\/categories?post=23306"},{"taxonomy":"post_tag","embeddable":true,"href":"https:\/\/www.infokuryr.cz\/n\/wp-json\/wp\/v2\/tags?post=23306"}],"curies":[{"name":"wp","href":"https:\/\/api.w.org\/{rel}","templated":true}]}}