{"id":23304,"date":"2023-02-21T12:27:50","date_gmt":"2023-02-21T11:27:50","guid":{"rendered":"http:\/\/www.infokuryr.cz\/n\/?p=23304"},"modified":"2023-02-21T12:27:50","modified_gmt":"2023-02-21T11:27:50","slug":"putin-rusko-udelalo-vse-pro-to-aby-problemy-donbasu-vyresilo-mirovymi-prostredky","status":"publish","type":"post","link":"https:\/\/www.infokuryr.cz\/n\/2023\/02\/21\/putin-rusko-udelalo-vse-pro-to-aby-problemy-donbasu-vyresilo-mirovymi-prostredky\/","title":{"rendered":"Putin: Rusko ud\u011blalo v\u0161e pro to, aby probl\u00e9my Donbasu vy\u0159e\u0161ilo m\u00edrov\u00fdmi prost\u0159edky"},"content":{"rendered":"<div id=\"fb-root\"><\/div>\n<p><strong>Rusk\u00fd prezident Vladimir Putin pronesl poselstv\u00ed k Feder\u00e1ln\u00edmu shrom\u00e1\u017ed\u011bn\u00ed. P\u0159in\u00e1\u0161\u00edm dne\u0161n\u00ed poselstv\u00ed v dob\u011b nevratn\u00fdch zm\u011bn po cel\u00e9m sv\u011bt\u011b, nejd\u016fle\u017eit\u011bj\u0161\u00edch historick\u00fdch ud\u00e1lost\u00ed, kter\u00e9 ur\u010duj\u00ed budoucnost lid\u00ed, poznamenal na za\u010d\u00e1tek.<\/strong><\/p>\n<p>Putin o speci\u00e1ln\u00ed operaci: Krok za krokem budeme pe\u010dliv\u011b a d\u016fsledn\u011b plnit stanoven\u00e9 c\u00edle. Z\u00e1padn\u00ed v\u016fdci hr\u00e1li o \u010das a zapojili se do \u201ebyrokracie\u201c. Za na\u0161imi z\u00e1dy se p\u0159ipravoval \u00fapln\u011b jin\u00fd sc\u00e9n\u00e1\u0159.<\/p>\n<p>\u201eRusko ud\u011blalo v\u0161e pro to, aby probl\u00e9my Donbasu vy\u0159e\u0161ilo m\u00edrov\u00fdmi prost\u0159edky,\u201c \u0159ekl Putin.<\/p>\n<p><span style=\"font-size: 24pt;\"><strong>Dal\u0161\u00ed hlavn\u00ed cit\u00e1ty rusk\u00e9ho prezidenta:<\/strong><\/span><\/p>\n<p><span style=\"font-size: 18pt;\"><strong>V\u00e1lku za\u010dal Z\u00e1pad, Rusko se ji sna\u017e\u00ed zastavit<\/strong><\/span><\/p>\n<p>\u201eZ\u00e1padn\u00ed zem\u011b vycvi\u010dily d\u016fstojn\u00edky ukrajinsk\u00fdch nacionalistick\u00fdch prapor\u016f a dodaly zbran\u011b, Kyjev p\u0159ed speci\u00e1ln\u00ed operac\u00ed jednal se Z\u00e1padem o dod\u00e1vk\u00e1ch zbran\u00ed.\u201c<\/p>\n<p>\u201eKyjev p\u0159itom ne\u0159e\u0161il probl\u00e9my Donbasu, ale prost\u011b hr\u00e1l o \u010das, p\u00e1chal politick\u00e9 vra\u017edy a vysm\u00edval se v\u011b\u0159\u00edc\u00edm, \u0159ekl prezident. M\u00edsto toho, aby Z\u00e1pad \u0159e\u0161il probl\u00e9my Donbasu, hr\u00e1l si se \u017eivoty lid\u00ed s ozna\u010den\u00fdmi kartami.\u201c<\/p>\n<p>\u201eM\u00edsto toho, aby Z\u00e1pad \u0159e\u0161il probl\u00e9my Donbasu, hr\u00e1l si se \u017eivoty lid\u00ed s ozna\u010den\u00fdmi kartami.\u201c<\/p>\n<p>\u201e\u017d\u00e1dn\u00e1 zem\u011b na sv\u011bt\u011b nem\u00e1 v zahrani\u010d\u00ed tolik vojensk\u00fdch z\u00e1kladen jako Spojen\u00e9 st\u00e1ty \u2013 jsou jich stovky, cel\u00e1 planeta je jimi poseta, \u0159ekl Putin.<\/p>\n<p>Z\u00e1pad se rozhodl \u201eschovat pod de\u0161tn\u00edk\u201c p\u0159ed Ruskem, \u201ecel\u00e1 planeta je poseta\u201c americk\u00fdmi vojensk\u00fdmi z\u00e1kladnami.\u201c<\/p>\n<p><span style=\"font-size: 18pt;\"><strong>Obyvatel\u00e9 Ukrajiny se stali rukojm\u00edm z\u00e1padn\u00edch p\u00e1n\u016f<\/strong><\/span><\/p>\n<p>\u201eRusko bylo otev\u0159en\u00e9 konstruktivn\u00edmu dialogu se Z\u00e1padem a mnoho let nab\u00edzelo pr\u00e1ci na spole\u010dn\u00e9m bezpe\u010dnostn\u00edm syst\u00e9mu.\u201c<\/p>\n<p>\u201eZ\u00e1pad p\u0159itom p\u0159ipravoval zotro\u010denou Ukrajinu na velkou v\u00e1lku a dnes to p\u0159izn\u00e1vaj\u00ed.\u201c<\/p>\n<p>\u201eByl to Z\u00e1pad, kdo za\u010dal v\u00e1lku, a my pou\u017e\u00edv\u00e1me s\u00edlu, abychom ji zastavili. Chr\u00e1n\u00edme sv\u016fj domov a \u017eivoty lid\u00ed a c\u00edlem Z\u00e1padu je neomezen\u00e1 moc.\u201c<\/p>\n<p>\u201eZ\u00e1pad u\u017e utratil 150 miliard dolar\u016f na vojenskou pomoc Ukrajin\u011b, tok pen\u011bz se nesni\u017euje.\u201c<\/p>\n<p>\u201eZ\u00e1pad ve 30. letech 20. stolet\u00ed otev\u0159el cestu k moci nacist\u016fm v N\u011bmecku a v na\u0161\u00ed dob\u011b d\u011bl\u00e1 z Ukrajiny \u201eproti Rusko\u201c.\u201c<\/p>\n<p>\u201eNeonacist\u00e9 se netaj\u00ed, za \u010d\u00ed d\u011bdice se pova\u017euj\u00ed, je s podivem, \u017ee si toho na Z\u00e1pad\u011b nikdo nev\u0161\u00edm\u00e1, proto\u017ee je jim jedno, na koho vsadit ve v\u00e1lce proti Rusku.\u201c<\/p>\n<p>\u201eNejsme ve v\u00e1lce s obyvateli Ukrajiny, stali se rukojm\u00edm kyjevsk\u00e9ho re\u017eimu a z\u00e1padn\u00edch p\u00e1n\u016f, kte\u0159\u00ed tuto zemi okupovali.\u201c<\/p>\n<p><span style=\"font-size: 18pt;\"><strong>Rusko bude chr\u00e1nit sv\u00e9 z\u00e1jmy a hodnoty<\/strong><\/span><\/p>\n<p>\u201e\u010c\u00edm v\u00edce syst\u00e9m\u016f dlouh\u00e9ho dosahu na Ukrajinu doraz\u00ed, t\u00edm d\u00e1le budeme muset odsunout hrozbu od na\u0161ich hranic.\u201c<\/p>\n<p>\u201eJe nemo\u017en\u00e9 porazit Rusko na bitevn\u00edm poli.\u201c<\/p>\n<p>\u201ePod\u00edvejte se, co d\u011blaj\u00ed na Z\u00e1pad\u011b, pedofilie se st\u00e1v\u00e1 normou, kn\u011b\u017e\u00ed schvaluj\u00ed s\u0148atky osob stejn\u00e9ho pohlav\u00ed. Mus\u00edme chr\u00e1nit na\u0161e d\u011bti p\u0159ed degradac\u00ed a degenerac\u00ed a my to ud\u011bl\u00e1me,\u201c dodal rusk\u00fd prezident.<\/p>\n<p>\u201eKdokoli se vydal na cestu zrady Ruska, bude pohn\u00e1n k odpov\u011bdnosti podle z\u00e1kona, ale Moskva nikdy nebude jako kyjevsk\u00fd re\u017eim a nebude se \u00fa\u010dastnit \u201ehonu na \u010darod\u011bjnice\u201c.\u201c<\/p>\n<p><span style=\"font-size: 18pt;\"><strong>Vlastenectv\u00ed rusk\u00e9ho n\u00e1roda<\/strong><\/span><\/p>\n<p>\u201eV\u0161ichni jsme hrd\u00ed na to, \u017ee n\u00e1\u0161 mnohon\u00e1rodn\u00ed n\u00e1rod zaujal ve vztahu ke speci\u00e1ln\u00ed operaci principi\u00e1ln\u00ed postoj, tato podpora uk\u00e1zala skute\u010dn\u00e9 vlastenectv\u00ed.\u201c<\/p>\n<p>\u201eZvl\u00e1\u0161tn\u00ed slova obyvatel\u016fm DLR, LLR, Z\u00e1poro\u017e\u00ed a Chersonsk\u00e9 oblasti. Sami jste v referendech ur\u010dili svou budoucnost, rozhodli se navzdory teroru a hrozb\u00e1m ze strany nacist\u016f.\u201c<\/p>\n<p>Rusk\u00fd prezident tak\u00e9 pod\u011bkoval v\u0161em rusk\u00fdm bojovn\u00edk\u016fm, voj\u00e1k\u016fm i ostatn\u00edm, za jejich hrdinstv\u00ed, a po\u017e\u00e1dal o odpu\u0161t\u011bn\u00ed, \u017ee nemohl uv\u00e9st v\u0161echny jednotky.<\/p>\n<p><span style=\"font-size: 18pt;\"><strong>Z\u00e1kladn\u00ed c\u00edle v oblasti vojensk\u00e9ho a ekonomick\u00e9ho rozvoje<\/strong><\/span><\/p>\n<p>\u201e\u00darove\u0148 vybaven\u00ed jadern\u00fdch odstra\u0161ovac\u00edch sil Rusk\u00e9 federace je v\u00edce ne\u017e 91 %, ale tato \u00farove\u0148 mus\u00ed b\u00fdt v cel\u00e9 arm\u00e1d\u011b.\u201c<\/p>\n<p>\u201eM\u00e1me nejnov\u011bj\u0161\u00ed zbran\u011b, ale nyn\u00ed je na\u0161\u00edm \u00fakolem zah\u00e1jit s\u00e9riovou v\u00fdrobu nejnov\u011bj\u0161\u00edch model\u016f. Tato pr\u00e1ce prob\u00edh\u00e1, jej\u00ed tempo se zvy\u0161uje.\u201c<\/p>\n<p>\u201eZ\u00e1pad proti n\u00e1m zah\u00e1jil ekonomickou frontu, ale nikde ni\u010deho nedos\u00e1hl a ani nedos\u00e1hne.\u201c<\/p>\n<p>\u201eC\u00edlem Z\u00e1padu je nechat Rusy trp\u011bt, to jsou ti \u201ehumanist\u00e9&#8220;, dodal Putin.<\/p>\n<p>Inici\u00e1to\u0159i sankc\u00ed proti Rusku se trestaj\u00ed, vyvolali ve sv\u00fdch zem\u00edch zdra\u017een\u00ed a pr\u00fd za to mohou Rusov\u00e9.\u201c<\/p>\n<p>\u201eHDP v roce 2022 klesl o 2,1 %, to jsou nejnov\u011bj\u0161\u00ed \u00fadaje, a\u010dkoliv v b\u0159eznu 2022 n\u00e1m p\u0159edpov\u00eddali kolaps.\u201c<\/p>\n<p>\u201eM\u00e1me v\u0161e, abychom zajistili bezpe\u010dnost a zajistili sebev\u011bdom\u00fd rozvoj zem\u011b.\u201c<\/p>\n<p>\u201eNen\u00ed to Rusko, kdo redukuje v\u00fdpo\u010dty v dolarech, Z\u00e1pad d\u011bl\u00e1 v\u0161echno vlastn\u00edma rukama.\u201c<\/p>\n<p>Poznamenal, \u017ee pod\u00edl rublu na vypo\u0159\u00e1d\u00e1n\u00ed zahrani\u010dn\u00edho obchodu se ji\u017e zdvojn\u00e1sobil.<\/p>\n<p>Putin tak\u00e9 ujistil, \u017ee se nebudou opakovat takov\u00e9 chyby minulosti, jako jsou \u201ezbran\u011b m\u00edsto m\u00e1sla\u201c.<\/p>\n<p>\u201eObrana Ruska je nejd\u016fle\u017eit\u011bj\u0161\u00ed prioritou, ale jej\u00edm rozvojem nelze opakovat chyby minulosti a zni\u010dit svou ekonomiku.\u201c<\/p>\n<p>\u201eRu\u0161t\u00ed farm\u00e1\u0159i sklidili rekordn\u00ed \u00farodu, co\u017e je n\u00edzk\u00e1 poklona zem\u011bd\u011blsk\u00fdm v\u00fdrobc\u016fm. Rusk\u00e1 ekonomika p\u0159ekonala v\u0161echna rizika.\u201c<\/p>\n<p>\u201eRusko fakticky vstupuje do nov\u00e9ho cyklu ekonomick\u00e9ho rozvoje, jsou zde v\u0161echny p\u0159\u00edle\u017eitosti k pr\u016flomu v mnoha oblastech.\u201c<\/p>\n<p>\u201eRusko bude rozv\u00edjet p\u0159\u00edstavy \u010cern\u00e9ho a Azovsk\u00e9ho mo\u0159e, \u0159ekl Putin s t\u00edm, \u017ee je nutn\u00e9 vybudovat logistick\u00e9 koridory po cel\u00e9 zemi.\u201c<\/p>\n<p>\u201eRoz\u0161\u00ed\u0159\u00edme zahrani\u010dn\u00ed ekonomick\u00e9 vztahy a vybudujeme nov\u00e9 logistick\u00e9 koridory.\u201c<\/p>\n<p>\u201eInflace v Rusk\u00e9 federaci se do poloviny roku p\u0159ibl\u00ed\u017e\u00ed k c\u00edlov\u00e9 \u00farovni 4 %, v EU je inflace ji\u017e 12 %.\u201c<\/p>\n<p><span style=\"font-size: 18pt;\"><strong>V\u00fdzva k podnikatel\u016fm<\/strong><\/span><\/p>\n<p>\u201eJe na \u010dase pochopit, \u017ee pro Z\u00e1pad jsou bohat\u00ed Rusov\u00e9 druho\u0159ad\u00ed ciz\u00e1ci, se kter\u00fdmi si d\u011blaj\u00ed, co cht\u011bj\u00ed. A nepomohou \u017e\u00e1dn\u00e9 koupen\u00e9 tituly, jsou tam ob\u010dany druh\u00e9 kategorie, dodal rusk\u00fd prezident.\u201c<\/p>\n<p>\u201eObraz Z\u00e1padu jako bezpe\u010dn\u00e9ho p\u0159\u00edstavu se uk\u00e1zal b\u00fdt pouh\u00fdm duchem, fejkem. M\u00edsto vytv\u00e1\u0159en\u00ed technologi\u00ed a pracovn\u00edch m\u00edst v Rusku velk\u00fd byznys investoval do jachet.\u201c<\/p>\n<p>\u201eBudoucnost by m\u011bla b\u00fdt jen tady, v na\u0161em rodn\u00e9m Rusku, a pak vytvo\u0159\u00edme pevnou a sob\u011bsta\u010dnou ekonomiku.\u201c<\/p>\n<p>\u201eRusko se um\u00ed p\u0159\u00e1telit a dr\u017eet slovo, nikoho nezklame a v t\u011b\u017ek\u00e9 situaci v\u017edy podpo\u0159\u00ed, jak pomohlo z\u00e1padn\u00edm zem\u00edm b\u011bhem pandemie.\u201c<\/p>\n<p>Prezidentsk\u00e9 volby v roce 2024 prob\u011bhnou v p\u0159\u00edsn\u00e9m souladu se z\u00e1konem, v souladu se v\u0161emi demokratick\u00fdmi postupy, \u0159ekl Putin.<\/p>\n<p>__________________________________<br \/>\n<span style=\"font-size: 18pt;\"><em><strong>P\u0159ipravujeme podrobnosti<\/strong><\/em><\/span><\/p>\n<p><img decoding=\"async\" loading=\"lazy\" class=\"alignnone size-full wp-image-1185\" src=\"http:\/\/www.infokuryr.cz\/n\/wp-content\/uploads\/2021\/04\/kuryr-podpis.png\" alt=\"\" width=\"84\" height=\"24\" \/><\/p>\n<p>&nbsp;<\/p>\n<p><img decoding=\"async\" loading=\"lazy\" class=\"wp-image-19187 aligncenter\" src=\"http:\/\/www.infokuryr.cz\/n\/wp-content\/uploads\/2022\/12\/1-PRO-300x36.jpg\" alt=\"\" width=\"1117\" height=\"134\" srcset=\"https:\/\/www.infokuryr.cz\/n\/wp-content\/uploads\/2022\/12\/1-PRO-300x36.jpg 300w, https:\/\/www.infokuryr.cz\/n\/wp-content\/uploads\/2022\/12\/1-PRO.jpg 699w\" sizes=\"(max-width: 1117px) 100vw, 1117px\" \/><\/p>\n<p>&nbsp;<\/p>\n<p>&nbsp;<\/p>\n","protected":false},"excerpt":{"rendered":"<p>Rusk\u00fd prezident Vladimir Putin pronesl poselstv\u00ed k Feder\u00e1ln\u00edmu shrom\u00e1\u017ed\u011bn\u00ed. P\u0159in\u00e1\u0161\u00edm dne\u0161n\u00ed poselstv\u00ed v dob\u011b nevratn\u00fdch&#8230;<\/p>\n","protected":false},"author":2,"featured_media":23305,"comment_status":"closed","ping_status":"closed","sticky":false,"template":"","format":"standard","meta":[],"categories":[7],"tags":[710,102,22],"_links":{"self":[{"href":"https:\/\/www.infokuryr.cz\/n\/wp-json\/wp\/v2\/posts\/23304"}],"collection":[{"href":"https:\/\/www.infokuryr.cz\/n\/wp-json\/wp\/v2\/posts"}],"about":[{"href":"https:\/\/www.infokuryr.cz\/n\/wp-json\/wp\/v2\/types\/post"}],"author":[{"embeddable":true,"href":"https:\/\/www.infokuryr.cz\/n\/wp-json\/wp\/v2\/users\/2"}],"replies":[{"embeddable":true,"href":"https:\/\/www.infokuryr.cz\/n\/wp-json\/wp\/v2\/comments?post=23304"}],"version-history":[{"count":0,"href":"https:\/\/www.infokuryr.cz\/n\/wp-json\/wp\/v2\/posts\/23304\/revisions"}],"wp:featuredmedia":[{"embeddable":true,"href":"https:\/\/www.infokuryr.cz\/n\/wp-json\/wp\/v2\/media\/23305"}],"wp:attachment":[{"href":"https:\/\/www.infokuryr.cz\/n\/wp-json\/wp\/v2\/media?parent=23304"}],"wp:term":[{"taxonomy":"category","embeddable":true,"href":"https:\/\/www.infokuryr.cz\/n\/wp-json\/wp\/v2\/categories?post=23304"},{"taxonomy":"post_tag","embeddable":true,"href":"https:\/\/www.infokuryr.cz\/n\/wp-json\/wp\/v2\/tags?post=23304"}],"curies":[{"name":"wp","href":"https:\/\/api.w.org\/{rel}","templated":true}]}}