{"id":23303,"date":"2023-02-21T12:23:14","date_gmt":"2023-02-21T11:23:14","guid":{"rendered":"http:\/\/www.infokuryr.cz\/n\/?p=23303"},"modified":"2023-02-21T12:23:14","modified_gmt":"2023-02-21T11:23:14","slug":"polsko-uzavira-posledni-hranicni-prechod-s-beloruskem","status":"publish","type":"post","link":"https:\/\/www.infokuryr.cz\/n\/2023\/02\/21\/polsko-uzavira-posledni-hranicni-prechod-s-beloruskem\/","title":{"rendered":"Polsko uzav\u00edr\u00e1 posledn\u00ed hrani\u010dn\u00ed p\u0159echod s B\u011bloruskem"},"content":{"rendered":"<div id=\"fb-root\"><\/div>\n<p><strong>Polsko dnes uzav\u0159e posledn\u00ed otev\u0159en\u00fd hrani\u010dn\u00ed p\u0159echod na hranici s B\u011bloruskem, p\u00ed\u0161e N-TV.\u00a0Polsk\u00e9 ministerstvo vnitra zd\u016fraznilo, \u017ee jde o reakci na restrikce, kter\u00e9 Minsk v\u016f\u010di polsk\u00fdm kamion\u016fm uvalil.<\/strong><\/p>\n<p>Polsko uzav\u00edr\u00e1 posledn\u00ed hrani\u010dn\u00ed p\u0159echod pro kamiony na sv\u00e9 hranici s B\u011bloruskem, uv\u00e1d\u00ed N-TV.\u00a0Polsk\u00e9 ministerstvo vnitra uvedlo, \u017ee p\u0159echod bude otev\u0159en pouze v p\u0159\u00edpad\u011b, \u017ee Minsk zru\u0161\u00ed omezen\u00ed pro polsk\u00e1 n\u00e1kladn\u00ed auta.<\/p>\n<p>Publikace p\u0159ipom\u00edn\u00e1, \u017ee pot\u00e9, co Polsko poprv\u00e9 uzav\u0159elo jeden z hrani\u010dn\u00edch p\u0159echod\u016f na polsko-b\u011blorusk\u00e9 hranici, B\u011blorusko naopak omezilo vjezd polsk\u00fdm kamion\u016fm.\u00a0Od t\u00e9 doby se na hrani\u010dn\u00edm p\u0159echodu Koroschin vytvo\u0159ila v\u00edce ne\u017e 40 km dlouh\u00e1 dopravn\u00ed z\u00e1cpa.<\/p>\n<p>Podle N-TV za\u010dal spor mezi Polskem a B\u011bloruskem 10. \u00fanora, kdy Var\u0161ava uzav\u0159ela hrani\u010dn\u00ed p\u0159echod Bobrovniki, \u201e\u00a0<em>aby zajistila bezpe\u010dnost sv\u00e9 zem\u011b\u201c.\u00a0<\/em>Publikace p\u00ed\u0161e, \u017ee nap\u011bt\u00ed mezi ob\u011bma zem\u011bmi nad\u00e1le roste.<\/p>\n<p><img decoding=\"async\" loading=\"lazy\" class=\"alignnone size-full wp-image-1185\" src=\"http:\/\/www.infokuryr.cz\/n\/wp-content\/uploads\/2021\/04\/kuryr-podpis.png\" alt=\"\" width=\"84\" height=\"24\" \/><\/p>\n<p>&nbsp;<\/p>\n<p><img decoding=\"async\" loading=\"lazy\" class=\"wp-image-19187 aligncenter\" src=\"http:\/\/www.infokuryr.cz\/n\/wp-content\/uploads\/2022\/12\/1-PRO-300x36.jpg\" alt=\"\" width=\"1108\" height=\"133\" srcset=\"https:\/\/www.infokuryr.cz\/n\/wp-content\/uploads\/2022\/12\/1-PRO-300x36.jpg 300w, https:\/\/www.infokuryr.cz\/n\/wp-content\/uploads\/2022\/12\/1-PRO.jpg 699w\" sizes=\"(max-width: 1108px) 100vw, 1108px\" \/><\/p>\n<p>&nbsp;<\/p>\n<p>&nbsp;<\/p>\n","protected":false},"excerpt":{"rendered":"<p>Polsko dnes uzav\u0159e posledn\u00ed otev\u0159en\u00fd hrani\u010dn\u00ed p\u0159echod na hranici s B\u011bloruskem, p\u00ed\u0161e N-TV.\u00a0Polsk\u00e9 ministerstvo vnitra&#8230;<\/p>\n","protected":false},"author":2,"featured_media":20792,"comment_status":"closed","ping_status":"closed","sticky":false,"template":"","format":"standard","meta":[],"categories":[7],"tags":[150,804,31],"_links":{"self":[{"href":"https:\/\/www.infokuryr.cz\/n\/wp-json\/wp\/v2\/posts\/23303"}],"collection":[{"href":"https:\/\/www.infokuryr.cz\/n\/wp-json\/wp\/v2\/posts"}],"about":[{"href":"https:\/\/www.infokuryr.cz\/n\/wp-json\/wp\/v2\/types\/post"}],"author":[{"embeddable":true,"href":"https:\/\/www.infokuryr.cz\/n\/wp-json\/wp\/v2\/users\/2"}],"replies":[{"embeddable":true,"href":"https:\/\/www.infokuryr.cz\/n\/wp-json\/wp\/v2\/comments?post=23303"}],"version-history":[{"count":0,"href":"https:\/\/www.infokuryr.cz\/n\/wp-json\/wp\/v2\/posts\/23303\/revisions"}],"wp:featuredmedia":[{"embeddable":true,"href":"https:\/\/www.infokuryr.cz\/n\/wp-json\/wp\/v2\/media\/20792"}],"wp:attachment":[{"href":"https:\/\/www.infokuryr.cz\/n\/wp-json\/wp\/v2\/media?parent=23303"}],"wp:term":[{"taxonomy":"category","embeddable":true,"href":"https:\/\/www.infokuryr.cz\/n\/wp-json\/wp\/v2\/categories?post=23303"},{"taxonomy":"post_tag","embeddable":true,"href":"https:\/\/www.infokuryr.cz\/n\/wp-json\/wp\/v2\/tags?post=23303"}],"curies":[{"name":"wp","href":"https:\/\/api.w.org\/{rel}","templated":true}]}}