{"id":23280,"date":"2023-02-21T06:38:01","date_gmt":"2023-02-21T05:38:01","guid":{"rendered":"http:\/\/www.infokuryr.cz\/n\/?p=23280"},"modified":"2023-02-21T06:38:01","modified_gmt":"2023-02-21T05:38:01","slug":"nemecko-je-v-soku-studie-pro-schvaleni-korona-vakcin-byly-zfalsovane-a-vakciny-nemely-byt-nikdy-povoleny-k-uzivani-budou-vinici-potrestani","status":"publish","type":"post","link":"https:\/\/www.infokuryr.cz\/n\/2023\/02\/21\/nemecko-je-v-soku-studie-pro-schvaleni-korona-vakcin-byly-zfalsovane-a-vakciny-nemely-byt-nikdy-povoleny-k-uzivani-budou-vinici-potrestani\/","title":{"rendered":"N\u011bmecko je v \u0161oku. Studie pro schv\u00e1len\u00ed korona vakc\u00edn byly zfal\u0161ovan\u00e9 a vakc\u00edny nem\u011bly b\u00fdt nikdy povoleny k u\u017e\u00edv\u00e1n\u00ed. Budou vin\u00edc\u00ed potrest\u00e1ni?"},"content":{"rendered":"<div id=\"fb-root\"><\/div>\n<p>N\u011bmecko je v \u0161oku. Podle n<strong>\u011bmeck\u00fdch ofici\u00e1ln\u00edch medi\u00ed vylezla na sv\u011btlo skute\u010dnost, \u017ee klinick\u00e9 testy experiment\u00e1ln\u00edch vakc\u00edn turecko-n\u011bmeck\u00e9 spole\u010dnosti BionTech a americk\u00e9ho v\u00fdrobce vakc\u00edn\u00a0<a href=\"https:\/\/www.welt.de\/politik\/deutschland\/plus243820767\/Corona-Impfstoff-Die-vielen-Ungereimtheiten-bei-der-Pfizer-Zulassungsstudie.html?source=puerto-reco-2_ABC-V20.A_control\">Pfizer byly hrub\u011b zfal\u0161ov\u00e1ny.\u00a0<\/a>Podle skute\u010dn\u00fdch v\u00fdsledk\u016f nem\u011bly vakc\u00edny b\u00fdt nikdy uvoln\u011bny k medic\u00ednsk\u00e9mu u\u017e\u00edv\u00e1n\u00ed.<\/strong>\u00a0Fal\u0161ov\u00e1n\u00ed bylo v ohromuj\u00edc\u00edm rozsahu. 1<strong>0% v\u0161ech osob bylo kv\u016fli v\u00e1\u017en\u00fdm vedlej\u0161\u00edm \u00fa\u010dink\u016fm testovan\u00fdch vakc\u00edn rovnou vy\u0159azeno ze statistiky, aby j\u00ed \u201enekazili\u201c. Byla z\u00e1m\u011brn\u011b fal\u0161ov\u00e1na \u010d\u00edsla o po\u010dtu \u00famrt\u00ed , po\u010dtech infarkt\u016f, v\u00e1\u017en\u00fdch z\u00e1pal\u016f plic atd, kter\u00e9 experiment\u00e1ln\u00ed vakc\u00edny vyvolaly u testovan\u00fdch jedinc\u016f. tak\u00e9 se nepoda\u0159ilo prok\u00e1zat<\/strong>,, \u017ee vakc\u00edny chr\u00e1n\u00ed p\u0159ed korona v\u00edrov\u00fdm onemocn\u011bn\u00edm. V ofici\u00e1ln\u00edm v\u00fdsledku studi\u00ed se ale nic takov\u00e9ho neobjevilo.<\/p>\n<p>Naopak of<strong>ici\u00e1ln\u00ed report velebil vakc\u00edny jako sp\u00e1su lidstka a tak do\u0161lo k jejich podm\u00edn\u011bn\u00e9mu schv\u00e1len\u00ed. Nao\u010dkov\u00e1ny byly stamiliony lid\u00ed, v\u00fdrobci vakc\u00edn Biontech a Pfizer vyd\u011blaly miliardy dolar\u016f a EUR. V\u00fdsledkem jsou dnes miliony lid\u00ed v\u00e1\u017en\u011b posti\u017een\u00e9 vedlej\u0161\u00edmi efekty podivn\u00fdch vakc\u00edn. Bude n\u011bkdo povol\u00e1n k odpov\u011bdnosti? V\u017edy\u0165 v\u00fdrobci, kontroln\u00ed org\u00e1ny a i politici museli o fal\u0161ov\u00e1n\u00ed test\u016f experiment\u00e1ln\u00edch vakc\u00edn v\u011bd\u011bt a \u00fa\u010dastnit se ho.<\/strong><\/p>\n<p>Tyhle v\u0161echny lumpy je nutn\u00e9 p\u0159\u00edsn\u011b potrestat.<\/p>\n<figure class=\"wp-block-image size-full\"><img decoding=\"async\" loading=\"lazy\" class=\"wp-image-11832\" src=\"https:\/\/ceskavec.com\/wp-content\/uploads\/2021\/11\/bourla-chan.jpg\" sizes=\"(max-width: 474px) 100vw, 474px\" srcset=\"https:\/\/ceskavec.com\/wp-content\/uploads\/2021\/11\/bourla-chan.jpg 474w, https:\/\/ceskavec.com\/wp-content\/uploads\/2021\/11\/bourla-chan-300x165.jpg 300w\" alt=\"\" width=\"474\" height=\"260\" \/><figcaption class=\"wp-element-caption\">\u0158editel v\u00fdrobce vakc\u00edn veterin\u00e1\u0159 A. Bourla spokojen\u011b zapaluje chanukov\u00fd sv\u00edcen. D\u00edky zfal\u0161ovan\u00fdm studi\u00edm vyd\u011blal on i jeho firma poh\u00e1dkov\u00e9 jm\u011bn\u00ed na experiment\u00e1ln\u00edch korona vakc\u00edn\u00e1ch, kter\u00e9 zp\u016fsobili milion\u016fm lid\u00ed v\u00e1\u017en\u00e9 zdravotn\u00ed pot\u00ed\u017ee. Bude n\u011bkdy povol\u00e1n k odpov\u011bdnosti?<\/p>\n<p><a href=\"https:\/\/ceskavec.com\/2023\/02\/nemecko-je-v-soku-studie-pro-schvaleni-korona-vakcin-byly-zfalsovane-a-vakciny-nemely-byt-nikdy-povoleny-k-uzivani-budou-vinici-potrestani\">\u010cesk\u00e1 v\u011bc<\/a><\/p>\n<p><img decoding=\"async\" loading=\"lazy\" class=\"wp-image-19187 aligncenter\" src=\"http:\/\/www.infokuryr.cz\/n\/wp-content\/uploads\/2022\/12\/1-PRO-300x36.jpg\" alt=\"\" width=\"1100\" height=\"132\" srcset=\"https:\/\/www.infokuryr.cz\/n\/wp-content\/uploads\/2022\/12\/1-PRO-300x36.jpg 300w, https:\/\/www.infokuryr.cz\/n\/wp-content\/uploads\/2022\/12\/1-PRO.jpg 699w\" sizes=\"(max-width: 1100px) 100vw, 1100px\" \/><\/p>\n<\/figcaption><\/figure>\n","protected":false},"excerpt":{"rendered":"<p>N\u011bmecko je v \u0161oku. Podle n\u011bmeck\u00fdch ofici\u00e1ln\u00edch medi\u00ed vylezla na sv\u011btlo skute\u010dnost, \u017ee klinick\u00e9 testy&#8230;<\/p>\n","protected":false},"author":2,"featured_media":5887,"comment_status":"closed","ping_status":"closed","sticky":false,"template":"","format":"standard","meta":[],"categories":[7],"tags":[2468,84,315,4463,651],"_links":{"self":[{"href":"https:\/\/www.infokuryr.cz\/n\/wp-json\/wp\/v2\/posts\/23280"}],"collection":[{"href":"https:\/\/www.infokuryr.cz\/n\/wp-json\/wp\/v2\/posts"}],"about":[{"href":"https:\/\/www.infokuryr.cz\/n\/wp-json\/wp\/v2\/types\/post"}],"author":[{"embeddable":true,"href":"https:\/\/www.infokuryr.cz\/n\/wp-json\/wp\/v2\/users\/2"}],"replies":[{"embeddable":true,"href":"https:\/\/www.infokuryr.cz\/n\/wp-json\/wp\/v2\/comments?post=23280"}],"version-history":[{"count":0,"href":"https:\/\/www.infokuryr.cz\/n\/wp-json\/wp\/v2\/posts\/23280\/revisions"}],"wp:featuredmedia":[{"embeddable":true,"href":"https:\/\/www.infokuryr.cz\/n\/wp-json\/wp\/v2\/media\/5887"}],"wp:attachment":[{"href":"https:\/\/www.infokuryr.cz\/n\/wp-json\/wp\/v2\/media?parent=23280"}],"wp:term":[{"taxonomy":"category","embeddable":true,"href":"https:\/\/www.infokuryr.cz\/n\/wp-json\/wp\/v2\/categories?post=23280"},{"taxonomy":"post_tag","embeddable":true,"href":"https:\/\/www.infokuryr.cz\/n\/wp-json\/wp\/v2\/tags?post=23280"}],"curies":[{"name":"wp","href":"https:\/\/api.w.org\/{rel}","templated":true}]}}