{"id":2328,"date":"2021-06-08T05:26:37","date_gmt":"2021-06-08T03:26:37","guid":{"rendered":"http:\/\/www.infokuryr.cz\/n\/?p=2328"},"modified":"2021-06-08T05:28:46","modified_gmt":"2021-06-08T03:28:46","slug":"soukromnici-jsou-pripraveni-zabranit-dalsi-likvidaci-zivnostniku-a-podnikatelu","status":"publish","type":"post","link":"https:\/\/www.infokuryr.cz\/n\/2021\/06\/08\/soukromnici-jsou-pripraveni-zabranit-dalsi-likvidaci-zivnostniku-a-podnikatelu\/","title":{"rendered":"Soukromn\u00edci jsou p\u0159ipraveni zabr\u00e1nit dal\u0161\u00ed likvidaci \u017eivnostn\u00edk\u016f a podnikatel\u016f"},"content":{"rendered":"<div id=\"fb-root\"><\/div>\n<p><strong>Praha, 5. \u010dervna 2021 &#8211;<\/strong> <strong>Republikov\u00fd sn\u011bm Strany soukromn\u00edk\u016f \u010cesk\u00e9 republiky, kter\u00fd se konal v\u00a0sobotu 5. \u010dervna 2021 v\u00a0Praze, potvrdil p\u0159ipravenost t\u00e9to stavovsk\u00e9 strany k leto\u0161n\u00edm volb\u00e1m do Poslaneck\u00e9 sn\u011bmovny Parlamentu \u010cR. V\u00a0nich Soukromn\u00edci kandiduj\u00ed spole\u010dn\u011b s\u00a0Trikolorou a Svobodn\u00fdmi v\u00a0jednom volebn\u00edm uskupen\u00ed s\u00a0n\u00e1zvem \u201eTrikolora Svobodn\u00ed Soukromn\u00edci\u201c. Nav\u00edc v\u00a0sobotu ozn\u00e1mil podporu tomuto uskupen\u00ed tak\u00e9 Radomil B\u00e1bek, p\u0159edseda v\u00fdboru Podnikatelsk\u00fdch odbor\u016f, kter\u00fd bude v\u00a0podzimn\u00edch volb\u00e1ch kandidovat v\u00a0Praze. <\/strong><\/p>\n<p><em>\u201e\u017divnostn\u00edci a podnikatel\u00e9 se za posledn\u00edch osm let stali doslova lovnou zv\u011b\u0159\u00ed. Ob\u011b p\u0159echoz\u00ed vl\u00e1dy nevynechaly jedinou p\u0159\u00edle\u017eitost k\u00a0tomu, aby soukrom\u00e9 podnik\u00e1n\u00ed zat\u00ed\u017eily dal\u0161\u00ed regulac\u00ed, byrokraci\u00ed, dan\u011bmi, poplatky, \u0161m\u00edrov\u00e1n\u00edm \u010di \u00fa\u0159ednickou \u0161ikanou. Symbolicky posledn\u00edm h\u0159eb\u00ed\u010dkem byla pak pandemie Covid-19, b\u011bhem kter\u00e9 vl\u00e1da uvalila lockdown na mal\u00e9 firmy a \u017eivnostn\u00edky, kde\u017eto velk\u00e9 fabriky a supermarkety nech\u00e1vala tak\u0159ka bez pov\u0161imnut\u00ed. Nav\u00edc se ukazuje, \u017ee v\u00a0mnoha p\u0159\u00edpadech postupovala dokonce v\u00a0rozporu se z\u00e1kony \u010di \u00fastavou. Za v\u00fdsm\u011bch a ur\u00e1\u017eku pak pova\u017euji to, jak se vl\u00e1da Andreje Babi\u0161e postavila ke kompenzac\u00edm v\u016f\u010di firm\u00e1m, kter\u00fdm zak\u00e1zala svobodn\u011b podnikat,\u201c <\/em>zhodnotil dne\u0161n\u00ed situaci <strong>Petr Bajer<\/strong>, p\u0159edseda Strany soukromn\u00edk\u016f \u010cR.<\/p>\n<p>Podle Petra Bajera je Strana soukromn\u00edk\u016f nezpochybnitelnou politickou sebeobranou v\u0161ech \u017eivnostn\u00edk\u016f a podnikatel\u016f.<em> \u201eV\u0161ichni si uv\u011bdomujeme, \u017ee jsme p\u0159ed historick\u00fdm miln\u00edkem, kter\u00fd rozhodne o budoucnosti svobody a soukrom\u00e9ho podnik\u00e1n\u00ed v\u00a0na\u0161i zemi. Proto v\u011b\u0159\u00edm, \u017ee se n\u00e1m poda\u0159\u00ed sjednotit mimo jin\u00e9 v\u0161echny \u017eivnostn\u00edky a podnikatele, abychom prost\u0159ednictv\u00edm leto\u0161n\u00edch voleb vr\u00e1tili do Poslaneck\u00e9 sn\u011bmovny zdrav\u00fd rozum a skute\u010dn\u00e9 zast\u00e1nce \u0159emesln\u00edk\u016f, \u017eivnostn\u00edk\u016f, poskytovatel\u016f slu\u017eeb a v\u0161ech dal\u0161\u00edch mal\u00fdch firem, kter\u00e9 byly dne\u0161n\u00ed vl\u00e1dou zcela nebo \u010d\u00e1ste\u010dn\u011b zlikvidov\u00e1ny. T\u011bm chceme garantovat n\u00e1sleduj\u00edc\u00ed: \u017e\u00e1dn\u00fd dal\u0161\u00ed lockdown, \u017e\u00e1dn\u00e1 diskriminace z\u00e1kazn\u00edk\u016f, a tak\u00e9 plnohodnotn\u00e1 n\u00e1hrada \u0161kod, kter\u00e9 nav\u00edc budeme vym\u00e1hat po dne\u0161n\u00edch papal\u00e1\u0161\u00edch. Jsme p\u0159ipraveni prov\u00e9st antibyrokratickou revoluci, sn\u00ed\u017eit dan\u011b a zv\u00fd\u0161it vymahatelnost pr\u00e1va tak, abychom spole\u010dn\u011b nastartovali \u010deskou ekonomiku,\u201c <\/em>dodal <strong>Petr Bajer.<\/strong><\/p>\n<p>Novou posilou uskupen\u00ed Trikolora Svobodn\u00ed Soukromn\u00edci je Radomil B\u00e1bek, p\u0159edseda v\u00fdboru Podnikatelsk\u00fdch odbor\u016f, kter\u00e9 sdru\u017euj\u00ed v\u00edce ne\u017e 15 tis\u00edc \u010dlen\u016f ze v\u0161ech kout\u016f \u010cesk\u00e9 republiky, a jsou druhou nejv\u011bt\u0161\u00ed organizac\u00ed, reprezentuj\u00edc\u00ed p\u0159edev\u0161\u00edm mal\u00e9 podnikatele a \u017eivnostn\u00edky.<\/p>\n<p>\u201e<em>Vl\u00e1dy Andreje Babi\u0161e ji\u017e osm let vyv\u00edjej\u00ed tlak na \u010desk\u00e9 podnik\u00e1n\u00ed. Sou\u010dasn\u00e1 vl\u00e1da nav\u00edc dramaticky znev\u00fdhodnila mal\u00e9 podnikatele a \u017eivnostn\u00edky v\u016f\u010di korporac\u00edm a nadn\u00e1rodn\u00edm firm\u00e1m. Vr\u0161\u00ed nesmysln\u00e9 podm\u00ednky, kter\u00fdmi omezuje svobodu podnik\u00e1n\u00ed, a pou\u017e\u00edv\u00e1 \u00fa\u0159ady a \u00fa\u0159edn\u00edky jako\u017eto donucovac\u00ed n\u00e1stroj ke zvy\u0161ov\u00e1n\u00ed moci st\u00e1tu nad \u010desk\u00fdm podnik\u00e1n\u00edm. V kone\u010dn\u00e9m d\u016fsledku vl\u00e1da likviduje mal\u00e9 podnik\u00e1n\u00ed,\u201c<\/em> \u0159ekl <strong>Radomil B\u00e1bek<\/strong>, p\u0159edseda v\u00fdboru Podnikatelsk\u00fdch odbor\u016f.<\/p>\n<p><em>\u201eProto\u017ee u\u017e osm let bojuji proti tlaku st\u00e1tu na mal\u00e9 podnikatele a \u017eivnostn\u00edky, vyhodnotil jsem celou situaci tak, \u017ee je t\u0159eba pokra\u010dovat v pr\u00e1ci pro n\u011b v Poslaneck\u00e9 sn\u011bmovn\u011b. Nerad, ale musel jsem uznat, \u017ee nebudou-li m\u00edt \u010de\u0161t\u00ed podnikatel\u00e9 a \u017eivnostn\u00edci zastoupen\u00ed v Parlamentu, nem\u016f\u017ee se jejich situace zlep\u0161it. Proto jsem p\u0159ijal v\u00fdzvu Strany soukromn\u00edk\u016f \u010cR a vstoupil jsem do volebn\u00edho kl\u00e1n\u00ed. Chci pomoci uskupen\u00ed Trikol\u00f3ra Svobodn\u00ed Soukromn\u00edci k volebn\u00edmu \u00fasp\u011bchu, abych mohl v Poslaneck\u00e9 sn\u011bmovn\u011b h\u00e1jit pr\u00e1va a z\u00e1jmy \u010desk\u00fdch podnikatel\u016f a \u017eivnostn\u00edk\u016f,\u201c<\/em> vysv\u011btlil sv\u00e9 rozhodnut\u00ed vstoupit do politiky <strong>Radomil B\u00e1bek. <\/strong><\/p>\n<p>Jako host\u00e9 Republikov\u00e9ho sn\u011bmu Strany soukromn\u00edk\u016f \u010cesk\u00e9 republiky vystoupili mimo jin\u00e9 tak\u00e9 Zuzana Majerov\u00e1 Zahradn\u00edkov\u00e1, p\u0159edsedkyn\u011b Trikolory, Libor Vondr\u00e1\u010dek, p\u0159edseda Svobodn\u00fdch nebo Ivo Valenta, podnikatel a emeritn\u00ed sen\u00e1tor Parlamentu \u010cR za Stranu soukromn\u00edk\u016f \u010cR.<\/p>\n<p>FOTO: Radomil Bab\u00e1k<\/p>\n<p>&nbsp;<\/p>\n","protected":false},"excerpt":{"rendered":"<p>Praha, 5. \u010dervna 2021 &#8211; Republikov\u00fd sn\u011bm Strany soukromn\u00edk\u016f \u010cesk\u00e9 republiky, kter\u00fd se konal v\u00a0sobotu&#8230;<\/p>\n","protected":false},"author":2,"featured_media":2331,"comment_status":"closed","ping_status":"closed","sticky":false,"template":"","format":"standard","meta":[],"categories":[6],"tags":[466,27],"_links":{"self":[{"href":"https:\/\/www.infokuryr.cz\/n\/wp-json\/wp\/v2\/posts\/2328"}],"collection":[{"href":"https:\/\/www.infokuryr.cz\/n\/wp-json\/wp\/v2\/posts"}],"about":[{"href":"https:\/\/www.infokuryr.cz\/n\/wp-json\/wp\/v2\/types\/post"}],"author":[{"embeddable":true,"href":"https:\/\/www.infokuryr.cz\/n\/wp-json\/wp\/v2\/users\/2"}],"replies":[{"embeddable":true,"href":"https:\/\/www.infokuryr.cz\/n\/wp-json\/wp\/v2\/comments?post=2328"}],"version-history":[{"count":0,"href":"https:\/\/www.infokuryr.cz\/n\/wp-json\/wp\/v2\/posts\/2328\/revisions"}],"wp:featuredmedia":[{"embeddable":true,"href":"https:\/\/www.infokuryr.cz\/n\/wp-json\/wp\/v2\/media\/2331"}],"wp:attachment":[{"href":"https:\/\/www.infokuryr.cz\/n\/wp-json\/wp\/v2\/media?parent=2328"}],"wp:term":[{"taxonomy":"category","embeddable":true,"href":"https:\/\/www.infokuryr.cz\/n\/wp-json\/wp\/v2\/categories?post=2328"},{"taxonomy":"post_tag","embeddable":true,"href":"https:\/\/www.infokuryr.cz\/n\/wp-json\/wp\/v2\/tags?post=2328"}],"curies":[{"name":"wp","href":"https:\/\/api.w.org\/{rel}","templated":true}]}}