{"id":23277,"date":"2023-02-21T06:31:54","date_gmt":"2023-02-21T05:31:54","guid":{"rendered":"http:\/\/www.infokuryr.cz\/n\/?p=23277"},"modified":"2023-02-21T06:31:54","modified_gmt":"2023-02-21T05:31:54","slug":"roztrzka-mezi-jevgenijem-prigozinem-a-generalnim-stabem-ruske-armady-se-dramaticky-vyostrila","status":"publish","type":"post","link":"https:\/\/www.infokuryr.cz\/n\/2023\/02\/21\/roztrzka-mezi-jevgenijem-prigozinem-a-generalnim-stabem-ruske-armady-se-dramaticky-vyostrila\/","title":{"rendered":"Roztr\u017eka mezi Jevgenijem Prigo\u017einem a Gener\u00e1ln\u00edm \u0161t\u00e1bem Rusk\u00e9 arm\u00e1dy se dramaticky vyost\u0159ila"},"content":{"rendered":"<div id=\"fb-root\"><\/div>\n<h4>Roztr\u017eka mezi Jevgenijem Prigo\u017einem a Gener\u00e1ln\u00edm \u0161t\u00e1bem Rusk\u00e9 arm\u00e1dy se dramaticky vyost\u0159ila, \u0161\u00e9f PMC Wagner Group v emotivn\u00ed hlasov\u00e9 nahr\u00e1vce obvinil gener\u00e1ly z napom\u00e1h\u00e1n\u00ed nep\u0159\u00edteli v d\u016fsledku sabotov\u00e1n\u00ed dod\u00e1vek munice pro Wagnerovce! Prigo\u017ein \u0161okuj\u00edc\u00edmi slovy popsal, co prob\u00edh\u00e1 v Gener\u00e1ln\u00edm \u0161t\u00e1bu, jak nikdo nechce Prigo\u017einovi nic poskytnout, zat\u00edmco na front\u011b um\u00edr\u00e1 dvakr\u00e1t tolik Rus\u016f, proto\u017ee PMC Wagner nem\u00e1 munici, kterou by mohl tlumit \u00fatoky nep\u0159\u00edtele! Skand\u00e1lem se u\u017e zab\u00fdv\u00e1 i rusk\u00fd tisk a vypad\u00e1 to jako dokonal\u00e1 bou\u0159e a z\u00e1minka Kremlu pro obrovsk\u00e9 \u010distky v Gener\u00e1ln\u00edm \u0161t\u00e1bu!<\/h4>\n<p>Situace okolo nedostatku munice soukrom\u00e9 \u017eold\u00e1ck\u00e9 organizace PMC Wagner Group za\u010d\u00edn\u00e1 nab\u00edrat neuv\u011b\u0159iteln\u00e9 obr\u00e1tky. Tiskov\u00e1 slu\u017eba Concord Group, kter\u00e1 spad\u00e1 pod PMC Wagner Group a slou\u017e\u00ed jako tiskov\u00fd outlet pro Jevgenije Prigo\u017eina,\u00a0<strong>p\u0159inesla [<a href=\"https:\/\/href.li\/?https:\/\/t.me\/concordgroup_official\/473\" target=\"_blank\" rel=\"nofollow noopener\">1<\/a>] v pond\u011bl\u00ed 20. \u00fanora v\u00fdbu\u0161n\u00fd audio z\u00e1znam s v\u00fdroky Jevgenije Prigo\u017eina na adresu Gener\u00e1ln\u00edho \u0161t\u00e1bu Rusk\u00e9 arm\u00e1dy.<\/strong>\u00a0Z\u00e1znam jsem p\u0159elo\u017eil do \u010de\u0161tiny a video m\u00e1te n\u00ed\u017ee.<\/p>\n<p>Prigo\u017ein si u\u017e nebral serv\u00edtky a tentokr\u00e1t naplno popsal, jak\u00e9 sabot\u00e1\u017ee prob\u00edhaj\u00ed v gener\u00e1ln\u00edm \u0161t\u00e1bu proti Wagnerovc\u016fm, kter\u00e9 stoj\u00ed na front\u011b dvakr\u00e1t v\u00edce \u017eivot\u016f oper\u00e1tor\u016f PMC Wagner a rovn\u011b\u017e rusk\u00fdch voj\u00e1k\u016f, kter\u00fdm Wagnerovci kryj\u00ed z\u00e1da. Prigo\u017ein barvit\u011b vyl\u00ed\u010dil, jak nar\u00e1\u017e\u00ed na nep\u0159ekonatelnou ze\u010f a nikdo z gener\u00e1ln\u00edho \u0161t\u00e1bu mu nechce poslat munici.<\/p>\n<p>&nbsp;<\/p>\n<div id=\"rumble_v27mucg\">\n<div id=\"vid_v27mucg\" class=\"rumble_v27mucg-Rumble-cls\" tabindex=\"-1\">\n<div class=\"bigPlayUI ctp\">\n<div class=\"bigPlayUIInner ctp\"><div class='videoWrapper'>\r\n\t            <iframe src='https:\/\/rumble.com\/embed\/pj.v27mucg\/' frameborder='0' allowfullscreen><\/iframe>\r\n\t        <\/div><\/div>\n<\/div>\n<\/div>\n<\/div>\n<p>&nbsp;<\/p>\n<p>Prigo\u017ein proto na\u010derno a potaj\u00ed tah\u00e1 a loud\u00ed munici od Rusk\u00e9 arm\u00e1dy, od ni\u017e\u0161\u00edch gener\u00e1l\u016f, kte\u0159\u00ed si cen\u00ed toho, co PMC Wagner d\u011bl\u00e1 na sam\u00e9m \u010dele fronty a t\u00edm chr\u00e1n\u00ed \u017eivoty rusk\u00fdch mob\u00edk\u016f, kte\u0159\u00ed by \u010delo fronty nezvl\u00e1dli, tak\u017ee ze z\u00e1sob odd\u00edl\u016f rusk\u00fdch vojsk dost\u00e1vaj\u00ed Wagnerovci p\u0159\u00edd\u011bly munice pro operace, de facto v\u00fdm\u011bnou za to, aby do t\u011bch operac\u00ed nemuseli mob\u00edci.<\/p>\n<p>Je to forma tich\u00e9 dohody. Jen\u017ee, spot\u0159eba munice je tak obrovsk\u00e1 na front\u011b mezi Bachmutem a Severskem, \u017ee Wagnerovci pot\u0159ebuji mnohem v\u00edce munice, ale od gener\u00e1ln\u00edho \u0161t\u00e1bu nic nedost\u00e1vaj\u00ed. A Prigo\u017ein se dozv\u011bd\u011bl, \u017ee se mus\u00ed nejprve omluvit n\u011bkomu naho\u0159e, v Moskv\u011b, ale Prigo\u017ein nev\u00ed, komu by se m\u011bl omluvit. Ov\u0161em v\u0161ichni zodpov\u011bdn\u00ed mu \u0159\u00edkaj\u00ed, \u017ee se mus\u00ed omluvit, a a\u017e se omluv\u00ed, munici dostane.<\/p>\n<h6><span style=\"font-size: 18pt;\">Sabotov\u00e1n\u00ed v\u00e1le\u010dn\u00e9ho \u00fasil\u00ed Wagnerovc\u016f ze strany gener\u00e1l\u016f v podob\u011b blokov\u00e1n\u00ed dod\u00e1vek munice se ji\u017e dostalo na p\u0159edn\u00ed str\u00e1nky rusk\u00fdch novin<\/span><\/h6>\n<p>Skand\u00e1l se dostal ji\u017e na tituln\u00ed str\u00e1nky\u00a0<strong>[<a href=\"https:\/\/href.li\/?https:\/\/www.kommersant.ru\/doc\/5839848\" target=\"_blank\" rel=\"nofollow noopener\">2<\/a>]<\/strong>\u00a0rusk\u00e9ho tisku a list Kommersant o tom informoval jako prvn\u00ed.\u00a0<strong>Na soci\u00e1ln\u00edch s\u00edt\u00edch v Rusku propuklo Bo\u017e\u00ed dopu\u0161t\u011bn\u00ed a lid\u00e9 volaj\u00ed po odvol\u00e1n\u00ed cel\u00e9ho Gener\u00e1ln\u00edho \u0161t\u00e1bu v \u010dele s Valerijem Gerasimovem za vlastizradu.<\/strong>\u00a0Cel\u00e9 je to neuv\u011b\u0159iteln\u011b podivn\u00e9, proto\u017ee Prigo\u017ein je osobn\u00ed p\u0159\u00edtel Vladimira Putina a jeho lev\u00e1 ruka, tak\u017ee se nechce ani v\u011b\u0159it, \u017ee by n\u011bkdo Prigo\u017einovi takto h\u00e1zel klacky pod nohy. Jen\u017ee pravdou je, \u017ee Prigo\u017ein je opravdu maxim\u00e1ln\u011b vyto\u010den\u00fd a takhle vyto\u010den\u00e9ho ho je\u0161t\u011b nikdo nevid\u011bl. Poj\u010fme si tedy ocitovat, co v prohl\u00e1\u0161en\u00ed Prigo\u017eina vlastn\u011b zazn\u011blo:<\/p>\n<p>D\u011bkujeme \u017de\u0148ovi Poddubn\u00e9mu za to, \u017ee t\u00e9ma munice pozvedl na \u00farove\u0148, na kter\u00e9 by m\u011blo b\u00fdt sly\u0161et. Vyzkou\u0161el si to na vlastn\u00ed k\u016f\u017ei. S\u00e1m vid\u00ed situaci na vlastn\u00ed o\u010di, tak\u017ee je mu to jasn\u00e9 a je na \u0161pici v\u0161ech probl\u00e9m\u016f, kter\u00e9 dnes m\u00e1me.<\/p>\n<p>Jak se \u0159\u00edk\u00e1,\u00a0<em><strong>hovno se va\u0159\u00ed, krev v\u0159e<\/strong><\/em>, ale ot\u00e1zky, kter\u00e9 jsem polo\u017eil ohledn\u011b munice, bohu\u017eel z\u016fst\u00e1vaj\u00ed zcela nevy\u0159e\u0161eny. Je to v\u00e1\u017en\u011bj\u0161\u00ed probl\u00e9m a zem\u011b m\u00e1 munici, u\u017e se nejednou vyj\u00e1d\u0159ili, pr\u016fmysl dos\u00e1hl pot\u0159ebn\u00fdch objem\u016f, dod\u00e1vaj\u00ed to, co zem\u011b pot\u0159ebuje. Nav\u00edc nikdo ne\u010dekal, \u017ee se jim poda\u0159\u00ed tak rychle vy\u0159e\u0161it v\u0161echny st\u00e1vaj\u00edc\u00ed probl\u00e9my a ud\u011blat n\u011bco, co se za posledn\u00edch 80 let ned\u011blalo v takov\u00e9m objemu nikde na sv\u011bt\u011b. A j\u00e1 zn\u00e1m sklady, zn\u00e1m \u010d\u00edsla \u0161ar\u017e\u00ed, zn\u00e1m \u010d\u00edsla krabic, v\u00edm p\u0159esn\u011b, kde se munice nach\u00e1z\u00ed a v\u00edm, co je to za munici. Nemohu tento probl\u00e9m vy\u0159e\u0161it<\/p>\n<p>P\u0159es v\u0161echna moje spojen\u00ed se v\u0161e pot\u00e1p\u00ed a zasek\u00e1v\u00e1, \u017e\u00e1dn\u00e1 rozhodnut\u00ed se ned\u011blaj\u00ed. Gener\u00e1lov\u00e9, d\u016fstojn\u00edci na vojensk\u00fdch velitelstv\u00edch v r\u016fzn\u00fdch funkc\u00edch pom\u00e1haj\u00ed se v\u0161\u00edm, co mohou, sna\u017e\u00ed se, vzdoruj\u00ed, n\u011bkdy poru\u0161uj\u00ed vojensk\u00e9 z\u00e1kony, aby n\u00e1m dodali dal\u0161\u00ed munici, kterou tak zoufale pot\u0159ebujeme. Nikdo netu\u0161\u00ed, kde se berou limity, kde jsou postupy, jak je z\u00edskat. Nikdo nev\u00ed, jak se podepisuje ten \u010di onen dokument. V\u0161ichni k\u00fdvnou n\u011bkam nahoru, ukazuj\u00ed prstem nahoru a \u0159\u00edkaj\u00ed, \u017ee\u00a0<em><strong>v\u00edte Jevgeniji Viktorovi\u010di, m\u00e1te tam t\u011b\u017ek\u00fd vztah, k\u0159\u00ed\u017e\u00ed prsty, ukazuj\u00ed prstem nahoru, koul\u00ed o\u010dima, a proto se mus\u00edte j\u00edt omluvit a p\u0159iznat, pak va\u0161i bojovn\u00edci dostanou munici<\/strong><\/em>.<\/p>\n<p>P\u0159ed k\u00fdm si m\u00e1m sypat popel na hlavu? Komu se m\u00e1m omluvit? 140 milion\u016fm Rus\u016f? \u0158ekn\u011bte mi, pros\u00edm, komu se m\u00e1m omluvit, aby moji kluci byli zab\u00edjeni o polovinu m\u00e9n\u011b \u010dasto ne\u017e dnes.\u00a0<strong>Ka\u017ed\u00fd den je zabito dvakr\u00e1t tolik voj\u00e1k\u016f PMC Wagner, a nejen PMC Wagner, ale i mu\u017e\u016f v jin\u00fdch vojensk\u00fdch jednotk\u00e1ch, kter\u00e9 nem\u016f\u017eeme pokr\u00fdt kv\u016fli naprost\u00e9mu hladu po n\u00e1boj\u00edch<\/strong>, p\u0159i kter\u00e9m nedost\u00e1v\u00e1me to, co m\u00e1me ve skladech. N\u011bkdo tam sed\u00ed a k\u0159\u00ed\u017e\u00ed prsty a podle sv\u00e9ho ch\u00e1p\u00e1n\u00ed, podle n\u00e1lady se rozhoduje, zda n\u00e1m d\u00e1 munici, nebo ne.<\/p>\n<p>Ve stejnou chv\u00edli zem\u0159e \u010dlov\u011bk. Le\u017e\u00ed v z\u00e1kopu a zas\u00e1hne ho nep\u0159\u00e1telsk\u00fd gran\u00e1t. Nem\u016f\u017eeme zastavit nep\u0159\u00e1telsk\u00e9 d\u011blost\u0159electvo, proto\u017ee na to nem\u00e1me prost\u0159edky.\u00a0<strong>Ten konkr\u00e9tn\u00ed mu\u017e m\u00e1 utr\u017een\u00e9 dv\u011b nohy nebo dv\u011b ruce, ta konkr\u00e9tn\u00ed \u017eena, dcera, syn nebo matka p\u0159ijde o sv\u00e9ho milovan\u00e9ho \u010dlov\u011bka.<\/strong>\u00a0D\u00e1me ho do zinkov\u00e9 rakve a odvezeme na h\u0159bitov, abychom ho poh\u0159bili. Nem\u00e1te sv\u011bdom\u00ed, abyste p\u0159estali sr\u00e1t jako moucha na sklo a p\u0159estali d\u011blat intriky. Ka\u017ed\u00fd den se sepisuj\u00ed \u017e\u00e1dosti (o munici) podle dohodnut\u00fdch p\u0159edpis\u016f a p\u0159ed\u00e1vaj\u00ed se p\u0159\u00edslu\u0161n\u00fdm \u00fa\u0159ad\u016fm, ale pak u\u017e nikdo nev\u00ed, kdo m\u00e1 d\u00e1t odpov\u011b\u010f a kam m\u00e1 j\u00edt. Moje snaha zat\u00edm ale nesta\u010d\u00ed.<\/p>\n<p>Tihle kluci ne\u0161li do v\u00e1lky za Prigo\u017eina, \u0161li do v\u00e1lky za vlast. A cel\u00e1 v\u00fdhoda toho Prigo\u017eina je v tom, \u017ee mu d\u016fv\u011b\u0159uj\u00ed, dok\u00e1zal je zorganizovat a vid\u011bli ho jako jednoho z nich, jednoho z t\u011bch, kte\u0159\u00ed v t\u00e9to v\u00e1lce pot\u0159ebuj\u00ed v\u00edt\u011bzstv\u00ed.\u00a0<strong>Kdy\u017e pak skupin\u011b velel arm\u00e1dn\u00ed gener\u00e1l Surovikin, bez ohledu na to, kolik bylo drb\u016f, byly tam dobr\u00e9 vztahy. Setk\u00e1v\u00e1m se s n\u00edm jen tehdy, kdy\u017e p\u0159ijede na frontu, nebo v ot\u00e1zk\u00e1ch, kter\u00e9 m\u00e1m, mu vol\u00e1m. A v\u017edy se dovol\u00e1m. S munic\u00ed jsme nem\u011bli \u017e\u00e1dn\u00fd probl\u00e9m.<\/strong>\u00a0I kdy\u017e pr\u016fmysl st\u00e1le sk\u0159\u00edpal u t\u011bch, kte\u0159\u00ed n\u00e1m br\u00e1n\u00ed vyhr\u00e1t tuto v\u00e1lku, pracuj\u00ed p\u0159\u00edmo, absolutn\u011b p\u0159\u00edmo pro nep\u0159\u00edtele! Pom\u00e1haj\u00ed nep\u0159\u00edteli zlomit p\u00e1te\u0159 Ruska! M\u00e1me tradici, \u017ee Rusov\u00e9 um\u00edraj\u00ed, ale nevzd\u00e1vaj\u00ed se. A Rusov\u00e9 um\u00edraj\u00ed.<\/p>\n<p>Um\u00edraj\u00ed za sv\u016fj domov a svou vlast. A polovina z nich um\u00edr\u00e1 proto, \u017ee n\u011bkte\u0159\u00ed vojen\u0161t\u00ed funkcion\u00e1\u0159i necht\u011bj\u00ed zvednout zadek a pochopit, \u017ee to nen\u00ed rozmar, \u010dlov\u011bk by nem\u011bl b\u00fdt rozmarn\u00fd, kdy\u017e je zem\u011b v nebezpe\u010d\u00ed. Nikoho neobvi\u0148uji a nechci nikoho z ni\u010deho obvi\u0148ovat. Jen \u0159\u00edk\u00e1m, abyste zanechali sv\u00fdch rozmar\u016f. Opus\u0165te sv\u00e9 z\u00e1sady a dejte mi munici. Neot\u00edr\u00e1m v\u00e1m nos o to, \u017ee sed\u00edte u sn\u00eddan\u011b, ob\u011bda a ve\u010de\u0159e serv\u00edrovan\u00e9 na zlat\u00e9m n\u00e1dob\u00ed, a pos\u00edl\u00e1te sv\u00e9 dcery, vnu\u010dky a vnuky odpo\u010d\u00edvat do Dubaje. Nevyh\u00fdb\u00e1m se ni\u010demu v dob\u011b, kdy na front\u011b um\u00edr\u00e1 rusk\u00fd voj\u00e1k. Prost\u011b \u017e\u00e1d\u00e1m o munici! To nen\u00ed extremistick\u00e9 prohl\u00e1\u0161en\u00ed, ani snaha n\u011bkoho urazit. Omlouv\u00e1m se, pokud je n\u011bco \u0161patn\u011b. Dejte mi munici ve spr\u00e1vn\u00e9m mno\u017estv\u00ed, kter\u00e9 je ve skladech.<\/p>\n<p><em>Z\u00e1znam prohl\u00e1\u0161en\u00ed Jevgenije Prigo\u017eina<\/em><\/p>\n<h6><span style=\"font-size: 18pt;\">Nevra\u017eivost mezi Gerasimovem a Prigo\u017einem z\u0159ejm\u011b dos\u00e1hla sv\u00e9ho vrcholu v d\u016fsledku \u00fasp\u011bch\u016f Wagnerovc\u016f u Soledaru<\/span><\/h6>\n<p>V\u0161imn\u011bte si, jak Prigo\u017ein v prohl\u00e1\u0161en\u00ed vyzdvihl gener\u00e1la Sergeje Surovikina jako profesion\u00e1la, ani\u017e by jmenoval toho, kdo ho pozd\u011bji na pozici velitele SVO operace vyst\u0159\u00eddal. Ano, n\u00e1\u010deln\u00edk gener\u00e1ln\u00edho \u0161t\u00e1bu Valerij Gerasimov.\u00a0<strong>Prigo\u017ein necht\u011bl nikoho jmenovat z hlediska kritiky a negativn\u00edho postoje, ale bylo naprosto jasn\u00e9 ka\u017ed\u00e9mu, kdo nahr\u00e1vku sly\u0161el, \u017ee ten Prigo\u017ein\u016fv vztek je m\u00ed\u0159en\u00fd pr\u00e1v\u011b na Gerasimova.\u00a0<\/strong>Ten je prohl\u00e1\u0161en\u00fd t\u00edm, \u017ee m\u00e1 odpor k Putinov\u011b doktr\u00edn\u011b ze S\u00fdrie. Syrsk\u00e1 doktr\u00edna poprv\u00e9 v rusk\u00e9 historii vojenstv\u00ed nasadila do operac\u00ed soukrom\u00e9 \u017eold\u00e1ky, a to pr\u00e1v\u011b PMC Wagner.<\/p>\n<p>Gerasimov m\u00e1 proti tomuto zp\u016fsobu modern\u00edho pojet\u00ed v\u00e1lky extr\u00e9mn\u00ed odpor a mezi Prigo\u017einem a n\u00edm pr\u00fd panuje naprosto extr\u00e9mn\u00ed nap\u011bt\u00ed, a to od doby, kdy Putin na\u0159\u00eddil zahrnout do Gerasimovovy vlastn\u00ed tzv. vrstven\u00e9 vojensk\u00e9 doktr\u00edny pr\u00e1v\u011b soukrom\u00e9 profesion\u00e1ln\u00ed \u017eold\u00e1ky pod soukrom\u00fdm velen\u00edm, kte\u0159\u00ed maj\u00ed tvo\u0159it \u010dela front rusk\u00fdch vojsk v modern\u00edch konfliktech. Gerasimov ve sv\u00e9 revolu\u010dn\u00ed doktr\u00edn\u011b\u00a0<strong>[<a href=\"https:\/\/aeronet.news\/rusko-beloruska-operace-ukrajinska-armada-zacala-stahovat-cast-vojsk-z-donbasu-na-severni-hranice-s-beloruskem-ruska-zimni-ofenziva-je-ocekavana-kazdym-okamzikem-a-v-belorusku-probiha-preskupovani\/\">3<\/a>]<\/strong>\u00a0navrhoval na \u010dela front profesion\u00e1ln\u00ed soukrom\u00e9 \u017eold\u00e1ck\u00e9 jednotky, ale pod velen\u00edm gener\u00e1ln\u00edho \u0161t\u00e1bu, ne pod velen\u00edm soukrom\u00fdch osob a jak\u00fdchsi podnikatel\u016f z oboru cateringu, jako je pr\u00e1v\u011b Jevgenij Prigo\u017ein. A Gerasimova o to v\u00edce \u0161tve, jak\u00fdch v\u00fdsledk\u016f Wagnerovci dosahuj\u00ed, na rozd\u00edl od regul\u00e9rn\u00ed Rusk\u00e9 arm\u00e1dy, kter\u00e9 \u0161\u00e9fuje pr\u00e1v\u011b Gerasimov.<\/p>\n<figure id=\"attachment_54354\" class=\"wp-caption aligncenter\" style=\"width: 685px;\"><a href=\"https:\/\/aeronet.news\/wp-content\/uploads\/ValerijGerasimovKremlin.jpg\"><img decoding=\"async\" loading=\"lazy\" class=\"wp-image-54354 \" src=\"https:\/\/aeronet.news\/wp-content\/uploads\/ValerijGerasimovKremlin-1024x767.jpg\" sizes=\"(max-width: 700px) 100vw, 700px\" srcset=\"https:\/\/aeronet.news\/wp-content\/uploads\/ValerijGerasimovKremlin-1024x767.jpg 1024w, https:\/\/aeronet.news\/wp-content\/uploads\/ValerijGerasimovKremlin-300x225.jpg 300w, https:\/\/aeronet.news\/wp-content\/uploads\/ValerijGerasimovKremlin-768x575.jpg 768w, https:\/\/aeronet.news\/wp-content\/uploads\/ValerijGerasimovKremlin-700x524.jpg 700w, https:\/\/aeronet.news\/wp-content\/uploads\/ValerijGerasimovKremlin-476x357.jpg 476w, https:\/\/aeronet.news\/wp-content\/uploads\/ValerijGerasimovKremlin-645x483.jpg 645w, https:\/\/aeronet.news\/wp-content\/uploads\/ValerijGerasimovKremlin.jpg 1280w\" alt=\"\" width=\"685\" height=\"513\" \/><\/a><figcaption class=\"wp-caption-text\">Valerij Gerasimov, n\u00e1\u010deln\u00edk gener\u00e1ln\u00edho \u0161t\u00e1bu Rusk\u00e9 arm\u00e1dy<\/figcaption><\/figure>\n<p>Cel\u00e9 to vypad\u00e1 jako dokonal\u00e1 bou\u0159e, kter\u00e1 m\u00e1 sm\u00e9st z vedouc\u00edch k\u0159esel n\u011bkter\u00e9 gener\u00e1ly v Gener\u00e1ln\u00edm \u0161t\u00e1bu. Mohla by to b\u00fdt nachystan\u00e1 z\u00e1minka pro \u010distku mezi gener\u00e1ly, kterou napl\u00e1noval Vladimir Putin, ale pot\u0159ebuje k tomu z\u00e1minku. A sabot\u00e1\u017e v\u00e1le\u010dn\u00e9ho \u00fasil\u00ed premiant\u016f z PMC Wagner Group by mohla b\u00fdt sakra velk\u00fdm d\u016fvodem pro vyh\u00e1zen\u00ed n\u011bkter\u00fdch gener\u00e1l\u016f.<\/p>\n<p>Nasr\u00e1n\u00ed Rus\u016f na soci\u00e1ln\u00edch s\u00edt\u00edch by se dalo doslova kr\u00e1jet, tak\u017ee to sp\u00ed\u0161 p\u0159ipom\u00edn\u00e1 dokonalou bou\u0159i s c\u00edlem nasm\u011brovat ji na Gener\u00e1ln\u00ed \u0161t\u00e1b. Samoz\u0159ejm\u011b, to by byla ta lep\u0161\u00ed varianta. Ta hor\u0161\u00ed by byla v tom p\u0159\u00edpad\u011b, kdyby tohle sabotov\u00e1n\u00ed bylo autentick\u00e9 a p\u0159ich\u00e1zelo na p\u0159\u00edkaz Kremlu jako cesta, jak velmi v\u00fdrazn\u011b zpomalit postup Rusk\u00e9 arm\u00e1dy na front\u011b s c\u00edlem prodlou\u017eit v\u00e1lku a vy\u010derpat jak lidsk\u00fd potenci\u00e1l v \u0159ad\u00e1ch AFU, tak i zbra\u0148ov\u00e9 rezervy zem\u00ed NATO v Evrop\u011b. A tuto variantu rovn\u011b\u017e nelze vylou\u010dit.<\/p>\n<p><a href=\"https:\/\/aeronet.news\/video-roztrzka-mezi-jevgenijem-prigozinem-a-generalnim-stabem-ruske-armady-se-dramaticky-vyostrila-sef-pmc-wagner-group-v-emotivni-hlasove-nahravce-obvinil-generaly-z-napomahani-nepriteli\/\">-VK- \u0160\u00e9fredaktor AE News<\/a><\/p>\n<p>&nbsp;<\/p>\n<p><img decoding=\"async\" loading=\"lazy\" class=\"wp-image-19187 aligncenter\" src=\"http:\/\/www.infokuryr.cz\/n\/wp-content\/uploads\/2022\/12\/1-PRO-300x36.jpg\" alt=\"\" width=\"1142\" height=\"137\" srcset=\"https:\/\/www.infokuryr.cz\/n\/wp-content\/uploads\/2022\/12\/1-PRO-300x36.jpg 300w, https:\/\/www.infokuryr.cz\/n\/wp-content\/uploads\/2022\/12\/1-PRO.jpg 699w\" sizes=\"(max-width: 1142px) 100vw, 1142px\" \/><\/p>\n<p>&nbsp;<\/p>\n<p>&nbsp;<\/p>\n","protected":false},"excerpt":{"rendered":"<p>Roztr\u017eka mezi Jevgenijem Prigo\u017einem a Gener\u00e1ln\u00edm \u0161t\u00e1bem Rusk\u00e9 arm\u00e1dy se dramaticky vyost\u0159ila, \u0161\u00e9f PMC Wagner&#8230;<\/p>\n","protected":false},"author":2,"featured_media":23278,"comment_status":"closed","ping_status":"closed","sticky":false,"template":"","format":"standard","meta":[],"categories":[6],"tags":[1042,80,29,4462],"_links":{"self":[{"href":"https:\/\/www.infokuryr.cz\/n\/wp-json\/wp\/v2\/posts\/23277"}],"collection":[{"href":"https:\/\/www.infokuryr.cz\/n\/wp-json\/wp\/v2\/posts"}],"about":[{"href":"https:\/\/www.infokuryr.cz\/n\/wp-json\/wp\/v2\/types\/post"}],"author":[{"embeddable":true,"href":"https:\/\/www.infokuryr.cz\/n\/wp-json\/wp\/v2\/users\/2"}],"replies":[{"embeddable":true,"href":"https:\/\/www.infokuryr.cz\/n\/wp-json\/wp\/v2\/comments?post=23277"}],"version-history":[{"count":0,"href":"https:\/\/www.infokuryr.cz\/n\/wp-json\/wp\/v2\/posts\/23277\/revisions"}],"wp:featuredmedia":[{"embeddable":true,"href":"https:\/\/www.infokuryr.cz\/n\/wp-json\/wp\/v2\/media\/23278"}],"wp:attachment":[{"href":"https:\/\/www.infokuryr.cz\/n\/wp-json\/wp\/v2\/media?parent=23277"}],"wp:term":[{"taxonomy":"category","embeddable":true,"href":"https:\/\/www.infokuryr.cz\/n\/wp-json\/wp\/v2\/categories?post=23277"},{"taxonomy":"post_tag","embeddable":true,"href":"https:\/\/www.infokuryr.cz\/n\/wp-json\/wp\/v2\/tags?post=23277"}],"curies":[{"name":"wp","href":"https:\/\/api.w.org\/{rel}","templated":true}]}}