{"id":23272,"date":"2023-02-21T01:05:19","date_gmt":"2023-02-21T00:05:19","guid":{"rendered":"http:\/\/www.infokuryr.cz\/n\/?p=23272"},"modified":"2023-02-20T17:32:07","modified_gmt":"2023-02-20T16:32:07","slug":"nedelnik-adama-b-bartose-122-nacionalismus-nase-pozice","status":"publish","type":"post","link":"https:\/\/www.infokuryr.cz\/n\/2023\/02\/21\/nedelnik-adama-b-bartose-122-nacionalismus-nase-pozice\/","title":{"rendered":"NED\u011aLN\u00cdK ADAMA B. BARTO\u0160E (122) NACIONALISMUS \u2013 NA\u0160E POZICE"},"content":{"rendered":"<div id=\"fb-root\"><\/div>\n<p>V ned\u011bli jsem byl v Pardubic\u00edch. A proto\u017ee v sobotu ub\u011bhlo rovn\u00fdch sto let od smrti p\u0159edn\u00edho n\u00e1rodn\u00edho demokrata, prvn\u00edho ministra financ\u00ed \u010ceskoslovenska, Aloise Ra\u0161\u00edna, zavzpom\u00ednal jsem na to, \u017ee to bylo pr\u00e1v\u011b v Pardubic\u00edch, kde Alois Ra\u0161\u00edn p\u0159ednesl sv\u016fj posledn\u00ed ve\u0159ejn\u00fd politick\u00fd projev p\u0159ed svou smrt\u00ed. Bylo to na setk\u00e1n\u00ed n\u00e1rodn\u011b-demokratick\u00e9 ml\u00e1de\u017ee, kterou na pardubicku vedl otec \u201ena\u0161eho\u201c Jana Sk\u00e1cela, \u010cestm\u00edr Sk\u00e1cel.<span id=\"more-13446\"><\/span><\/p>\n<p>Ra\u0161\u00edn tehdy na sch\u016fzi ml\u00e1de\u017ee vystoupil s proslovem, ve kter\u00e9m zazn\u011bly i jeho \u201eok\u0159\u00eddlen\u00e9 v\u00fdroky\u201c jako nap\u0159\u00edklad \u201eco se d\u011bl\u00e1 pro n\u00e1rod, se neplat\u00ed\u201c \u010di \u201epracovat a \u0161et\u0159it\u201c. P\u00e1r t\u00fddn\u016f pot\u00e9 byl post\u0159elen anarchistou-atent\u00e1tn\u00edkem \u0160oupalem p\u0159ed sv\u00fdm pra\u017esk\u00fdm bytem, aby 18. \u00fanora 1923 st\u0159eln\u00fdm zran\u011bn\u00edm podlehl. Pardubick\u00e9 Ra\u0161\u00ednovo vystoupen\u00ed dodnes p\u0159ipom\u00edn\u00e1 deska na pardubick\u00e9m hotelu Zlat\u00e1 \u0161tika, kde se ono setk\u00e1n\u00ed n\u00e1rodn\u011b-demokratick\u00e9 omladiny konalo. V\u0161echny tyto a dal\u0161\u00ed souvislosti jsme si u\u017e p\u0159ed lety p\u0159ipomn\u011bli ve sborn\u00edku\u00a0<a href=\"http:\/\/knihyabb.cz\/domu\/35-pripravujeme-alois-rasin-ceske-statni-pravo-a-vybrane-texty.html\" target=\"_blank\" rel=\"noopener\"><strong>Alois Ra\u0161\u00edn \u2013 \u010cesk\u00e9 st\u00e1tn\u00ed pr\u00e1vo a vybran\u00e9 texty<\/strong><\/a>.<\/p>\n<p><img decoding=\"async\" loading=\"lazy\" class=\"size-full wp-image-13450 lazy-loaded aligncenter\" src=\"https:\/\/narodnidemokracie.cz\/wp-content\/uploads\/2023\/02\/IMG0480A-rotated.jpg\" sizes=\"(max-width: 480px) 100vw, 480px\" srcset=\"https:\/\/narodnidemokracie.cz\/wp-content\/uploads\/2023\/02\/IMG0480A-rotated.jpg 480w, https:\/\/narodnidemokracie.cz\/wp-content\/uploads\/2023\/02\/IMG0480A-225x300.jpg 225w, https:\/\/narodnidemokracie.cz\/wp-content\/uploads\/2023\/02\/IMG0480A-195x260.jpg 195w\" alt=\"\" width=\"480\" height=\"640\" data-lazy-type=\"image\" data-src=\"https:\/\/narodnidemokracie.cz\/wp-content\/uploads\/2023\/02\/IMG0480A-rotated.jpg\" data-srcset=\"\" \/><\/p>\n<p><em>Pam\u011btn\u00ed deska na pardubick\u00e9m hotelu, foto: Tobi\u00e1\u0161 Nguyen, ND.<\/em><\/p>\n<p>U\u017e d\u0159\u00edve jsem p\u0159ipom\u00ednal, \u017ee jedin\u00e9 dva politick\u00e9 atent\u00e1ty v historii \u010ceskoslovenska se t\u00fdkaly pouze politik\u016f N\u00e1rodn\u00ed demokracie. Vedle Ra\u0161\u00edna, kter\u00fd atent\u00e1tu podlehl, byl podobn\u00fd atent\u00e1t proveden i na Karla Kram\u00e1\u0159e (o \u010dty\u0159i roky d\u0159\u00edve, 9. ledna 1919), kter\u00e9ho od smrti zachr\u00e1nila jen prkenice, kterou m\u011bl v n\u00e1prsn\u00ed kapse kab\u00e1tu, podle n\u011bkter\u00fdch informac\u00ed\u00a0<a href=\"https:\/\/www.idnes.cz\/technet\/pred-100-lety\/sedmnactilety-mladik-spachat-atentat-premier-karel-kramar.A190103_151949_pred-100-lety_heli\" target=\"_blank\" rel=\"noopener\"><em><strong>p\u0159ezka \u0161l\u00ed<\/strong><\/em><\/a>. Kulka v n\u00ed uv\u00edzla a nedo\u0161lo k pr\u016fst\u0159elu. Tehdy st\u0159\u00edlel mlad\u00fd soci\u00e1ln\u00ed demokrat \u0160\u0165astn\u00fd.<\/p>\n<p>N\u00e1rodn\u00ed demokracie se p\u00edl\u00ed, politick\u00fdm d\u016fvtipem, odvahou a tvrdou politickou prac\u00ed (ale nutno \u0159\u00edci, \u017ee i souhrou okolnost\u00ed a t\u00edm, \u017ee jej\u00ed mu\u017ei byli ve spr\u00e1vn\u00fd \u010das na spr\u00e1vn\u00e9m m\u00edst\u011b) dostala do veden\u00ed nov\u011b vznikl\u00e9ho \u010deskoslovensk\u00e9ho st\u00e1tu. Brzy ale za\u010dala b\u00fdt nepohodln\u00e1 \u2013 i proto, \u017ee Kram\u00e1\u0159 byl prorusk\u00fd, co\u017e se u\u017e tehdy z\u00e1padn\u00edm \u201egarant\u016fm\u201c \u010ceskoslovenska nehodilo. Orientace m\u011bla b\u00fdt na Z\u00e1pad, na Francii, Anglii, na USA (jakkoli se po dvaceti letech uk\u00e1zalo, \u017ee to byla cesta do pekel, proto\u017ee n\u00e1s Z\u00e1pad \u2013 jako v\u017edy \u2013 s chut\u00ed zradil). Tuto linii naopak reprezentoval Masaryk\u016fv Hrad a prohradn\u00ed politick\u00e9 strany, podobn\u011b jako u polistopadov\u00e9ho \u010cSFR a n\u00e1slednick\u00e9ho st\u00e1tu \u010cesk\u00e9 republiky to byl V\u00e1clav Havel a jeho poh\u016fnci. Dal\u0161\u00ed prezidenti, Klaus a Zeman (Zeman ale jen ve sv\u00e9m prvn\u00edm prezidentsk\u00e9m obdob\u00ed) byli zvoleni tak\u00e9 sp\u00ed\u0161e \u201enedopat\u0159en\u00edm\u201c a naru\u0161ovali tak bezv\u00fdhradnou proz\u00e1padn\u00ed zahrani\u010dn\u011b politickou orientaci st\u00e1tu. A\u017e se zvolen\u00edm Petra P\u00e1vka byla tato \u201echyba v matrixu\u201c napravena. Ne, \u017ee by P\u00e1vek dosahoval kvalit Masaryka \u2013 to t\u00edm nechci ani v nejmen\u0161\u00edm nazna\u010dit \u2013 ale o to v\u011bt\u0161\u00ed je u n\u011bj z\u0159ejm\u00e1 snaha se do t\u00e9to role stylizovat, podobn\u011b jako u Havla. P\u00e1vek m\u00e1 nav\u00edc bradku a plnovous vpravd\u011b masarykovsk\u00fd a co mu do Masaryka chyb\u00ed intelektu\u00e1ln\u011b, se sna\u017e\u00ed nahrazovat viz\u00e1\u017e\u00ed. Docela se div\u00edm, \u017ee ho v r\u00e1mci divok\u00e9 medi\u00e1ln\u00ed tla\u010denky p\u0159ed volbami neposadili na kon\u011b a na hlavu mu nedali masarykovskou k\u0161iltovku\u2026 ale i beztoho u\u017e docela ch\u00e1pu, pro\u010d v\u011bt\u0161ina antikomunisticky nalad\u011bn\u00fdch pravdol\u00e1ska\u0159\u016f volila tohoto b\u00fdval\u00e9ho komunistick\u00e9ho k\u00e1dra.<\/p>\n<p>Ale zp\u011bt k prvn\u00ed republice \u2013 N\u00e1rodn\u00ed demokracie \u0161la brzy od v\u00e1lu, proto\u017ee se tomuto hradn\u00edmu kurzu vzpouzela, v\u00fdvoj \u0161el nav\u00edc doleva, tak\u017ee podpora konzervativc\u016f st\u00e1le klesala, navzdory d\u0159\u00edv\u011bj\u0161\u00edm Kram\u00e1\u0159ov\u00fdm z\u00e1sluh\u00e1m. Po v\u00e1lce se pak Bene\u0161 zasadil o posledn\u00ed drtiv\u00fd \u00fader, kdy\u017e N\u00e1rodn\u00ed demokracie nebyla povolena a obnovena \u2013 tak\u017ee na dlouh\u00e9 dek\u00e1dy p\u0159estala existovat. A\u017e do roku 2014, kdy jsme ji obnovili my a v\u011bdom\u011b na ni nav\u00e1zali\u2026 Se v\u0161\u00ed jej\u00ed slavnou minulost\u00ed ale neseme i druhou stranu jej\u00edho \u00fad\u011blu, \u010d\u00edm\u017e je nepohodlnost pro syst\u00e9m a \u0161ikana kv\u016fli pravd\u011b, kter\u00e9 se dr\u017e\u00edme (viz Kram\u00e1\u0159ovou heslo \u201epravdou t\u0159ebas proti v\u0161em\u201c\u2026)<\/p>\n<p>I n\u00e1s pak prov\u00e1zela medi\u00e1ln\u00ed \u0161ikana, policejn\u00ed teror, trestn\u00ed st\u00edh\u00e1n\u00ed, v\u0161emo\u017en\u00e9 postihy a ostrakizace, proto\u017ee n\u00e1rodn\u011b-demokratick\u00e9 (rozum\u011bj nacionalistick\u00e9) my\u0161lence st\u00e1le nen\u00ed dovoleno p\u016fsobit. A to nejen ze strany st\u00e1tu, ale \u2013 paradoxn\u011b \u2013 i ze strany r\u016fzn\u00fdch konkuren\u010dn\u00edch vlasteneck\u00fdch uskupen\u00ed a iniciativ, kter\u00e9 se n\u00e1s boj\u00ed a nevid\u00ed v n\u00e1s partnera, ale konkurenci a protivn\u00edka, proto\u017ee na rozd\u00edl od nich jsme jednozna\u010dn\u011b vyt\u00fd\u010dili svoji pozici, kter\u00e1 se s tou jejich nepotk\u00e1v\u00e1. A to je pro mnoho sou\u010dasn\u00fdch vlastenc\u016f t\u00e9ma natolik nepochopen\u00e9 (nepochopiteln\u00e9) nebo ob\u00e1van\u00e9, \u017ee ani v dob\u011b v\u0161eobecn\u00e9ho vol\u00e1n\u00ed po sjednocen\u00ed (dost \u010dasto jimi samotn\u00fdmi deklarovan\u00e9ho) a dokonce ani v dob\u011b p\u0159\u00edm\u00e9ho ohro\u017een\u00ed st\u00e1tu (jak s tomu dnes d\u011bje), n\u00e1s mezi sebe necht\u011bj\u00ed pustit. Maj\u00ed strach. Proto jsme nebyli zv\u00e1ni na podzimn\u00ed protivl\u00e1dn\u00ed demonstrace, kde naopak dost\u00e1vali slovo r\u016fzn\u00ed zedn\u00e1\u0159i jako pana \u0160arapatka a dal\u0161\u00ed. Proto \u201evlastenci\u201c necht\u011bli dovolit, abychom se p\u0159ipojili k podpo\u0159e Ba\u0161ty p\u0159ed prvn\u00edm kolem prezidentsk\u00e9 volby. Nyn\u00ed chyst\u00e1 demonstraci pan Rajchl. I on u\u017e jasn\u011b deklaroval, \u017ee s N\u00e1rodn\u00ed demokraci\u00ed nepo\u010d\u00edt\u00e1, podobn\u011b jako d\u0159\u00edve pan Voln\u00fd a dal\u0161\u00ed \u201emesi\u00e1\u0161i\u201c. Mohli bychom se c\u00edtit uk\u0159ivd\u011bn\u00ed, ale proto\u017ee jsme strana st\u00e1totvorn\u00e1, demonstraci 11. b\u0159ezna podpo\u0159\u00edme. Budeme tam, i kdy\u017e p\u00f3dium bude vyhrazeno jen pro ty \u201ehodn\u00e9\u201c, kte\u0159\u00ed cht\u011bj\u00ed syst\u00e9m pouze reformovat, ale v z\u00e1sad\u011b jim nijak jinak nevad\u00ed, nebo, abychom byli p\u0159esn\u011bj\u0161\u00ed, \u010dasto jsou motivov\u00e1ni pouze snahou dostat se mezi vyvolen\u00e9. To posledn\u00ed, na co by cht\u011bli poukazovat, je t\u00e9ma, kter\u00e9 je naopak pro N\u00e1rodn\u00ed demokracii kl\u00ed\u010dov\u00e9 \u2013 nacionalistick\u00fd princip a v\u0161e s t\u00edm souvisej\u00edc\u00ed. Tedy smutn\u00fd fakt, \u017ee si nevl\u00e1dneme sami, ale \u017ee n\u00e1m vl\u00e1dnou ciz\u00e1ci, kter\u00fdm v tom u n\u00e1s doma pom\u00e1haj\u00ed politici, kte\u0159\u00ed se sice k \u010de\u0161stv\u00ed nomin\u00e1ln\u011b hl\u00e1s\u00ed, ale \u010desk\u00e9 krve by se v nich nedo\u0159ezal. A ti, kte\u0159\u00ed ji maj\u00ed, v z\u00e1sad\u011b s takto nastaven\u00fdm syst\u00e9mem kolaboruj\u00ed \u2013 bu\u010f jsou pozitivn\u011b nebo negativn\u011b motivovan\u00ed (ti, co sed\u00ed v parlamentu) a nebo ho jen naoko kritizuj\u00ed, ale nikdy nejdou ke ko\u0159enu probl\u00e9mu, nikdy nep\u0159ekro\u010d\u00ed \u010dervenou linii (ti, co se z neparlamentn\u00edch pozic sna\u017e\u00ed dostat do t\u011bch parlamentn\u00edch).<\/p>\n<p>P\u00ed\u0161i to ne proto, abych si st\u011b\u017eoval, ale abych vysv\u011btlil na\u0161i pozici \u2013 my jsme toti\u017e z na\u0161eho programu neuhnuli, a proto jsme st\u00e1le nebyli \u201evzati na milost\u201c ani na t\u00e9 r\u00e1doby vlasteneck\u00e9 sc\u00e9n\u011b. A popravd\u011b \u2013 ani se o to nepokou\u0161\u00edme. Sna\u017e\u00edme se sice o spolupr\u00e1ci s ka\u017ed\u00fdm, kdo se vlastenectv\u00edm za\u0161ti\u0165uje (a jedno, zda je to \u201ezleva\u201c \u010di \u201ezprava\u201c), ale prub\u00ed\u0159sk\u00fdm kamenem je pr\u00e1v\u011b ot\u00e1zka nacionalismu, kter\u00e1 je novodob\u00e9mu vlasteneck\u00e9mu hnut\u00ed st\u00e1le vzd\u00e1len\u00e1. Pr\u00e1v\u011b tam \u010dasto padne kosa na k\u00e1men. Ne v\u0161ak v tom smyslu, \u017ee bychom si my zakazovali spolupr\u00e1ci s t\u011bmito nov\u011b ra\u0161\u00edc\u00edmi hnut\u00edmi, stranami \u010di iniciativami, ale pr\u00e1v\u011b proto, \u017ee nacionalismus je pro n\u011b sprost\u00e9 slovo a jsou to naopak oni, kdo se spolupr\u00e1ce boj\u00ed, \u010di dokonce maj\u00ed jasn\u00e9 instrukce a t\u011bch se dr\u017e\u00ed. Podle na\u0161eho hlubok\u00e9ho p\u0159esv\u011bd\u010den\u00ed ale nic jin\u00e9ho ne\u017e \u010dist\u00fd, zdrav\u00fd a uv\u011bdom\u011bl\u00fd nacionalismus nem\u016f\u017ee vy\u0159e\u0161it sou\u010dasn\u00e9 probl\u00e9my, do kter\u00fdch \u010desk\u00fd n\u00e1rod zab\u0159edl\u2026<\/p>\n<p>Mnoho oby\u010dejn\u00fdch lid\u00ed, probuzen\u00fdch st\u00e1le agresivn\u011bj\u0161\u00ed, protilidovou a protin\u00e1rodn\u00ed politikou \u010desk\u00e9ho politick\u00e9ho establishmentu (ale nejen \u010desk\u00e9ho, v\u017edy\u0165 se tradi\u010dn\u011b z velk\u00e9 \u010d\u00e1sti rekrutuje i z Moravy, viz nejnov\u011bj\u0161\u00ed vejlupek z Brna, pan premi\u00e9r H\u0148up, ale i p\u0159ed n\u00edm bylo mnoho po sob\u011b jdouc\u00edch premi\u00e9r\u016f z Moravy: Paroubek, Topol\u00e1nek, Ne\u010das, Rusnok, Sobotka, jeden dokonce z Bratislavy, tak\u017ee tady se sice st\u00e1le nad\u00e1v\u00e1 na Prahu, ale od roku 2005 jsou u moci premi\u00e9\u0159i z Moravy a nejen premi\u00e9\u0159i: z 19 \u010dlen\u016f Fialovy vl\u00e1dy je jeden\u00e1ct ministr\u016f p\u016fvodem z Moravy, nevi\u0148te tedy ze v\u0161eho Prahu), je st\u00e1le sv\u00e1d\u011bno na scest\u00ed v\u0161emo\u017en\u00fdmi \u201emesi\u00e1\u0161i\u201c na jedno pou\u017eit\u00ed, kte\u0159\u00ed sice p\u011bkn\u011b mluv\u00ed a dovedou vyc\u00edtit to, co lid p\u00e1l\u00ed, ale nerozum\u011bj\u00ed (nebo sp\u00ed\u0161e necht\u011bj\u00ed rozum\u011bt), o co tady jde ve skute\u010dnosti. P\u0159itom mnoho z toho, co se dnes d\u011bje, si p\u0159\u00edmo zasluhuje, ba p\u0159\u00edmo k\u0159i\u010d\u00ed o to, aby bylo spr\u00e1vn\u011b pojmenov\u00e1no. Proto\u017ee jinak \u0159e\u0161\u00edme st\u00e1le jen d\u016fsledky, ale nikoli p\u0159\u00ed\u010diny.<\/p>\n<p>Bohu\u017eel se zd\u00e1, \u017ee v t\u00e9to pasti \u2013 kdy m\u00edsto nacionalismu je nab\u00edzeno pouze um\u00edrn\u011bn\u00e9 a vpravd\u011b pro na\u0161e ideov\u00e9 nep\u0159\u00e1tele ne\u0161kodn\u00e9 vlastenectv\u00ed \u2013 v\u0161ichni uv\u00edzneme, proto\u017ee n\u00e1m v\u0161em doch\u00e1z\u00ed \u010das. P\u0159irozen\u00e9 spojenectv\u00ed nacionalismu a vlastenectv\u00ed (k jeho\u017e nav\u00e1z\u00e1n\u00ed a utu\u017een\u00ed bychom pot\u0159ebovali \u010das) je ohro\u017eov\u00e1no kvapem p\u0159ich\u00e1zej\u00edc\u00ed v\u00e1lky, kter\u00e1 sice m\u016f\u017ee toto spojenectv\u00ed na jedn\u00e9 stran\u011b usp\u00ed\u0161it, ale bude tomu tak pr\u00e1v\u011b u\u017e ne v podm\u00ednk\u00e1ch m\u00edru, kter\u00fd bychom si v\u0161ichni p\u0159\u00e1li, ale v prost\u0159ed\u00ed v\u00e1lky, kter\u00e9 se v\u0161ichni d\u011bs\u00edme. A to u\u017e na mnoh\u00e9 v\u011bci bude pozd\u011b, proto\u017ee na \u201efront\u011b\u201c sice tyto rozd\u00edly mohou j\u00edt stranou a animozity budou hr\u016fzami v\u00e1lky jistojist\u011b p\u0159ekon\u00e1ny, ale za cenu velk\u00fdch ob\u011bt\u00ed a ztr\u00e1t cel\u00e9ho n\u00e1roda. To, \u010deho mohlo b\u00fdt snadno dosa\u017eeno v dob\u00e1ch m\u00edru (kdyby k tomu byla b\u00fdvala v\u016fle), se bude slo\u017eit\u011b doh\u00e1n\u011bt v dob\u011b v\u0161eobecn\u00e9 zk\u00e1zy\u2026<\/p>\n<hr \/>\n<p>P\u0159ed rokem do\u0161lo k rusk\u00e9 invazi na Ukrajinu. Posledn\u00edm h\u0159eb\u00ed\u010dkem do pomysln\u00e9 rakve m\u00edru bylo prohl\u00e1\u0161en\u00ed V. Zelensk\u00e9ho na Mnichovsk\u00e9 bezpe\u010dnostn\u00ed konferenci, kde se ukrajinsk\u00fd komediant 19. \u00fanora 2022 nechal sly\u0161et, \u017ee Ukrajina by m\u011bla m\u00edt jadern\u00e9 zbran\u011b. Sil\u00e1ck\u00e1 gesta a sil\u00e1ck\u00e9 v\u00fdroky si vybraly svoji da\u0148. O p\u00e1r dn\u00ed pozd\u011bji zapo\u010dala SVO\u2026<\/p>\n<p>Ub\u011bhl rok a z ni\u010deho jsme se nepou\u010dili, ba naopak. Na t\u00e9\u017ee konferenci o \u201ebezpe\u010dnosti\u201c v Mnichov\u011b letos (prob\u00edhala p\u0159esn\u011b po roce \u2013 od 17. do 19. \u00fanora) zazn\u011bly podobn\u011b provokativn\u00ed v\u00fdroky, kter\u00e9 s m\u00edrem u\u017e nepo\u010d\u00edtaj\u00ed, jen s eskalac\u00ed konfliktu. Zat\u00edmco p\u0159ed rokem se Z\u00e1pad zdr\u00e1hal dod\u00e1vat na Ukrajinu jist\u00e9 typy zbran\u00ed a N\u011bmecko dod\u00e1valo jen vojensk\u00e9 p\u0159\u00edlby, dnes je v\u0161e jinak. Jak\u00fdsi britsk\u00fd premi\u00e9r s nebritsk\u00fdm jm\u00e9nem a viz\u00e1\u017e\u00ed otev\u0159en\u011b hovo\u0159\u00ed o zbran\u00edch dlouh\u00e9ho doletu a dal\u0161\u00edch \u0161\u00edlenostech, kter\u00e9 n\u00e1s m\u00edlov\u00fdmi kroky p\u0159ibli\u017euj\u00ed apokalypse. A nejde o nepromy\u0161lenost, p\u0159e\u0159eknut\u00ed, politickou nevyzr\u00e1lost. Je v tom z\u00e1m\u011br, je v tom pl\u00e1n, je to c\u00edl. \u010cesk\u00fd prezident P\u00e1vek se zelen\u00fdm mozkem u toho nemohl chyb\u011bt. Ob\u00e1v\u00e1m se, \u017ee jako podobn\u00e9 provokativn\u00ed v\u00fdroky vedly p\u0159ed rokem k za\u017eehnut\u00ed ukrajinsko-rusk\u00e9ho konfliktu, povedou leto\u0161n\u00ed nem\u00e9n\u011b nebezpe\u010dn\u00e9 v\u00fdroky \u2013 t\u00e9m\u011b\u0159 na den p\u0159esn\u011b rok pot\u00e9 \u2013 k otev\u0159en\u00e9mu konfliktu mezi NATO a Ruskem. Z toho nem\u016f\u017ee m\u00edt \u017e\u00e1dn\u00fd norm\u00e1ln\u00ed \u010dlov\u011bk radost.<\/p>\n<p>I proto podpo\u0159\u00edme b\u0159eznovou demonstraci, na kterou nejsme zv\u00e1ni. Chceme toti\u017e m\u00edr, nechceme v\u00e1lku. To je asi ten nejvy\u0161\u0161\u00ed spole\u010dn\u00fd jmenovatel, kter\u00fd my, n\u00e1rodovci, m\u016f\u017eeme s vlastenci naj\u00edt, ale ob\u00e1v\u00e1m se, \u017ee tento pragmatick\u00fd p\u0159\u00edstup bude pouze jednosm\u011brn\u00fd \u2013 od n\u00e1s, n\u00e1rodovc\u016f, k liber\u00e1l\u016fm typu Rajchla, Svobodn\u00fdch, Trikol\u00f3ry a podobn\u00fdch uskupen\u00ed, kte\u0159\u00ed se u slova nacionalismus o\u0161\u00edvaj\u00ed a \u010dervenaj\u00ed. Ale i to je tradice N\u00e1rodn\u00ed demokracie \u2013 kdy\u017e p\u0159i\u0161lo k ohro\u017een\u00ed republiky (Protektor\u00e1t, druh\u00e1 sv\u011btov\u00e1 v\u00e1lka), byl Ra\u0161\u00edn\u016fv syn Ladislav ochoten spojit se i s \u010dertem (Klementem Gottwaldem), proto\u017ee republika (st\u00e1t, n\u00e1rod) byla v tu chv\u00edli na prvn\u00edm m\u00edst\u011b. My to m\u00e1me podobn\u011b. Spoj\u00edme se s ka\u017ed\u00fdm, kdo bude cht\u00edt \u010desk\u00fd n\u00e1rod zachr\u00e1nit. Z\u00e1rove\u0148 ale plat\u00ed, \u017ee kdo se n\u00e1s boj\u00ed, i kdyby o \u010desk\u00e9m n\u00e1rod\u011b sebev\u00edce b\u00e1snil, ve skute\u010dnosti sleduje jin\u00e9 c\u00edle a o \u010desk\u00fd n\u00e1rod mu nejde.<\/p>\n<p>To m\u011bjme na pam\u011bti v p\u0159\u00ed\u0161t\u00edch t\u00fddnech a m\u011bs\u00edc\u00edch\u2026<\/p>\n<p>Vlasti zdar!<br \/>\n<em>Adam B. Barto\u0161<\/em><br \/>\n<em>p\u0159edseda N\u00e1rodn\u00ed demokracie<\/em><\/p>\n<p><img decoding=\"async\" loading=\"lazy\" class=\"alignnone size-full wp-image-678\" src=\"http:\/\/www.infokuryr.cz\/n\/wp-content\/uploads\/2021\/04\/narodni_demokracie_logo.jpg\" alt=\"\" width=\"300\" height=\"85\" \/><\/p>\n<p>______________________________<\/p>\n<p>&nbsp;<\/p>\n<p>&nbsp;<\/p>\n<p><img decoding=\"async\" loading=\"lazy\" class=\"wp-image-19187 aligncenter\" src=\"http:\/\/www.infokuryr.cz\/n\/wp-content\/uploads\/2022\/12\/1-PRO-300x36.jpg\" alt=\"\" width=\"1142\" height=\"137\" srcset=\"https:\/\/www.infokuryr.cz\/n\/wp-content\/uploads\/2022\/12\/1-PRO-300x36.jpg 300w, https:\/\/www.infokuryr.cz\/n\/wp-content\/uploads\/2022\/12\/1-PRO.jpg 699w\" sizes=\"(max-width: 1142px) 100vw, 1142px\" \/><\/p>\n<p>&nbsp;<\/p>\n<p>&nbsp;<\/p>\n","protected":false},"excerpt":{"rendered":"<p>V ned\u011bli jsem byl v Pardubic\u00edch. A proto\u017ee v sobotu ub\u011bhlo rovn\u00fdch sto let od&#8230;<\/p>\n","protected":false},"author":2,"featured_media":23273,"comment_status":"closed","ping_status":"closed","sticky":false,"template":"","format":"standard","meta":[],"categories":[6],"tags":[367,29,85,122],"_links":{"self":[{"href":"https:\/\/www.infokuryr.cz\/n\/wp-json\/wp\/v2\/posts\/23272"}],"collection":[{"href":"https:\/\/www.infokuryr.cz\/n\/wp-json\/wp\/v2\/posts"}],"about":[{"href":"https:\/\/www.infokuryr.cz\/n\/wp-json\/wp\/v2\/types\/post"}],"author":[{"embeddable":true,"href":"https:\/\/www.infokuryr.cz\/n\/wp-json\/wp\/v2\/users\/2"}],"replies":[{"embeddable":true,"href":"https:\/\/www.infokuryr.cz\/n\/wp-json\/wp\/v2\/comments?post=23272"}],"version-history":[{"count":1,"href":"https:\/\/www.infokuryr.cz\/n\/wp-json\/wp\/v2\/posts\/23272\/revisions"}],"predecessor-version":[{"id":23274,"href":"https:\/\/www.infokuryr.cz\/n\/wp-json\/wp\/v2\/posts\/23272\/revisions\/23274"}],"wp:featuredmedia":[{"embeddable":true,"href":"https:\/\/www.infokuryr.cz\/n\/wp-json\/wp\/v2\/media\/23273"}],"wp:attachment":[{"href":"https:\/\/www.infokuryr.cz\/n\/wp-json\/wp\/v2\/media?parent=23272"}],"wp:term":[{"taxonomy":"category","embeddable":true,"href":"https:\/\/www.infokuryr.cz\/n\/wp-json\/wp\/v2\/categories?post=23272"},{"taxonomy":"post_tag","embeddable":true,"href":"https:\/\/www.infokuryr.cz\/n\/wp-json\/wp\/v2\/tags?post=23272"}],"curies":[{"name":"wp","href":"https:\/\/api.w.org\/{rel}","templated":true}]}}