{"id":23257,"date":"2023-02-21T00:59:30","date_gmt":"2023-02-20T23:59:30","guid":{"rendered":"http:\/\/www.infokuryr.cz\/n\/?p=23257"},"modified":"2023-02-20T16:16:48","modified_gmt":"2023-02-20T15:16:48","slug":"chystame-natlakove-akce-pokud-vlada-nesplni-nase-pozadavky-jindrich-rajchl","status":"publish","type":"post","link":"https:\/\/www.infokuryr.cz\/n\/2023\/02\/21\/chystame-natlakove-akce-pokud-vlada-nesplni-nase-pozadavky-jindrich-rajchl\/","title":{"rendered":"\u201eChyst\u00e1me n\u00e1tlakov\u00e9 akce, pokud vl\u00e1da nespln\u00ed na\u0161e po\u017eadavky.\u201c \u2013 Jind\u0159ich Rajchl"},"content":{"rendered":"<div id=\"fb-root\"><\/div>\n<p>\u0160\u00e9f strany Pr\u00e1vo Respekt Odbornost (PRO) Jind\u0159ich Rajchl svol\u00e1v\u00e1 na sobotu 11. b\u0159ezna na pra\u017esk\u00e9 V\u00e1clavsk\u00e9 n\u00e1m\u011bst\u00ed demonstraci pod heslem \u010cesko proti b\u00edd\u011b. Co od t\u00e9to akce o\u010dek\u00e1v\u00e1? Jak\u00e9 si vzal pou\u010den\u00ed z velk\u00e9 z\u00e1\u0159ijov\u00e9 demonstrace, kter\u00e1 nakonec \u017e\u00e1dn\u00e9 zm\u011bny nep\u0159inesla? Do jak\u00e9 m\u00edry sd\u00edl\u00ed obavu, \u017ee dostane n\u00e1lepku jako prorusk\u00fd \u0161v\u00e1b a tak d\u00e1le? A z jak\u00e9ho d\u016fvodu se pou\u0161t\u00ed do kritiky nov\u011b zvolen\u00e9 hlavu st\u00e1tu Petra Pavla?<\/p>\n<p><iframe loading=\"lazy\" title=\"\u201eChyst\u00e1me n\u00e1tlakov\u00e9 akce, pokud vl\u00e1da nespln\u00ed na\u0161e po\u017eadavky.\u201c \u2013 Jind\u0159ich Rajchl\" width=\"640\" height=\"360\" src=\"https:\/\/www.youtube.com\/embed\/UrTASvCW1s4?start=16&#038;feature=oembed\" frameborder=\"0\" allow=\"accelerometer; autoplay; clipboard-write; encrypted-media; gyroscope; picture-in-picture; web-share\" allowfullscreen><\/iframe><\/p>\n<p>&nbsp;<\/p>\n<p><img decoding=\"async\" loading=\"lazy\" class=\"wp-image-19187 aligncenter\" src=\"http:\/\/www.infokuryr.cz\/n\/wp-content\/uploads\/2022\/12\/1-PRO-300x36.jpg\" alt=\"\" width=\"1108\" height=\"133\" srcset=\"https:\/\/www.infokuryr.cz\/n\/wp-content\/uploads\/2022\/12\/1-PRO-300x36.jpg 300w, https:\/\/www.infokuryr.cz\/n\/wp-content\/uploads\/2022\/12\/1-PRO.jpg 699w\" sizes=\"(max-width: 1108px) 100vw, 1108px\" \/><\/p>\n<p>&nbsp;<\/p>\n<p>&nbsp;<\/p>\n<p><img decoding=\"async\" loading=\"lazy\" class=\"wp-image-22607 aligncenter\" src=\"http:\/\/www.infokuryr.cz\/n\/wp-content\/uploads\/2023\/02\/cesko_proti_bide-239x300.png\" alt=\"\" width=\"638\" height=\"801\" srcset=\"https:\/\/www.infokuryr.cz\/n\/wp-content\/uploads\/2023\/02\/cesko_proti_bide-239x300.png 239w, https:\/\/www.infokuryr.cz\/n\/wp-content\/uploads\/2023\/02\/cesko_proti_bide-816x1024.png 816w, https:\/\/www.infokuryr.cz\/n\/wp-content\/uploads\/2023\/02\/cesko_proti_bide-768x964.png 768w, https:\/\/www.infokuryr.cz\/n\/wp-content\/uploads\/2023\/02\/cesko_proti_bide.png 846w\" sizes=\"(max-width: 638px) 100vw, 638px\" \/><\/p>\n<p>&nbsp;<\/p>\n<p>&nbsp;<\/p>\n","protected":false},"excerpt":{"rendered":"<p>\u0160\u00e9f strany Pr\u00e1vo Respekt Odbornost (PRO) Jind\u0159ich Rajchl svol\u00e1v\u00e1 na sobotu 11. b\u0159ezna na pra\u017esk\u00e9&#8230;<\/p>\n","protected":false},"author":2,"featured_media":20061,"comment_status":"closed","ping_status":"closed","sticky":false,"template":"","format":"standard","meta":[],"categories":[6],"tags":[2992,2663,889],"_links":{"self":[{"href":"https:\/\/www.infokuryr.cz\/n\/wp-json\/wp\/v2\/posts\/23257"}],"collection":[{"href":"https:\/\/www.infokuryr.cz\/n\/wp-json\/wp\/v2\/posts"}],"about":[{"href":"https:\/\/www.infokuryr.cz\/n\/wp-json\/wp\/v2\/types\/post"}],"author":[{"embeddable":true,"href":"https:\/\/www.infokuryr.cz\/n\/wp-json\/wp\/v2\/users\/2"}],"replies":[{"embeddable":true,"href":"https:\/\/www.infokuryr.cz\/n\/wp-json\/wp\/v2\/comments?post=23257"}],"version-history":[{"count":1,"href":"https:\/\/www.infokuryr.cz\/n\/wp-json\/wp\/v2\/posts\/23257\/revisions"}],"predecessor-version":[{"id":23258,"href":"https:\/\/www.infokuryr.cz\/n\/wp-json\/wp\/v2\/posts\/23257\/revisions\/23258"}],"wp:featuredmedia":[{"embeddable":true,"href":"https:\/\/www.infokuryr.cz\/n\/wp-json\/wp\/v2\/media\/20061"}],"wp:attachment":[{"href":"https:\/\/www.infokuryr.cz\/n\/wp-json\/wp\/v2\/media?parent=23257"}],"wp:term":[{"taxonomy":"category","embeddable":true,"href":"https:\/\/www.infokuryr.cz\/n\/wp-json\/wp\/v2\/categories?post=23257"},{"taxonomy":"post_tag","embeddable":true,"href":"https:\/\/www.infokuryr.cz\/n\/wp-json\/wp\/v2\/tags?post=23257"}],"curies":[{"name":"wp","href":"https:\/\/api.w.org\/{rel}","templated":true}]}}