{"id":23250,"date":"2023-02-20T07:47:13","date_gmt":"2023-02-20T06:47:13","guid":{"rendered":"http:\/\/www.infokuryr.cz\/n\/?p=23250"},"modified":"2023-02-20T07:47:13","modified_gmt":"2023-02-20T06:47:13","slug":"zelenskyj-stravil-dva-mesice-v-bunkru","status":"publish","type":"post","link":"https:\/\/www.infokuryr.cz\/n\/2023\/02\/20\/zelenskyj-stravil-dva-mesice-v-bunkru\/","title":{"rendered":"Zelenskyj str\u00e1vil dva m\u011bs\u00edce v Bunkru"},"content":{"rendered":"<div id=\"fb-root\"><\/div>\n<p><span style=\"font-size: 18pt;\"><strong>Minist\u0159i a pomocn\u00edci v krytu ukrajinsk\u00e9ho prezidenta byli po\u017e\u00e1d\u00e1ni, aby podepsali dohody o ml\u010denlivosti, uv\u00e1d\u00ed noviny The Times<\/strong><\/span><\/p>\n<p><span>Ukrajinsk\u00fd prezident Vladimir Zelenskij a jeho spolupracovn\u00edci str\u00e1vili po vypuknut\u00ed konfliktu s Ruskem m\u00edsto pl\u00e1novan\u00fdch dvou t\u00fddn\u016f t\u00e9m\u011b\u0159 dva m\u011bs\u00edce v bunkru a prod\u011blali zna\u010dn\u00e9 \u00fatrapy, uvedl list The Times.<\/span><\/p>\n<p><span>Ukrajinsk\u00e1 vl\u00e1da\u00a0<\/span><em><span>\u201eokam\u017eit\u011b\u201c<\/span><\/em><span>\u00a0sestoupila do zabezpe\u010den\u00e9ho \u00fakrytu pod prezidentskou kancel\u00e1\u0159\u00ed na ulici Bankovaya v centru Kyjeva, kdy\u017e byla 24. \u00fanora 2022 zah\u00e1jena rusk\u00e1 vojensk\u00e1 operace, informovaly v sobotu britsk\u00e9 noviny.<\/span><\/p>\n<p><span>Utajen\u00ed kolem bunkru bylo tak vysok\u00e9, \u017ee ti, kdo doprov\u00e1zeli hlavu st\u00e1tu v podzem\u00ed, museli podepsat zvl\u00e1\u0161tn\u00ed dohodu o ml\u010denlivosti.\u00a0Podle dokumentu jim bylo zak\u00e1z\u00e1no prozradit jak\u00e9koli podrobnosti o designu krytu, um\u00edst\u011bn\u00ed, vybaven\u00ed nebo dokonce o j\u00eddle, kter\u00e9 jim bylo poskytnuto.<\/span><\/p>\n<p><span>Vzhledem k tomu, \u017ee rusk\u00e9 s\u00edly byly um\u00edst\u011bny na p\u0159edm\u011bst\u00ed Kyjeva, bylo to pro Zelensk\u00e9ho ministry a pomocn\u00edky obdob\u00ed traumatu a teroru, uvedl list.\u00a0<\/span><em><span>&#8222;U\u017e o tom moc nemluv\u00edme,&#8220;<\/span><\/em><span>\u00a0odpov\u011bd\u011bl ukrajinsk\u00fd ministr pro agr\u00e1rn\u00ed politiku a potraviny Nikolaj Solskij, kdy\u017e byl po\u017e\u00e1d\u00e1n, aby p\u0159ipomn\u011bl \u00favodn\u00ed t\u00fddny boj\u016f.<\/span><\/p>\n<p><span>Vl\u00e1dn\u00ed zasv\u011bcenec \u0159ekl The Times, \u017ee z\u016fstat v bunkru byla t\u011b\u017ek\u00e1 existence, proto\u017ee\u00a0<\/span><em><span>\u201enevid\u00edte slunce, nezn\u00e1te \u010das\u201c.<\/span><\/em><\/p>\n<p><span>Zelensk\u00e9ho t\u00fdm podle listu za\u017eil konflikt prost\u0159ednictv\u00edm sv\u00fdch iPhon\u016f.\u00a0Byli v\u017edy zanepr\u00e1zdn\u011bni a jejich sp\u00e1nek byl\u00a0<\/span><em><span>\u201eutr\u017een a \u010dasto ru\u0161en,\u201c<\/span><\/em><span>\u00a0dodal.<\/span><\/p>\n<p><span>N\u011bkte\u0159\u00ed ukrajin\u0161t\u00ed p\u0159edstavitel\u00e9 byli\u00a0<\/span><em><span>\u201eunaven\u00ed \u017eivotem v podzemn\u00edm bunkru\u201c,<\/span><\/em><span>\u00a0p\u0159i\u010dem\u017e jeden z nich se p\u0159iznal, \u017ee kdysi utekl z krytu, aby se najedl v restauraci, napsal list.<\/span><\/p>\n<p><span>Kv\u016fli obav\u00e1m, \u017ee by Kyjev mohl padnout do rukou rusk\u00fdch sil, byl podzemn\u00ed pobyt veden\u00ed zem\u011b prodlou\u017een, uvedl vl\u00e1dn\u00ed zdroj The Times.<\/span><\/p>\n<p><span>Podle listu Zelenskyj vy\u0161el z krytu jen \u010das od \u010dasu, aby nahr\u00e1l video zpr\u00e1vy,\u00a0<\/span><em><span>\u201eaby lidi ujistil, \u017ee neutekl\u201c.<\/span><\/em><\/p>\n<p><span>Za\u010d\u00e1tkem tohoto m\u011bs\u00edce b\u00fdval\u00fd izraelsk\u00fd premi\u00e9r Naftali Bennett, kter\u00fd v t\u00e9 dob\u011b zprost\u0159edkov\u00e1val kontakty mezi Moskvou a Kyjevem, prozradil, \u017ee Zelenskij za\u010dal pron\u00e1\u0161et sv\u00e9 projevy a\u017e pot\u00e9, co byl uji\u0161t\u011bn, \u017ee rusk\u00fd prezident Vladimir Putin nem\u00e1 v pl\u00e1nu ho zlikvidovat.<\/span><\/p>\n<p><span>Bennett tvrdil, \u017ee si takov\u00fd slib od Putina zajistil b\u011bhem jedn\u00e1n\u00ed v rusk\u00e9 metropoli, a hned po odchodu z Kremlu zatelefonoval Zelensk\u00e9mu.\u00a0O dv\u011b hodiny pozd\u011bji ukrajinsk\u00fd v\u016fdce zve\u0159ejnil video ze sv\u00e9 kancel\u00e1\u0159e v Kyjev\u011b, kde vysv\u011btlil, \u017ee se\u00a0<\/span><em><span>\u201eneskr\u00fdv\u00e1\u201c<\/span><\/em><span>\u00a0a\u00a0<\/span><em><span>\u201enikoho se neboj\u00ed,\u201c<\/span><\/em><span>\u00a0\u0159ekl.<\/span><\/p>\n<p><img decoding=\"async\" loading=\"lazy\" class=\"alignnone size-full wp-image-1185\" src=\"http:\/\/www.infokuryr.cz\/n\/wp-content\/uploads\/2021\/04\/kuryr-podpis.png\" alt=\"\" width=\"84\" height=\"24\" \/><\/p>\n<p>&nbsp;<\/p>\n<p><img decoding=\"async\" loading=\"lazy\" class=\"wp-image-19187 aligncenter\" src=\"http:\/\/www.infokuryr.cz\/n\/wp-content\/uploads\/2022\/12\/1-PRO-300x36.jpg\" alt=\"\" width=\"1133\" height=\"136\" srcset=\"https:\/\/www.infokuryr.cz\/n\/wp-content\/uploads\/2022\/12\/1-PRO-300x36.jpg 300w, https:\/\/www.infokuryr.cz\/n\/wp-content\/uploads\/2022\/12\/1-PRO.jpg 699w\" sizes=\"(max-width: 1133px) 100vw, 1133px\" \/><\/p>\n<p>&nbsp;<\/p>\n<p>&nbsp;<\/p>\n","protected":false},"excerpt":{"rendered":"<p>Minist\u0159i a pomocn\u00edci v krytu ukrajinsk\u00e9ho prezidenta byli po\u017e\u00e1d\u00e1ni, aby podepsali dohody o ml\u010denlivosti, uv\u00e1d\u00ed&#8230;<\/p>\n","protected":false},"author":2,"featured_media":8973,"comment_status":"closed","ping_status":"closed","sticky":false,"template":"","format":"standard","meta":[],"categories":[7],"tags":[3234,26,1000],"_links":{"self":[{"href":"https:\/\/www.infokuryr.cz\/n\/wp-json\/wp\/v2\/posts\/23250"}],"collection":[{"href":"https:\/\/www.infokuryr.cz\/n\/wp-json\/wp\/v2\/posts"}],"about":[{"href":"https:\/\/www.infokuryr.cz\/n\/wp-json\/wp\/v2\/types\/post"}],"author":[{"embeddable":true,"href":"https:\/\/www.infokuryr.cz\/n\/wp-json\/wp\/v2\/users\/2"}],"replies":[{"embeddable":true,"href":"https:\/\/www.infokuryr.cz\/n\/wp-json\/wp\/v2\/comments?post=23250"}],"version-history":[{"count":0,"href":"https:\/\/www.infokuryr.cz\/n\/wp-json\/wp\/v2\/posts\/23250\/revisions"}],"wp:featuredmedia":[{"embeddable":true,"href":"https:\/\/www.infokuryr.cz\/n\/wp-json\/wp\/v2\/media\/8973"}],"wp:attachment":[{"href":"https:\/\/www.infokuryr.cz\/n\/wp-json\/wp\/v2\/media?parent=23250"}],"wp:term":[{"taxonomy":"category","embeddable":true,"href":"https:\/\/www.infokuryr.cz\/n\/wp-json\/wp\/v2\/categories?post=23250"},{"taxonomy":"post_tag","embeddable":true,"href":"https:\/\/www.infokuryr.cz\/n\/wp-json\/wp\/v2\/tags?post=23250"}],"curies":[{"name":"wp","href":"https:\/\/api.w.org\/{rel}","templated":true}]}}