{"id":23230,"date":"2023-02-20T05:54:11","date_gmt":"2023-02-20T04:54:11","guid":{"rendered":"http:\/\/www.infokuryr.cz\/n\/?p=23230"},"modified":"2023-02-20T05:54:11","modified_gmt":"2023-02-20T04:54:11","slug":"novy-prezident-reprezentuje-na-polske-trznici-ministr-zdravotnictvi-je-hulvat","status":"publish","type":"post","link":"https:\/\/www.infokuryr.cz\/n\/2023\/02\/20\/novy-prezident-reprezentuje-na-polske-trznici-ministr-zdravotnictvi-je-hulvat\/","title":{"rendered":"Nov\u00fd \u201epRezident\u201c reprezentuje na polsk\u00e9 tr\u017enici, ministr zdravotnictv\u00ed je hulv\u00e1t\u2026"},"content":{"rendered":"<div id=\"fb-root\"><\/div>\n<h2 class=\"entry-title\">Nastr\u010den\u00e9 havlistick\u00e9 k\u00e1dry 4. kategorie, kter\u00e9 \u0159\u00edd\u00ed nik\u00fdm nevolen\u00ed \u201ezmocn\u011bnci a poradci\u201c<\/h2>\n<p><strong>Nov\u011b zvolen\u00fd pRezident \u010ceska P. Pavel vyrazil s ochrankou\u00a0<a href=\"https:\/\/www.parlamentnilisty.cz\/arena\/monitor\/VIDEO-General-Pavel-v-Polsku-Na-nakupech-Ukazka-urovne-ceskych-duchodcu-zazniva-729692\">u\u0161et\u0159it p\u00e1r korun na tr\u017enici v Polsku<\/a>. D\u00e1 to rozum, maj\u00ed tam p\u0159ece levn\u011bj\u0161\u00ed m\u00e1slo a cukr a co je doma, to se po\u010d\u00edt\u00e1. \u017de je od voleb jin\u00e1 doba a reprezentuje celou zemi, mu zjevn\u011b je\u0161t\u011b nedo\u0161lo. Co mohl d\u011blat ob\u010dan Pavel, nem\u016f\u017ee d\u011blat \u201ezvolen\u00fd pRezident\u201c Pavel. Asi mu to PR t\u00fdm ne\u0159ekl, nebo mu jeho loutkovodi\u010di d\u011blaj\u00ed tuhle image z\u00e1m\u011brn\u011b<\/strong>. V zahrani\u010d\u00ed mus\u00ed m\u00edt nep\u0159\u00e1tel\u00e9 \u010desk\u00e9ho st\u00e1tu radost, jak se ve\u0159ejn\u011b zesm\u011b\u0161\u0148uje n\u00e1rodn\u00ed image hlavy st\u00e1tu.<\/p>\n<p><strong>Ministr zdravotnictv\u00ed V\u00e1lek (TOP 09) se, m\u00edsto v\u011bcn\u00e9 diskuze na kritiku\u00a0<a href=\"https:\/\/www.parlamentnilisty.cz\/politika\/politici-volicum\/Senatorka-Zwyrtek-Hamplova-Kdo-by-se-mel-stydet-Odpoved-je-zcela-jasna-729685\">sen\u00e1torky Zwyrtek-Hamplov\u00e9 ohledn\u011b chaosu a nedostatku z\u00e1kladn\u00edch l\u00e9k<\/a>\u016f, rad\u011bji uch\u00fdlil k \u00fatok\u016fm ad hominum na tuto d\u00e1mu, Pr\u00fd je konspir\u00e1torka.\u00a0<\/strong>V\u00e1lkovi asi ne\u0159ekli, \u017ee t<strong>akhle d\u00e1ma j\u00ed podobn\u00ed m\u011bli a maj\u00ed zat\u00edm ve v\u0161em pravdu a ka\u017ed\u00e1 jejich \u201ekonspirace\u201c se nakonec uk\u00e1zala jako pravdiv\u00e1<\/strong>. Dost mo\u017en\u00e1, \u017ee V\u00e1lka \u0159\u00edd\u00ed stejn\u00ed lid\u00e9 jako Pavla. Tak by se dalo pokra\u010dovat s p\u00ed. \u010cernochovou, Pekarovou, panem Kupkou, Barto\u0161em, Lipavsk\u00fdm, Fialou atd. atd.<\/p>\n<p>Co to vypov\u00edd\u00e1 o sou\u010dasn\u00e9 situaci a stavu \u010desk\u00e9 zem\u011b?<\/p>\n<p><strong>Havlistick\u00e9 k\u00e1dry, kter\u00e9 byly dosazeny k moci v posledn\u00edch n\u011bkolika \u201eliber\u00e1ln\u011b demokratick\u00fdch volb\u00e1ch\u201c jsou o\u010dividn\u011b 4. kategorie. Jedn\u00e1 se o soubor klaun\u016f a oportunist\u016f, kte\u0159\u00ed za p\u00e1r drobn\u00fdch klidn\u011b prodaj\u00ed vlastn\u00edm m\u00e1mu, \u010dest a sebe\u00factu.<\/strong><\/p>\n<p>Jen\u017ee to evokuje dal\u0161\u00ed ot\u00e1zku.\u00a0<strong>Pro\u010d jsou do \u0159\u00edzen\u00ed zem\u011b instalov\u00e1ny pr\u00e1v\u011b tyhle uboh\u00e9 havlistick\u00e9 k\u00e1dry? Odpov\u011bd\u00ed m\u016f\u017ee b\u00fdt n\u011bkolik. Jednak nejsou lidi: intelektu\u00e1ln\u00ed a odborn\u00e1 \u00farove\u0148 havlistick\u00e9 party je velmi n\u00edzk\u00e1 a \u017e\u00e1dn\u00fd slu\u0161n\u00fd \u010dlov\u011bk si s t\u011bmito podvodn\u00edky, devianty a bl\u00e1zny a obchodn\u00edky s hork\u00fdm vzduchem nechce zadat.\u00a0<\/strong>Jen\u017ee pro\u010d si tedy \u0159\u00edd\u00edc\u00ed org\u00e1ny havlist\u016f nep\u016fj\u010d\u00ed n\u011bjak\u00e9 \u201enez\u00e1visl\u00e9\u201c technokraty typu Havl\u00ed\u010dek z ANO apod.?<\/p>\n<p>C<strong>iz\u00edm \u0159\u00edd\u00edc\u00edm org\u00e1n\u016fm podobn\u00fd stav k\u00e1dr\u016f vyhovuje. Loutky \u010di nemehla typu V\u00e1lek, \u010cernochov\u00e1, Pavel a spol. budou nejenom plnit v\u0161echny rozkazy bez odporu (v\u010detn\u011b likvidace vlastn\u00edho n\u00e1roda), ale bude se na n\u011b moci p\u0159\u00edpadn\u011b svalit v\u0161echna vina, v p\u0159\u00edpad\u011b spole\u010densk\u00e9ho p\u0159evratu.<\/strong>\u00a0Tohle loutky nech\u00e1pou a nad\u0161en\u011b tak pracuj\u00ed i na sv\u00e9 vlastn\u00ed zk\u00e1ze.<\/p>\n<p><strong>Skute\u010dn\u00fdm sou\u010dasn\u00fdm vl\u00e1dc\u016fm provincie \u010cesko tohle vyhovuje. Uka\u017eme si to v praxi. \u010cesko sice m\u00e1 ministra zahrani\u010d\u00ed a obrany, ale o t\u011bchto ot\u00e1zk\u00e1ch dnes de facto rozhoduje \u201ezmocn\u011bnec pro zahrani\u010dn\u00ed politiku a bezpe\u010dnost\u201c jist\u00fd T. Pojar. Toho b\u011b\u017en\u00fd ob\u010dan nezn\u00e1. Tento b\u00fdval\u00fd \u0159editel v neziskovce \u010clov\u011bk v t\u00edsni a velvyslanec v Izraeli poch\u00e1zej\u00edc\u00ed z prominentn\u00ed \u017eidovsk\u00e9 rodiny, nebyl nik\u00fdm zvolen a p\u0159esto je to on, kdo o t\u011bchto ot\u00e1zk\u00e1ch ve skute\u010dnosti rozhoduje po \u201ekonzultac\u00edch s cizinou\u201c.\u00a0<\/strong>Nyn\u00ed dokonce p\u0159evzal od sv\u00e9ho soukmenovce Kl\u00edmy (Kauderse) agendu zav\u00e1d\u011bn\u00ed cenzury. Kl\u00edma nebyl vyhozen kv\u016fli zav\u00e1d\u011bn\u00ed cenzury, ale proto\u017ee cenzuru nezavedl dost rychle a mezit\u00edm se \u010desk\u00e1 gojimsk\u00e1 ve\u0159ejnost za\u010dala hlasit\u011b bou\u0159it.<\/p>\n<p>Podobn\u011b to bude i na pra\u017esk\u00e9m Hradu,\u00a0<strong>Ve\u0159ejnost se zlob\u00ed na n\u011bjak\u00e9ho P. Kol\u00e1\u0159e, ale v\u016fbec si nev\u0161\u00edm\u00e1, \u017ee hlavn\u00edm \u0159\u00eddic\u00edm org\u00e1nem Pavla m\u00e1 b\u00fdt M. \u017dantovsk\u00fd, tak\u00e9 b\u00fdval\u00fd velvyslanec v Izraeli, kter\u00fd podobn\u011b \u0159\u00eddil u\u017e V. Havla.<\/strong><\/p>\n<p>Pokud ale\u00a0<strong>dojde k zapojen\u00ed \u010ceska do v\u00e1lky a mobilizaci, tak matky padl\u00fdch voj\u00e1k\u016f nebudou vinit n\u011bjak\u00e9ho \u201ezmocn\u011bnce Pojara\u201c, o kter\u00e9m mo\u017en\u00e1 nikdy nesly\u0161eli, ale ministryni v\u00e1lky \u010cernochovou a lobbistu Kol\u00e1\u0159e.<\/strong>\u00a0Oni jsou pouze horliv\u00e9 loutky, nastr\u010den\u00e9 k odveden\u00ed pozornosti od t\u011bch, co ve skute\u010dnosti dnes rozhoduj\u00ed o osudu \u010desk\u00e9ho n\u00e1roda.\u00a0<strong>To oni budou p\u0159edhozeni davu na roztrh\u00e1n\u00ed.<\/strong><\/p>\n<p>Dok\u00e1\u017e\u00ed tohle \u010ce\u0161i pochopit?\u00a0<strong>\u010c\u00e1st ve\u0159ejnosti a t\u011bch lid\u00ed p\u0159ib\u00fdv\u00e1, to ch\u00e1pe, nebo ch\u00e1pat za\u010d\u00edn\u00e1. V\u011bt\u0161ina ale \u017eije v nev\u011bdomosti a zlob\u00ed se na loutky, m\u00edsto aby m\u00ed\u0159ila na loutkovodi\u010de.<\/strong>\u00a0Snad to t\u00e9 zat\u00edm neprobuzen\u00e9 v\u011bt\u0161in\u011b dojde v\u010das a\u00a0<strong>dok\u00e1\u017ee se zachr\u00e1nit p\u0159ed zk\u00e1zou, kterou j\u00ed zahrani\u010dn\u00ed glob\u00e1ln\u00ed finan\u010dn\u00ed oligarchie a jej\u00ed dom\u00e1c\u00ed prodlou\u017een\u00e1 ruka \u201ezmocn\u011bnc\u016f a poradc\u016f\u201c chyst\u00e1.<\/strong>\u00a0\u010casu moc nezb\u00fdv\u00e1.<\/p>\n<figure class=\"wp-block-image size-full\"><img decoding=\"async\" loading=\"lazy\" class=\"wp-image-14758 aligncenter\" src=\"https:\/\/ceskavec.com\/wp-content\/uploads\/2023\/02\/image-15.png\" sizes=\"(max-width: 526px) 100vw, 526px\" srcset=\"https:\/\/ceskavec.com\/wp-content\/uploads\/2023\/02\/image-15.png 526w, https:\/\/ceskavec.com\/wp-content\/uploads\/2023\/02\/image-15-295x300.png 295w\" alt=\"\" width=\"526\" height=\"535\" \/><figcaption class=\"wp-element-caption\">Posm\u011b\u0161n\u00fd plak\u00e1t na polsk\u00fdch soci\u00e1ln\u00edch s\u00edt\u00edch o \u201e\u010desk\u00e9m\u201c prezidentsk\u00e9m p\u00e1ru. Te\u010f mohou b\u00fdt havlist\u00e9 a jejich \u201eob\u010dansk\u00e1 spole\u010dnost\u201c opravdu hrdi na \u201esv\u00e9ho prezidenta\u201c\u2026..<\/p>\n<p><a href=\"https:\/\/ceskavec.com\/2023\/02\/novy-prezident-reprezentuje-na-polske-trznici-ministr-zdravotnictvi-hulvat-nastrcene-havlisticke-kadry-3-kategorie-ktere-ridi-nikym-nevoleni-zmocnenci-a-poradci\">Joe Nowak, Chicago, USA<\/a><\/p>\n<p><img decoding=\"async\" loading=\"lazy\" class=\"wp-image-19187 aligncenter\" src=\"http:\/\/www.infokuryr.cz\/n\/wp-content\/uploads\/2022\/12\/1-PRO-300x36.jpg\" alt=\"\" width=\"1108\" height=\"133\" srcset=\"https:\/\/www.infokuryr.cz\/n\/wp-content\/uploads\/2022\/12\/1-PRO-300x36.jpg 300w, https:\/\/www.infokuryr.cz\/n\/wp-content\/uploads\/2022\/12\/1-PRO.jpg 699w\" sizes=\"(max-width: 1108px) 100vw, 1108px\" \/><\/p>\n<\/figcaption><\/figure>\n","protected":false},"excerpt":{"rendered":"<p>Nastr\u010den\u00e9 havlistick\u00e9 k\u00e1dry 4. kategorie, kter\u00e9 \u0159\u00edd\u00ed nik\u00fdm nevolen\u00ed \u201ezmocn\u011bnci a poradci\u201c Nov\u011b zvolen\u00fd pRezident&#8230;<\/p>\n","protected":false},"author":2,"featured_media":11998,"comment_status":"closed","ping_status":"closed","sticky":false,"template":"","format":"standard","meta":[],"categories":[6],"tags":[869,4257,31,165],"_links":{"self":[{"href":"https:\/\/www.infokuryr.cz\/n\/wp-json\/wp\/v2\/posts\/23230"}],"collection":[{"href":"https:\/\/www.infokuryr.cz\/n\/wp-json\/wp\/v2\/posts"}],"about":[{"href":"https:\/\/www.infokuryr.cz\/n\/wp-json\/wp\/v2\/types\/post"}],"author":[{"embeddable":true,"href":"https:\/\/www.infokuryr.cz\/n\/wp-json\/wp\/v2\/users\/2"}],"replies":[{"embeddable":true,"href":"https:\/\/www.infokuryr.cz\/n\/wp-json\/wp\/v2\/comments?post=23230"}],"version-history":[{"count":0,"href":"https:\/\/www.infokuryr.cz\/n\/wp-json\/wp\/v2\/posts\/23230\/revisions"}],"wp:featuredmedia":[{"embeddable":true,"href":"https:\/\/www.infokuryr.cz\/n\/wp-json\/wp\/v2\/media\/11998"}],"wp:attachment":[{"href":"https:\/\/www.infokuryr.cz\/n\/wp-json\/wp\/v2\/media?parent=23230"}],"wp:term":[{"taxonomy":"category","embeddable":true,"href":"https:\/\/www.infokuryr.cz\/n\/wp-json\/wp\/v2\/categories?post=23230"},{"taxonomy":"post_tag","embeddable":true,"href":"https:\/\/www.infokuryr.cz\/n\/wp-json\/wp\/v2\/tags?post=23230"}],"curies":[{"name":"wp","href":"https:\/\/api.w.org\/{rel}","templated":true}]}}