{"id":2315,"date":"2021-06-07T11:10:20","date_gmt":"2021-06-07T09:10:20","guid":{"rendered":"http:\/\/www.infokuryr.cz\/n\/?p=2315"},"modified":"2021-06-07T11:10:20","modified_gmt":"2021-06-07T09:10:20","slug":"nejvetsi-justicni-skandal-v-dejinach-zpravodaj-osn-chce-okamzite-osvobozeni-assangeho","status":"publish","type":"post","link":"https:\/\/www.infokuryr.cz\/n\/2021\/06\/07\/nejvetsi-justicni-skandal-v-dejinach-zpravodaj-osn-chce-okamzite-osvobozeni-assangeho\/","title":{"rendered":"\u201eNejv\u011bt\u0161\u00ed justi\u010dn\u00ed skand\u00e1l v d\u011bjin\u00e1ch.\u201c Zpravodaj OSN chce okam\u017eit\u00e9 osvobozen\u00ed Assangeho"},"content":{"rendered":"<div id=\"fb-root\"><\/div>\n<p><strong>Zakladatel WikiLieaks Julian Assange \u010del\u00ed v\u011bzen\u00ed a mu\u010den\u00ed za to, \u017ee odhalil v\u00e1le\u010dn\u00e9 zlo\u010diny Z\u00e1padu, prohl\u00e1sil zvl\u00e1\u0161tn\u00ed zpravodaj OSN pro ot\u00e1zky mu\u010den\u00ed Nils Melzer t\u00fdden p\u0159ed zah\u00e1jen\u00edm summitu G7 ve Velk\u00e9 Brit\u00e1nii. Melzer podpo\u0159il petici pro novin\u00e1\u0159ovo propu\u0161t\u011bn\u00ed z v\u011bzen\u00ed.<\/strong><\/p>\n<p>Zpravodaj OSN spolu s Assangeovou snoubenkou Stellou Morisovou a \u017eenevsk\u00fdm starostou Frederiquem Perlerem vyzvali k osvobozen\u00ed\u00a0<strong>Assangeho<\/strong>\u00a0a zru\u0161en\u00ed procedury jeho extradice do USA.<\/p>\n<p>Melzer, kter\u00fd rovn\u011b\u017e p\u016fsob\u00ed jako p\u0159edseda pro lidsk\u00e1 pr\u00e1va na \u017denevsk\u00e9 akademii, ozna\u010dil Assangeho v\u011bzn\u011bn\u00ed za \u201ejeden z nejv\u011bt\u0161\u00edch justi\u010dn\u00edch skand\u00e1l\u016f v d\u011bjin\u00e1ch\u201c. Podle n\u011bj zakladatel WikiLeaks spolu s dal\u0161\u00edmi oznamovateli korup\u010dn\u00edho jedn\u00e1n\u00ed americk\u00fdch \u00fa\u0159ad\u016f Edwardem Snowdenem a Chelsea Manningovou jsou \u201ekostlivci ve sk\u0159\u00edni z\u00e1padn\u00edch zem\u00ed\u201c.<\/p>\n<p>\u201eJe to p\u0159\u00edb\u011bh \u010dlov\u011bka, kter\u00fd je st\u00edh\u00e1n v na\u0161\u00ed \u010d\u00e1sti sv\u011bta za to, \u017ee \u0159ekl pravdu,\u201c uvedl Melzer. \u201eOdhalil v\u00e1le\u010dn\u00e9 zlo\u010diny, odhalil mu\u010den\u00ed a odhalil korupci. Je to nep\u0159\u00edjemn\u00e1 pravda,\u201c poznamenal zpravodaj OSN.<\/p>\n<p>Melzer se d\u00e1le pozastavil, zda sv\u011btov\u00ed l\u00edd\u0159i u\u010d\u00ed sv\u00e9 d\u011bti, \u017ee \u0159\u00edkat pravdu je \u0161patn\u00e1 v\u011bc.<\/p>\n<p>Mezit\u00edm v \u017denev\u011b, kde m\u00e1 doj\u00edt k\u00a0summitu prezident\u016f USA a Ruska, byl postaven do\u010dasn\u00fd pomn\u00edk v\u011bnovan\u00fd\u00a0Assangemu, Snowdenovi a Manningovi. Pomn\u00edk vyhotovil italsk\u00fd um\u011blec Davide Dormino ji\u017e v roce 2015 a p\u0159edstavuje t\u0159i postavy, kter\u00e9 stoj\u00ed na \u017eidl\u00edch a vedle nich je \u010dtvrt\u00e1 pr\u00e1zdn\u00e1 \u017eidle.<\/p>\n<p>\u017denevsk\u00fd tiskov\u00fd klub organizoval petici, ve kter\u00e9\u00a0po\u017eaduje\u00a0okam\u017eit\u00e9 propu\u0161t\u011bn\u00ed Assangeho.<\/p>\n<p>\u201eVe jm\u00e9nu \u00facty k nezciziteln\u00fdm lidsk\u00fdm pr\u00e1v\u016fm a hodnot\u00e1m prosazovan\u00fdm lidskopr\u00e1vn\u00edmi organizacemi se s\u00eddlem v \u017denev\u011b,\u201c vyzval \u017denevsk\u00fd tiskov\u00fd klub britsk\u00e9 \u00fa\u0159ady k \u201eodm\u00edtnut\u00ed extradice Juliana Assange a navr\u00e1cen\u00ed jeho svobody\u201c.<\/p>\n<p>\u017denevsk\u00fd tiskov\u00fd klub d\u00e1le vyzval demokratick\u00e9 zem\u011b v\u010detn\u011b \u0160v\u00fdcarska, aby na sv\u00e9m \u00fazem\u00ed poskytly Assangemu \u00fato\u010di\u0161t\u011b, kde by byl chr\u00e1n\u011bn p\u0159ed dal\u0161\u00edm st\u00edh\u00e1n\u00edm.<\/p>\n<p>Assange, ani\u017e by byl uzn\u00e1n vinn\u00fdm z jak\u00e9hokoli zlo\u010dinu, ji\u017e dva roky\u00a0tr\u00e1v\u00ed\u00a0ve V\u011bzen\u00ed Jej\u00edho Veli\u010denstva Belmarsh, kde jsou spolu s n\u00edm v\u011bzn\u011bn\u00ed ti nejnebezpe\u010dn\u011bj\u0161\u00ed zlo\u010dinci v Brit\u00e1nii, v\u010detn\u011b terorist\u016f, s\u00e9riov\u00fdch vrah\u016f a n\u00e1siln\u00edk\u016f. Assange nad\u00e1le z\u016fst\u00e1v\u00e1 uv\u011bzn\u011bn, p\u0159esto\u017ee v lednu\u00a0soud zam\u00edtl jeho vyd\u00e1n\u00ed do USA\u00a0kv\u016fli jeho du\u0161evn\u00edmu stavu. Americk\u00e1 vl\u00e1da se ale proti rozhodnut\u00ed odvolala.<\/p>\n<p>Assangeho snoubenka v sobotu novin\u00e1\u0159\u016fm \u0159ekla, \u017ee je zakladatel WikiLeaks ve velmi \u0161patn\u00e9m stavu a nedok\u00e1\u017ee ani dokon\u010dit v\u011btu. Podle n\u00ed je 22 hodin denn\u011b uzav\u0159en ve velmi mal\u00e9 cele.<\/p>\n<p>\u201eJulian nem\u00e1 n\u00e1silnick\u00e9 sklony, nen\u00ed nebezpe\u010dn\u00fd v\u016f\u010di spole\u010dnosti. Je vydavatel a jeho p\u0159\u00edpad je o svobod\u011b informac\u00ed. Tato situace zostuzuje britsk\u00fd justi\u010dn\u00ed syst\u00e9m,\u201c cituje Morrisovou den\u00edk Daily Mail.<\/p>\n<p>Podle n\u00ed by britsk\u00fd premi\u00e9r Boris Johnson m\u011bl na summitu G7 po\u017e\u00e1dat americk\u00e9ho prezidenta Joe Bidena, aby USA p\u0159estaly st\u00edhat Assangeho.<\/p>\n<p>Summit G7 se bude konat ve Velk\u00e9 Brit\u00e1nii ve dnech 11. a\u017e 13. \u010dervna.<\/p>\n<p><a href=\"https:\/\/cz.sputniknews.com\/20210607\/nejvetsi-justicni-skandal-v-dejinach-zpravodaj-osn-chce-okamzite-osvobozeni-assangeho-14756635.html\">ZDROJ<\/a><\/p>\n","protected":false},"excerpt":{"rendered":"<p>Zakladatel WikiLieaks Julian Assange \u010del\u00ed v\u011bzen\u00ed a mu\u010den\u00ed za to, \u017ee odhalil v\u00e1le\u010dn\u00e9 zlo\u010diny Z\u00e1padu,&#8230;<\/p>\n","protected":false},"author":2,"featured_media":2316,"comment_status":"closed","ping_status":"closed","sticky":false,"template":"","format":"standard","meta":[],"categories":[7],"tags":[552,323,33,144,410,37],"_links":{"self":[{"href":"https:\/\/www.infokuryr.cz\/n\/wp-json\/wp\/v2\/posts\/2315"}],"collection":[{"href":"https:\/\/www.infokuryr.cz\/n\/wp-json\/wp\/v2\/posts"}],"about":[{"href":"https:\/\/www.infokuryr.cz\/n\/wp-json\/wp\/v2\/types\/post"}],"author":[{"embeddable":true,"href":"https:\/\/www.infokuryr.cz\/n\/wp-json\/wp\/v2\/users\/2"}],"replies":[{"embeddable":true,"href":"https:\/\/www.infokuryr.cz\/n\/wp-json\/wp\/v2\/comments?post=2315"}],"version-history":[{"count":0,"href":"https:\/\/www.infokuryr.cz\/n\/wp-json\/wp\/v2\/posts\/2315\/revisions"}],"wp:featuredmedia":[{"embeddable":true,"href":"https:\/\/www.infokuryr.cz\/n\/wp-json\/wp\/v2\/media\/2316"}],"wp:attachment":[{"href":"https:\/\/www.infokuryr.cz\/n\/wp-json\/wp\/v2\/media?parent=2315"}],"wp:term":[{"taxonomy":"category","embeddable":true,"href":"https:\/\/www.infokuryr.cz\/n\/wp-json\/wp\/v2\/categories?post=2315"},{"taxonomy":"post_tag","embeddable":true,"href":"https:\/\/www.infokuryr.cz\/n\/wp-json\/wp\/v2\/tags?post=2315"}],"curies":[{"name":"wp","href":"https:\/\/api.w.org\/{rel}","templated":true}]}}