{"id":23127,"date":"2023-02-18T01:14:11","date_gmt":"2023-02-18T00:14:11","guid":{"rendered":"http:\/\/www.infokuryr.cz\/n\/?p=23127"},"modified":"2023-02-17T15:32:13","modified_gmt":"2023-02-17T14:32:13","slug":"rusko-reaguje-na-americkou-podporu-uderu-na-krym","status":"publish","type":"post","link":"https:\/\/www.infokuryr.cz\/n\/2023\/02\/18\/rusko-reaguje-na-americkou-podporu-uderu-na-krym\/","title":{"rendered":"Rusko reaguje na americkou \u201epodporu\u201c \u00fader\u016f na Krym"},"content":{"rendered":"<div id=\"fb-root\"><\/div>\n<p><span style=\"font-size: 18pt;\"><strong>Washington podporuje ambice Kyjeva za\u00fato\u010dit na \u00fazem\u00ed Moskvy, varuje ambas\u00e1da<\/strong><\/span><\/p>\n<p><span>Spojen\u00e9 st\u00e1ty znovu potvrdily svou p\u0159\u00edmou \u00fa\u010dast v konfliktu mezi Ruskem a Ukrajinou, tvrd\u00ed moskevsk\u00e1 ambas\u00e1da ve Washingtonu.\u00a0Prohl\u00e1\u0161en\u00ed p\u0159i\u0161lo pot\u00e9, co n\u00e1m\u011bstkyn\u011b ministra zahrani\u010d\u00ed USA pro politick\u00e9 z\u00e1le\u017eitosti Victoria Nulandov\u00e1 uvedla, \u017ee vojensk\u00e9 objekty na Krymu jsou pro Ukrajinu\u00a0<\/span><em><span>\u201elegitimn\u00edm c\u00edlem\u201c<\/span><\/em><span>\u00a0a \u017ee jej\u00ed zem\u011b\u00a0<\/span><em><span>\u201epodporuje\u201c<\/span><\/em><span>\u00a0\u00fatoky na n\u011b.<\/span><\/p>\n<p><span>Nulandov\u00e1\u00a0<\/span><em><span>\u201ep\u0159iznala, \u017ee [Bidenova] administrativa podporuje ambice kyjevsk\u00e9ho re\u017eimu za\u00fato\u010dit na na\u0161i zemi,\u201c<\/span><\/em><span>\u00a0argumentovalo rusk\u00e9 velvyslanectv\u00ed v p\u00e1te\u010dn\u00edm prohl\u00e1\u0161en\u00ed.<\/span><\/p>\n<p><span>Slova vysoce postaven\u00e9ho americk\u00e9ho p\u0159edstavitele byla\u00a0<\/span><em><span>\u201ejasn\u00fdm potvrzen\u00edm rusk\u00e9 pozice, \u017ee USA jsou p\u0159\u00edmo zapojeny do konfliktu\u201c<\/span><\/em><span>\u00a0mezi Moskvou a Kyjevem.<\/span><\/p>\n<p><span>Prohl\u00e1\u0161en\u00ed dodalo, \u017ee Washington nepou\u017e\u00edv\u00e1 jen r\u00e9toriku, ale tak\u00e9 podnik\u00e1\u00a0<\/span><em><span>\u201ekonkr\u00e9tn\u00ed akce\u201c<\/span><\/em><span>\u00a0t\u00edm, \u017ee dod\u00e1v\u00e1 modern\u00ed zbran\u011b a rad\u00ed ukrajinsk\u00fdm vojensk\u00fdm v\u016fdc\u016fm, a \u017ee\u00a0<\/span><em><span>\u201ede facto pl\u00e1nuj\u00ed operace spole\u010dn\u011b\u201c.<\/span><\/em><\/p>\n<p><span>Washington Post s odvol\u00e1n\u00edm na americk\u00e9 a ukrajinsk\u00e9 p\u0159edstavitele minul\u00fd t\u00fdden uvedl, \u017ee kyjevsk\u00e9 s\u00edly nevyp\u00e1l\u00ed jedinou r\u00e1nu z d\u011blost\u0159eleck\u00fdch syst\u00e9m\u016f poskytnut\u00fdch USA, ani\u017e by si Ameri\u010dany nejprve potvrdily sou\u0159adnice c\u00edle.<\/span><\/p>\n<p><em><span>\u201eVyb\u00edzet kyjevsk\u00e9 zlo\u010dince k \u00fatoku na Krym je stejn\u00e9 jako tla\u010dit je k \u00fatoku na Moskvu nebo Vladivostok,\u201c<\/span><\/em><span>\u00a0trvala ambas\u00e1da s t\u00edm, \u017ee Rusko bude v ka\u017ed\u00e9m p\u0159\u00edpad\u011b br\u00e1nit sv\u00e9 \u00fazem\u00ed.<\/span><\/p>\n<p><span>Krym v roce 2014 po n\u00e1siln\u00e9m p\u0159evratu v Kyjev\u011b drtivou v\u011bt\u0161inou hlasoval pro znovusjednocen\u00ed s Ruskem.\u00a0Ukrajina st\u00e1le pova\u017euje poloostrov za sou\u010d\u00e1st sv\u00e9ho \u00fazem\u00ed, p\u0159i\u010dem\u017e tento postoj sd\u00edlej\u00ed i USA.<\/span><\/p>\n<p><span>Ve sv\u00e9m \u010dtvrte\u010dn\u00edm rozhovoru s americk\u00fdm think tankem Carnegie Endowment for International Peace Nulandov\u00e1 uvedla, \u017ee USA v\u011b\u0159\u00ed, \u017ee Kyjev\u00a0<\/span><em><span>\u201edlu\u017e\u00ed a dlu\u017e\u00ed cel\u00e9 jejich \u00fazem\u00ed v r\u00e1mci jejich mezin\u00e1rodn\u00edch hranic\u201c,<\/span><\/em><span>\u00a0v\u010detn\u011b Krymu.\u00a0<\/span><em><span>\u201eUkrajina nebude v bezpe\u010d\u00ed, pokud Krym nebude \u2013 minim\u00e1ln\u011b \u2013 demilitarizov\u00e1n,\u201c<\/span><\/em><span>\u00a0prohl\u00e1sila a dodala, \u017ee Bidenova administrativa podporuje pokusy Kyjeva zam\u011b\u0159it se na poloostrov.<\/span><\/p>\n<p><span>Washingtonsk\u00e1 podpora \u00fatok\u016f na Krym je\u00a0<\/span><em><span>\u201eneskr\u00fdvan\u00fdm projevem bojovn\u00e9ho postoje USA v\u016f\u010di na\u0161\u00ed zemi,\u201c<\/span><\/em><span> uvedlo rusk\u00e9 velvyslanectv\u00ed.<\/span><\/p>\n<p><img decoding=\"async\" loading=\"lazy\" class=\"alignnone size-full wp-image-1185\" src=\"http:\/\/www.infokuryr.cz\/n\/wp-content\/uploads\/2021\/04\/kuryr-podpis.png\" alt=\"\" width=\"84\" height=\"24\" \/><\/p>\n<p>&nbsp;<\/p>\n<p><img decoding=\"async\" loading=\"lazy\" class=\"wp-image-19187 aligncenter\" src=\"http:\/\/www.infokuryr.cz\/n\/wp-content\/uploads\/2022\/12\/1-PRO-300x36.jpg\" alt=\"\" width=\"1167\" height=\"140\" srcset=\"https:\/\/www.infokuryr.cz\/n\/wp-content\/uploads\/2022\/12\/1-PRO-300x36.jpg 300w, https:\/\/www.infokuryr.cz\/n\/wp-content\/uploads\/2022\/12\/1-PRO.jpg 699w\" sizes=\"(max-width: 1167px) 100vw, 1167px\" \/><\/p>\n<p>&nbsp;<\/p>\n<p>&nbsp;<\/p>\n","protected":false},"excerpt":{"rendered":"<p>Washington podporuje ambice Kyjeva za\u00fato\u010dit na \u00fazem\u00ed Moskvy, varuje ambas\u00e1da Spojen\u00e9 st\u00e1ty znovu potvrdily svou&#8230;<\/p>\n","protected":false},"author":2,"featured_media":3240,"comment_status":"closed","ping_status":"closed","sticky":false,"template":"","format":"standard","meta":[],"categories":[7],"tags":[751,2524,22,37],"_links":{"self":[{"href":"https:\/\/www.infokuryr.cz\/n\/wp-json\/wp\/v2\/posts\/23127"}],"collection":[{"href":"https:\/\/www.infokuryr.cz\/n\/wp-json\/wp\/v2\/posts"}],"about":[{"href":"https:\/\/www.infokuryr.cz\/n\/wp-json\/wp\/v2\/types\/post"}],"author":[{"embeddable":true,"href":"https:\/\/www.infokuryr.cz\/n\/wp-json\/wp\/v2\/users\/2"}],"replies":[{"embeddable":true,"href":"https:\/\/www.infokuryr.cz\/n\/wp-json\/wp\/v2\/comments?post=23127"}],"version-history":[{"count":0,"href":"https:\/\/www.infokuryr.cz\/n\/wp-json\/wp\/v2\/posts\/23127\/revisions"}],"wp:featuredmedia":[{"embeddable":true,"href":"https:\/\/www.infokuryr.cz\/n\/wp-json\/wp\/v2\/media\/3240"}],"wp:attachment":[{"href":"https:\/\/www.infokuryr.cz\/n\/wp-json\/wp\/v2\/media?parent=23127"}],"wp:term":[{"taxonomy":"category","embeddable":true,"href":"https:\/\/www.infokuryr.cz\/n\/wp-json\/wp\/v2\/categories?post=23127"},{"taxonomy":"post_tag","embeddable":true,"href":"https:\/\/www.infokuryr.cz\/n\/wp-json\/wp\/v2\/tags?post=23127"}],"curies":[{"name":"wp","href":"https:\/\/api.w.org\/{rel}","templated":true}]}}