{"id":23126,"date":"2023-02-18T01:13:10","date_gmt":"2023-02-18T00:13:10","guid":{"rendered":"http:\/\/www.infokuryr.cz\/n\/?p=23126"},"modified":"2023-02-17T15:22:16","modified_gmt":"2023-02-17T14:22:16","slug":"hersh-usa-cekaji-obrovske-nasledky-zniceni-plynovodu-nord-stream","status":"publish","type":"post","link":"https:\/\/www.infokuryr.cz\/n\/2023\/02\/18\/hersh-usa-cekaji-obrovske-nasledky-zniceni-plynovodu-nord-stream\/","title":{"rendered":"Hersh: USA \u010dekaj\u00ed obrovsk\u00e9 n\u00e1sledky zni\u010den\u00ed plynovod\u016f Nord Stream"},"content":{"rendered":"<div id=\"fb-root\"><\/div>\n<p><strong>Vyhozen\u00ed do pov\u011bt\u0159\u00ed plynovod\u016f Nord Stream bude m\u00edt pro USA hr\u016fzostra\u0161n\u00e9 n\u00e1sledky, prohl\u00e1sil novin\u00e1\u0159 Seymour Hersh v interview pro televizn\u00ed a rozhlasov\u00fd program Democracy Now.<\/strong><\/p>\n<p>\u201ePolitick\u00e9 n\u00e1sledky budou pro n\u00e1s obrovsk\u00e9. Biden a jeho lid\u00e9 v B\u00edl\u00e9m dom\u011b toto vy\u0161et\u0159ov\u00e1n\u00ed zam\u00edtli, pop\u00edraj\u00ed v\u0161echno i nad\u00e1le a dost\u00e1vaj\u00ed podporu v tisku \u2013 The New York Times u\u017e na toto t\u00e9ma z n\u011bjak\u00e9ho d\u016fvodu nep\u00ed\u0161e, ale p\u0159itak\u00e1v\u00e1 vl\u00e1d\u011b a ignoruje ho. Politick\u00e9 n\u00e1sledky uvid\u00edme ve dlouhodob\u00e9 perspektiv\u011b \u2013 a\u017e na eventu\u00e1ln\u00ed vystoupen\u00ed n\u011bkter\u00fdch zem\u00ed z NATO, proto\u017ee se Biden moc neboj\u00ed, \u017ee zmrznou \u2013 je mu mnohem d\u016fle\u017eit\u011bj\u0161\u00ed pokra\u010dovat ve vojensk\u00e9m konfliktu, v n\u011bm\u017e nezv\u00edt\u011bz\u00ed,\u201c\u00a0<a href=\"https:\/\/jppx.azurewebsites.net\/browse.php?u=https%3A%2F%2Fwww.democracynow.org%2F2023%2F2%2F15%2Fnord_stream_sy_hersh&amp;b=8\">\u0159ekl<\/a>.<\/p>\n<p>V\u00fdbuchy na rusk\u00fdch plynovodech ozna\u010dil Hersh za diverzi zam\u011b\u0159enou proti Evrop\u011b. Mysl\u00ed si, \u017ee jedn\u00edm z c\u00edl\u016f t\u011bchto akc\u00ed je znovu uk\u00e1zat jej\u00ed \u00faplnou z\u00e1vislost na USA. Krom\u011b toho, jak p\u0159edpokl\u00e1d\u00e1 publicista, tato situace u\u0161kod\u00ed tak\u00e9 NATO, proto\u017ee ceny elekt\u0159iny a plynu se nyn\u00ed zv\u00fd\u0161ily v evropsk\u00fdch zem\u00edch n\u011bkolikan\u00e1sobn\u011b.<\/p>\n<p>Seymour Hersh je zn\u00e1m\u00fd americk\u00fd novin\u00e1\u0159, laure\u00e1t Pulitzerovy ceny z roku 1970 za vy\u0161et\u0159ov\u00e1n\u00ed hromadn\u00e9 vra\u017edy bezbrann\u00fdch pokojn\u00fdch obyvatel americk\u00fdmi voj\u00e1ky v dob\u011b v\u00e1lky ve Vietnamu.<\/p>\n<p>V minul\u00e9m t\u00fddnu uve\u0159ejnil \u010dl\u00e1nek o sv\u00e9m vy\u0161et\u0159ov\u00e1n\u00ed hav\u00e1rie na rusk\u00fdch exportn\u00edch plynovodech polo\u017een\u00fdch po dn\u011b Baltsk\u00e9ho mo\u0159e. Podle jeho verze ameri\u010dt\u00ed pot\u00e1p\u011b\u010di polo\u017eili v\u00fdbu\u0161n\u00e1 za\u0159\u00edzen\u00ed pod potrub\u00ed Nord Stream a Nord Stream 2 v pr\u016fb\u011bhu cvi\u010den\u00ed Baltops 2022, a o t\u0159i m\u011bs\u00edce pozd\u011bji je spustili Norov\u00e9. P\u0159i\u010dem\u017e prezident USA Joe Biden se rozhodl pro diverzi po v\u00edce ne\u017e dev\u00edtim\u011bs\u00ed\u010dn\u00edch tajn\u00fdch konzultac\u00edch s t\u00fdmem odborn\u00edk\u016f pro n\u00e1rodn\u00ed bezpe\u010dnost, tvrd\u00ed novin\u00e1\u0159. D\u016fvodem k tomu se staly podle Hershe Bidenovy obavy, \u017ee N\u011bmecko, kter\u00e9 dost\u00e1v\u00e1 plynovody Nord Stream plyn z Ruska, nebude cht\u00edt se z\u00fa\u010dastnit vojensk\u00e9 pomoci Ukrajin\u011b. Ve Washingtonu tato obvin\u011bn\u00ed zam\u00edtaj\u00ed.<\/p>\n<p><img decoding=\"async\" loading=\"lazy\" class=\"alignnone size-full wp-image-1185\" src=\"http:\/\/www.infokuryr.cz\/n\/wp-content\/uploads\/2021\/04\/kuryr-podpis.png\" alt=\"\" width=\"84\" height=\"24\" \/><\/p>\n<p>&nbsp;<\/p>\n<p><img decoding=\"async\" loading=\"lazy\" class=\"wp-image-19187 aligncenter\" src=\"http:\/\/www.infokuryr.cz\/n\/wp-content\/uploads\/2022\/12\/1-PRO-300x36.jpg\" alt=\"\" width=\"1133\" height=\"136\" srcset=\"https:\/\/www.infokuryr.cz\/n\/wp-content\/uploads\/2022\/12\/1-PRO-300x36.jpg 300w, https:\/\/www.infokuryr.cz\/n\/wp-content\/uploads\/2022\/12\/1-PRO.jpg 699w\" sizes=\"(max-width: 1133px) 100vw, 1133px\" \/><\/p>\n<p>&nbsp;<\/p>\n","protected":false},"excerpt":{"rendered":"<p>Vyhozen\u00ed do pov\u011bt\u0159\u00ed plynovod\u016f Nord Stream bude m\u00edt pro USA hr\u016fzostra\u0161n\u00e9 n\u00e1sledky, prohl\u00e1sil novin\u00e1\u0159 Seymour&#8230;<\/p>\n","protected":false},"author":2,"featured_media":23072,"comment_status":"closed","ping_status":"closed","sticky":false,"template":"","format":"standard","meta":[],"categories":[7],"tags":[72,415,3569,37],"_links":{"self":[{"href":"https:\/\/www.infokuryr.cz\/n\/wp-json\/wp\/v2\/posts\/23126"}],"collection":[{"href":"https:\/\/www.infokuryr.cz\/n\/wp-json\/wp\/v2\/posts"}],"about":[{"href":"https:\/\/www.infokuryr.cz\/n\/wp-json\/wp\/v2\/types\/post"}],"author":[{"embeddable":true,"href":"https:\/\/www.infokuryr.cz\/n\/wp-json\/wp\/v2\/users\/2"}],"replies":[{"embeddable":true,"href":"https:\/\/www.infokuryr.cz\/n\/wp-json\/wp\/v2\/comments?post=23126"}],"version-history":[{"count":0,"href":"https:\/\/www.infokuryr.cz\/n\/wp-json\/wp\/v2\/posts\/23126\/revisions"}],"wp:featuredmedia":[{"embeddable":true,"href":"https:\/\/www.infokuryr.cz\/n\/wp-json\/wp\/v2\/media\/23072"}],"wp:attachment":[{"href":"https:\/\/www.infokuryr.cz\/n\/wp-json\/wp\/v2\/media?parent=23126"}],"wp:term":[{"taxonomy":"category","embeddable":true,"href":"https:\/\/www.infokuryr.cz\/n\/wp-json\/wp\/v2\/categories?post=23126"},{"taxonomy":"post_tag","embeddable":true,"href":"https:\/\/www.infokuryr.cz\/n\/wp-json\/wp\/v2\/tags?post=23126"}],"curies":[{"name":"wp","href":"https:\/\/api.w.org\/{rel}","templated":true}]}}