{"id":23124,"date":"2023-02-18T01:11:12","date_gmt":"2023-02-18T00:11:12","guid":{"rendered":"http:\/\/www.infokuryr.cz\/n\/?p=23124"},"modified":"2023-02-17T15:17:29","modified_gmt":"2023-02-17T14:17:29","slug":"pruzkum-ukazal-ze-polaci-jsou-stale-vic-nespokojeni-s-prijetim-ukrajinskych-bezencu","status":"publish","type":"post","link":"https:\/\/www.infokuryr.cz\/n\/2023\/02\/18\/pruzkum-ukazal-ze-polaci-jsou-stale-vic-nespokojeni-s-prijetim-ukrajinskych-bezencu\/","title":{"rendered":"Pr\u016fzkum uk\u00e1zal, \u017ee Pol\u00e1ci jsou st\u00e1le v\u00edc nespokojeni s p\u0159ijet\u00edm ukrajinsk\u00fdch b\u011b\u017eenc\u016f"},"content":{"rendered":"<div id=\"fb-root\"><\/div>\n<p><strong>Mezi Pol\u00e1ky se sni\u017euje po\u010det t\u011bch, kdo schvaluj\u00ed p\u0159ijet\u00ed b\u011b\u017eenc\u016f z Ukrajiny, st\u00e1le v\u00edc polsk\u00fdch ob\u010dan\u016f je p\u0159esv\u011bd\u010deno, \u017ee vl\u00e1da pom\u00e1h\u00e1 p\u0159es\u00eddlenc\u016fm v\u00edc ne\u017e vlastn\u00edm ob\u010dan\u016fm, co\u017e vypl\u00fdv\u00e1 z v\u00fdsledk\u016f pr\u016fzkumu ve\u0159ejn\u00e9ho m\u00edn\u011bn\u00ed zve\u0159ejn\u011bn\u00fdch skupinou Openfield.<\/strong><\/p>\n<p>Pr\u016fzkum se konal 14. \u00fanora, z\u00fa\u010dastnilo se ho 1 677 respondent\u016f.<\/p>\n<p>Hranici mezi Ukrajinou a Polskem p\u0159ekro\u010dilo podle \u00fa\u0159edn\u00edch zpr\u00e1v od 24 \u00fanora t\u00e9m\u011b\u0159 10 milion\u016f lid\u00ed. Asi 1,5 milionu z\u016fstalo v Polsku.<\/p>\n<p>\u201eMezi Pol\u00e1ky je st\u00e1le m\u00e9n\u011b t\u011bch, kdo schvaluj\u00ed p\u0159ijet\u00ed\u2026b\u011b\u017eenc\u016f. Dnes je jich st\u00e1le je\u0161t\u011b 67%, ale od 24. \u00fanora je to nejni\u017e\u0161\u00ed \u010d\u00edslo,\u201d prav\u00ed se v zve\u0159ejn\u011bn\u00fdch v\u00fdsledc\u00edch pr\u016fzkumu.<\/p>\n<p>Skupina Openfield podnikla prvn\u00ed pr\u016fzkum ve\u0159ejn\u00e9ho m\u00edn\u011bn\u00ed 24. \u00fanora 2022, aby zjistila vztah Pol\u00e1k\u016f k o\u010dek\u00e1van\u00e9 vln\u011b b\u011b\u017eenc\u016f. Do dne\u0161n\u00edho dne se ji\u017e konalo p\u011bt t\u011bchto pr\u016fzkum\u016f.<\/p>\n<p>Podle v\u00fdsledk\u016f pr\u016fzkumu, kter\u00fd se konal tento t\u00fdden, souhlas\u00ed s p\u0159ijet\u00edm nucen\u00fdch migrant\u016f 67% Pol\u00e1k\u016f. B\u011bhem p\u0159edch\u00e1zej\u00edc\u00edch pr\u016fzkum\u016f bylo toto procento vy\u0161\u0161\u00ed, 72% 24. \u00fanora, 88% 4. b\u0159ezna, 79% 24. kv\u011btna a 71% 24. \u0159\u00edjna.<\/p>\n<p>Sni\u017euje se tak\u00e9 po\u010det obyvatel Polska, kte\u0159\u00ed jsou p\u0159esv\u011bd\u010deni, \u017ee se Kyjevu poda\u0159\u00ed \u010delit RF. Po\u010det t\u011bchto lid\u00ed klesl z 43,2% minul\u00fd podzim na 37,5% dnes.<\/p>\n<p>St\u00e1le vy\u0161\u0161\u00ed procento Pol\u00e1k\u016f m\u00e1 za to, \u017ee b\u011b\u017eenci dost\u00e1vaj\u00ed od st\u00e1tu v\u011bt\u0161\u00ed podporu a \u00falevy ne\u017e ob\u010dan\u00e9 republiky. Tento n\u00e1zor zast\u00e1v\u00e1 60,4% respondent\u016f, zat\u00edmco b\u011bhem \u0159\u00edjnov\u00e9ho pr\u016fzkumu jich bylo 55,7%.<\/p>\n<p><img decoding=\"async\" loading=\"lazy\" class=\"alignnone size-full wp-image-1185\" src=\"http:\/\/www.infokuryr.cz\/n\/wp-content\/uploads\/2021\/04\/kuryr-podpis.png\" alt=\"\" width=\"84\" height=\"24\" \/><\/p>\n<p>&nbsp;<\/p>\n<p><img decoding=\"async\" loading=\"lazy\" class=\"wp-image-19187 aligncenter\" src=\"http:\/\/www.infokuryr.cz\/n\/wp-content\/uploads\/2022\/12\/1-PRO-300x36.jpg\" alt=\"\" width=\"1108\" height=\"133\" srcset=\"https:\/\/www.infokuryr.cz\/n\/wp-content\/uploads\/2022\/12\/1-PRO-300x36.jpg 300w, https:\/\/www.infokuryr.cz\/n\/wp-content\/uploads\/2022\/12\/1-PRO.jpg 699w\" sizes=\"(max-width: 1108px) 100vw, 1108px\" \/><\/p>\n<p>&nbsp;<\/p>\n","protected":false},"excerpt":{"rendered":"<p>Mezi Pol\u00e1ky se sni\u017euje po\u010det t\u011bch, kdo schvaluj\u00ed p\u0159ijet\u00ed b\u011b\u017eenc\u016f z Ukrajiny, st\u00e1le v\u00edc polsk\u00fdch&#8230;<\/p>\n","protected":false},"author":2,"featured_media":12056,"comment_status":"closed","ping_status":"closed","sticky":false,"template":"","format":"standard","meta":[],"categories":[7],"tags":[31,620,1635],"_links":{"self":[{"href":"https:\/\/www.infokuryr.cz\/n\/wp-json\/wp\/v2\/posts\/23124"}],"collection":[{"href":"https:\/\/www.infokuryr.cz\/n\/wp-json\/wp\/v2\/posts"}],"about":[{"href":"https:\/\/www.infokuryr.cz\/n\/wp-json\/wp\/v2\/types\/post"}],"author":[{"embeddable":true,"href":"https:\/\/www.infokuryr.cz\/n\/wp-json\/wp\/v2\/users\/2"}],"replies":[{"embeddable":true,"href":"https:\/\/www.infokuryr.cz\/n\/wp-json\/wp\/v2\/comments?post=23124"}],"version-history":[{"count":0,"href":"https:\/\/www.infokuryr.cz\/n\/wp-json\/wp\/v2\/posts\/23124\/revisions"}],"wp:featuredmedia":[{"embeddable":true,"href":"https:\/\/www.infokuryr.cz\/n\/wp-json\/wp\/v2\/media\/12056"}],"wp:attachment":[{"href":"https:\/\/www.infokuryr.cz\/n\/wp-json\/wp\/v2\/media?parent=23124"}],"wp:term":[{"taxonomy":"category","embeddable":true,"href":"https:\/\/www.infokuryr.cz\/n\/wp-json\/wp\/v2\/categories?post=23124"},{"taxonomy":"post_tag","embeddable":true,"href":"https:\/\/www.infokuryr.cz\/n\/wp-json\/wp\/v2\/tags?post=23124"}],"curies":[{"name":"wp","href":"https:\/\/api.w.org\/{rel}","templated":true}]}}