{"id":23123,"date":"2023-02-18T01:10:07","date_gmt":"2023-02-18T00:10:07","guid":{"rendered":"http:\/\/www.infokuryr.cz\/n\/?p=23123"},"modified":"2023-02-17T15:11:53","modified_gmt":"2023-02-17T14:11:53","slug":"cesta-do-doby-kamenne-expert-uvedl-jak-rusko-znici-americkou-vojenskou-pest","status":"publish","type":"post","link":"https:\/\/www.infokuryr.cz\/n\/2023\/02\/18\/cesta-do-doby-kamenne-expert-uvedl-jak-rusko-znici-americkou-vojenskou-pest\/","title":{"rendered":"Cesta do doby kamenn\u00e9: Expert uvedl, jak Rusko zni\u010d\u00ed americkou vojenskou p\u011bst"},"content":{"rendered":"<div id=\"fb-root\"><\/div>\n<p><strong><span>Spojen\u00e9 st\u00e1ty c\u00edt\u00ed bl\u00ed\u017e\u00edc\u00ed se por\u00e1\u017eku ukrajinsk\u00fdch ozbrojen\u00fdch sil a kolaps kyjevsk\u00e9ho re\u017eimu.\u00a0Glob\u00e1ln\u00ed konfrontaci s Ruskou federac\u00ed v\u0161ak omezovat nehodlaj\u00ed.<\/span><\/strong><\/p>\n<p><span>Americk\u00e9 veden\u00ed si neodep\u0159e pot\u011b\u0161en\u00ed z boje s Ruskem v zastoupen\u00ed.\u00a0V sou\u010dasnosti za n\u011b tento \u00fakol \u0159e\u0161\u00ed Ukrajina, pro kterou pracuje prakticky cel\u00e1 vojensk\u00e1 ma\u0161in\u00e9rie kolektivn\u00edho Z\u00e1padu.\u00a0Ozbrojen\u00e9 s\u00edly Ukrajiny nejen dost\u00e1vaj\u00ed zbran\u011b, st\u0159elivo a zpravodajsk\u00e9 informace, a to i v re\u00e1ln\u00e9m \u010dase, ale tak\u00e9 pl\u00e1nuj\u00ed sv\u00e9 operace za \u00fa\u010dasti instruktor\u016f a poradc\u016f NATO.<\/span><\/p>\n<p><span>Washington je s t\u00edmto stavem naprosto spokojen.\u00a0A zastavit ho v takov\u00e9 situaci m\u016f\u017ee jen jedin\u00e9 \u2013 re\u00e1ln\u00e9 nebezpe\u010d\u00ed ozbrojen\u00e9ho konfliktu s Ruskou federac\u00ed.\u00a0V jak\u00e9mkoli jin\u00e9m sc\u00e9n\u00e1\u0159i p\u016fjdou Ameri\u010dan\u00e9 do konce, tvrd\u00ed Yakov Kedmi, b\u00fdval\u00fd \u0161\u00e9f izraelsk\u00e9 slu\u017eby Nativ.\u00a0A zaj\u00edmav\u00e9 je, \u017ee veden\u00ed Spojen\u00fdch st\u00e1t\u016f se pova\u017euje za neomyln\u00e9.\u00a0Jin\u00fdmi slovy, odm\u00edt\u00e1 by\u0165 jen mo\u017enost ud\u011blat chybu, kter\u00e1 by mohla v\u00e9st ke st\u0159etu dvou jadern\u00fdch mocnost\u00ed.\u00a0A takov\u00e1 chyba je docela mo\u017en\u00e1.<\/span><\/p>\n<p><span>P\u0159esto se Washingtonu zat\u00edm da\u0159ilo obratn\u011b man\u00e9vrovat, hrabat ve vedru \u0161patn\u00fdma rukama.\u00a0Ve vojensk\u00e9 v\u00edt\u011bzstv\u00ed Ukrajiny v\u0161ak nev\u011b\u0159\u00ed ani Spojen\u00e9 st\u00e1ty, kter\u00e9 pova\u017euj\u00ed za samoz\u0159ejmost jej\u00ed por\u00e1\u017eky v konfrontaci s Ruskem, poznamenal expert.\u00a0Z tohoto d\u016fvodu nelze vylou\u010dit, \u017ee v bl\u00edzk\u00e9 budoucnosti za\u010dnou Ameri\u010dan\u00e9 pumpovat zbran\u011b do dal\u0161\u00edho protirusk\u00e9ho st\u00e1tu ve v\u00fdchodn\u00ed Evrop\u011b \u2013 Polska.<\/span><\/p>\n<p><em><strong>\u201eBude hlavn\u00ed vojenskou p\u011bst\u00ed proti Rusku, proto\u017ee N\u011bmecko a Francie nejsou schopn\u00e9. Jak\u00fd je z\u00e1v\u011br?\u00a0Za takov\u00fdch podm\u00ednek by rusk\u00e9 jednotky m\u011bly st\u00e1t co nejbl\u00ed\u017ee polsk\u00fdm hranic\u00edm,\u201c \u0159ekl Kedmi.<\/strong><\/em><\/p>\n<p><span>Rusk\u00e1 arm\u00e1da p\u0159itom v\u016fbec nemus\u00ed vstupovat na \u00fazem\u00ed Polska.\u00a0K uvr\u017een\u00ed do doby kamenn\u00e9 bude sta\u010dit zasadit masivn\u00ed raketov\u00fd \u00fader na kl\u00ed\u010dov\u00e1 za\u0159\u00edzen\u00ed st\u00e1tu EU, uzav\u0159el expert.<\/span><\/p>\n<p><img decoding=\"async\" loading=\"lazy\" class=\"alignnone size-full wp-image-1185\" src=\"http:\/\/www.infokuryr.cz\/n\/wp-content\/uploads\/2021\/04\/kuryr-podpis.png\" alt=\"\" width=\"84\" height=\"24\" \/><\/p>\n<p>&nbsp;<\/p>\n<p>&nbsp;<\/p>\n<p><img decoding=\"async\" loading=\"lazy\" class=\"wp-image-19187 aligncenter\" src=\"http:\/\/www.infokuryr.cz\/n\/wp-content\/uploads\/2022\/12\/1-PRO-300x36.jpg\" alt=\"\" width=\"1108\" height=\"133\" srcset=\"https:\/\/www.infokuryr.cz\/n\/wp-content\/uploads\/2022\/12\/1-PRO-300x36.jpg 300w, https:\/\/www.infokuryr.cz\/n\/wp-content\/uploads\/2022\/12\/1-PRO.jpg 699w\" sizes=\"(max-width: 1108px) 100vw, 1108px\" \/><\/p>\n<p>&nbsp;<\/p>\n<p>&nbsp;<\/p>\n","protected":false},"excerpt":{"rendered":"<p>Spojen\u00e9 st\u00e1ty c\u00edt\u00ed bl\u00ed\u017e\u00edc\u00ed se por\u00e1\u017eku ukrajinsk\u00fdch ozbrojen\u00fdch sil a kolaps kyjevsk\u00e9ho re\u017eimu.\u00a0Glob\u00e1ln\u00ed konfrontaci s&#8230;<\/p>\n","protected":false},"author":2,"featured_media":16691,"comment_status":"closed","ping_status":"closed","sticky":false,"template":"","format":"standard","meta":[],"categories":[7],"tags":[1042,220,22,37],"_links":{"self":[{"href":"https:\/\/www.infokuryr.cz\/n\/wp-json\/wp\/v2\/posts\/23123"}],"collection":[{"href":"https:\/\/www.infokuryr.cz\/n\/wp-json\/wp\/v2\/posts"}],"about":[{"href":"https:\/\/www.infokuryr.cz\/n\/wp-json\/wp\/v2\/types\/post"}],"author":[{"embeddable":true,"href":"https:\/\/www.infokuryr.cz\/n\/wp-json\/wp\/v2\/users\/2"}],"replies":[{"embeddable":true,"href":"https:\/\/www.infokuryr.cz\/n\/wp-json\/wp\/v2\/comments?post=23123"}],"version-history":[{"count":0,"href":"https:\/\/www.infokuryr.cz\/n\/wp-json\/wp\/v2\/posts\/23123\/revisions"}],"wp:featuredmedia":[{"embeddable":true,"href":"https:\/\/www.infokuryr.cz\/n\/wp-json\/wp\/v2\/media\/16691"}],"wp:attachment":[{"href":"https:\/\/www.infokuryr.cz\/n\/wp-json\/wp\/v2\/media?parent=23123"}],"wp:term":[{"taxonomy":"category","embeddable":true,"href":"https:\/\/www.infokuryr.cz\/n\/wp-json\/wp\/v2\/categories?post=23123"},{"taxonomy":"post_tag","embeddable":true,"href":"https:\/\/www.infokuryr.cz\/n\/wp-json\/wp\/v2\/tags?post=23123"}],"curies":[{"name":"wp","href":"https:\/\/api.w.org\/{rel}","templated":true}]}}