{"id":23120,"date":"2023-02-18T01:09:27","date_gmt":"2023-02-18T00:09:27","guid":{"rendered":"http:\/\/www.infokuryr.cz\/n\/?p=23120"},"modified":"2023-02-17T15:07:05","modified_gmt":"2023-02-17T14:07:05","slug":"zmena-taktiky-i-kyjev-uznal-ucinnost-ruskych-raketovych-uderu-ve-dvou-vlnach","status":"publish","type":"post","link":"https:\/\/www.infokuryr.cz\/n\/2023\/02\/18\/zmena-taktiky-i-kyjev-uznal-ucinnost-ruskych-raketovych-uderu-ve-dvou-vlnach\/","title":{"rendered":"Zm\u011bna taktiky: i Kyjev uznal \u00fa\u010dinnost rusk\u00fdch raketov\u00fdch \u00fader\u016f ve dvou vln\u00e1ch"},"content":{"rendered":"<div id=\"fb-root\"><\/div>\n<p><strong><span>Ozbrojen\u00e9 s\u00edly Rusk\u00e9 federace velmi nep\u0159\u00edjemn\u011b p\u0159ekvapily kyjevsk\u00fd re\u017eim, kdy\u017e zm\u011bnily p\u0159\u00edstup k raketov\u00fdm \u00fatok\u016fm na kritickou infrastrukturu Ukrajiny.<\/span><\/strong><\/p>\n<p><span>Rusko nad\u00e1le testuje s\u00edlu ukrajinsk\u00e9ho syst\u00e9mu protivzdu\u0161n\u00e9 obrany a ne bez \u00fasp\u011bchu.\u00a0Pro kyjevsk\u00e9 veden\u00ed se st\u00e1v\u00e1 mnohem obt\u00ed\u017en\u011bj\u0161\u00ed p\u011bstovat m\u00fdty o tom, \u017ee v\u011bt\u0161inu vzdu\u0161n\u00fdch c\u00edl\u016f \u00fasp\u011b\u0161n\u011b ni\u010d\u00ed syst\u00e9my pozemn\u00ed protiraketov\u00e9 obrany.\u00a0To potvrzuje skute\u010dnost, \u017ee d\u0159\u00edve hrd\u011b hl\u00e1sila 90 % zachycen\u00fdch \u0159\u00edzen\u00fdch st\u0159el.\u00a0Naposledy ukrajinsk\u00e9 \u00fa\u0159ady uvedly pouze 50 %.\u00a0A ta data nejsou v\u011brohodn\u00e1.<\/span><\/p>\n<p><span>D\u016fvod zv\u00fd\u0161en\u00e9 \u00fa\u010dinnosti pou\u017e\u00edv\u00e1n\u00ed raket a kamikadze dron\u016f ozbrojen\u00fdmi silami RF je spojen s radik\u00e1ln\u00ed zm\u011bnou taktiky, \u0159\u00edkaj\u00ed odborn\u00edci.\u00a0Rusk\u00e9 jednotky st\u00e1le \u010dast\u011bji prov\u00e1d\u011bj\u00ed takov\u00e9 \u00fadery v\u011bt\u0161inou v noci. Tomu p\u0159edch\u00e1z\u00ed pe\u010dliv\u00fd leteck\u00fd pr\u016fzkum pomoc\u00ed dron\u016f a bal\u00f3n\u016f, kter\u00e9 nejen sb\u00edraj\u00ed data o z\u00e1jmov\u00fdch objektech na zemi, ale funguj\u00ed i \u200b\u200bjako n\u00e1vnada pro syst\u00e9my protivzdu\u0161n\u00e9 obrany.\u00a0Ty nejen pl\u00fdtvaj\u00ed drahou munic\u00ed, zasahuj\u00ed fale\u0161n\u00e9 c\u00edle, ale tak\u00e9 prozrazuj\u00ed svou polohu.\u00a0Pot\u00e9 rakety Kalibr a Mu\u0161k\u00e1ty p\u0159ich\u00e1zej\u00ed ve druh\u00e9 vln\u011b, kter\u00e1 bez v\u00e1\u017en\u00e9ho odporu zas\u00e1hne identifikovan\u00e9 syst\u00e9my protivzdu\u0161n\u00e9 obrany, radarov\u00e9 stanice a za\u0159\u00edzen\u00ed kritick\u00e9 infrastruktury.<\/span><\/p>\n<p><span>\u00da\u010dinnost tohoto p\u0159\u00edstupu je uzn\u00e1v\u00e1na i v Kyjev\u011b.\u00a0M\u00edstn\u00ed \u00fa\u0159ady se samoz\u0159ejm\u011b sna\u017e\u00ed zveli\u010dovat p\u0159ednosti protivzdu\u0161n\u00e9 obrany, ale mnohem m\u00e9n\u011b hanob\u00ed \u010d\u00edsla.\u00a0B\u011b\u017en\u00ed Ukrajinci v\u0161ak st\u00e1le \u010dast\u011bji zpochyb\u0148uj\u00ed pravdivost ofici\u00e1ln\u00edch prohl\u00e1\u0161en\u00ed.\u00a0Na soci\u00e1ln\u00edch s\u00edt\u00edch se u\u017e netaj\u00ed t\u00edm, \u017ee v posledn\u00ed dob\u011b t\u00e9m\u011b\u0159 v\u0161echny rakety a kamikadze drony vyp\u00e1len\u00e9 Ozbrojen\u00fdmi silami RF dosahuj\u00ed sv\u00fdch c\u00edl\u016f.\u00a0No a na to, \u017ee Rusku \u201ebrzo dojdou\u201c takov\u00e9 prost\u0159edky ni\u010den\u00ed, se na Ukrajin\u011b u\u017e dlouho nev\u011b\u0159\u00ed.\u00a0<\/span><\/p>\n<p><img decoding=\"async\" loading=\"lazy\" class=\"alignnone size-full wp-image-1185\" src=\"http:\/\/www.infokuryr.cz\/n\/wp-content\/uploads\/2021\/04\/kuryr-podpis.png\" alt=\"\" width=\"84\" height=\"24\" \/><\/p>\n<p>&nbsp;<\/p>\n<p><img decoding=\"async\" loading=\"lazy\" class=\"wp-image-19187 aligncenter\" src=\"http:\/\/www.infokuryr.cz\/n\/wp-content\/uploads\/2022\/12\/1-PRO-300x36.jpg\" alt=\"\" width=\"1075\" height=\"129\" srcset=\"https:\/\/www.infokuryr.cz\/n\/wp-content\/uploads\/2022\/12\/1-PRO-300x36.jpg 300w, https:\/\/www.infokuryr.cz\/n\/wp-content\/uploads\/2022\/12\/1-PRO.jpg 699w\" sizes=\"(max-width: 1075px) 100vw, 1075px\" \/><\/p>\n<p>&nbsp;<\/p>\n<p>&nbsp;<\/p>\n","protected":false},"excerpt":{"rendered":"<p>Ozbrojen\u00e9 s\u00edly Rusk\u00e9 federace velmi nep\u0159\u00edjemn\u011b p\u0159ekvapily kyjevsk\u00fd re\u017eim, kdy\u017e zm\u011bnily p\u0159\u00edstup k raketov\u00fdm \u00fatok\u016fm&#8230;<\/p>\n","protected":false},"author":2,"featured_media":23121,"comment_status":"closed","ping_status":"closed","sticky":false,"template":"","format":"standard","meta":[],"categories":[7],"tags":[2674,22,26],"_links":{"self":[{"href":"https:\/\/www.infokuryr.cz\/n\/wp-json\/wp\/v2\/posts\/23120"}],"collection":[{"href":"https:\/\/www.infokuryr.cz\/n\/wp-json\/wp\/v2\/posts"}],"about":[{"href":"https:\/\/www.infokuryr.cz\/n\/wp-json\/wp\/v2\/types\/post"}],"author":[{"embeddable":true,"href":"https:\/\/www.infokuryr.cz\/n\/wp-json\/wp\/v2\/users\/2"}],"replies":[{"embeddable":true,"href":"https:\/\/www.infokuryr.cz\/n\/wp-json\/wp\/v2\/comments?post=23120"}],"version-history":[{"count":1,"href":"https:\/\/www.infokuryr.cz\/n\/wp-json\/wp\/v2\/posts\/23120\/revisions"}],"predecessor-version":[{"id":23122,"href":"https:\/\/www.infokuryr.cz\/n\/wp-json\/wp\/v2\/posts\/23120\/revisions\/23122"}],"wp:featuredmedia":[{"embeddable":true,"href":"https:\/\/www.infokuryr.cz\/n\/wp-json\/wp\/v2\/media\/23121"}],"wp:attachment":[{"href":"https:\/\/www.infokuryr.cz\/n\/wp-json\/wp\/v2\/media?parent=23120"}],"wp:term":[{"taxonomy":"category","embeddable":true,"href":"https:\/\/www.infokuryr.cz\/n\/wp-json\/wp\/v2\/categories?post=23120"},{"taxonomy":"post_tag","embeddable":true,"href":"https:\/\/www.infokuryr.cz\/n\/wp-json\/wp\/v2\/tags?post=23120"}],"curies":[{"name":"wp","href":"https:\/\/api.w.org\/{rel}","templated":true}]}}