{"id":2308,"date":"2021-06-07T05:45:19","date_gmt":"2021-06-07T03:45:19","guid":{"rendered":"http:\/\/www.infokuryr.cz\/n\/?p=2308"},"modified":"2021-06-07T05:45:19","modified_gmt":"2021-06-07T03:45:19","slug":"kdo-je-pro-nase-nejvyssi-politiky-svjatlana-cichanouska","status":"publish","type":"post","link":"https:\/\/www.infokuryr.cz\/n\/2021\/06\/07\/kdo-je-pro-nase-nejvyssi-politiky-svjatlana-cichanouska\/","title":{"rendered":"Kdo je pro na\u0161e nejvy\u0161\u0161\u00ed politiky Svjatlana Cichanousk\u00e1?"},"content":{"rendered":"<div id=\"fb-root\"><\/div>\n<p>Jak informuj\u00ed \u010desk\u00e9 m\u00e9dia, na pozv\u00e1n\u00ed p\u0159edsedy Sen\u00e1tu Milo\u0161e Vystr\u010dila (ODS). 7. \u010dervna p\u0159ijede do \u010ceska b\u011blorusk\u00e1 opozi\u010dn\u00ed politi\u010dka Svjatlana Cichanousk\u00e1.\u00a0 Sejde se tak\u00e9 s prezidentem Milo\u0161em Zemanem, premi\u00e9rem Andrejem Babi\u0161em (ANO) a ministrem zahrani\u010d\u00ed Jakubem Kulh\u00e1nkem (\u010cSSD). Cichanousk\u00e1 bude v \u010cesku do 10. \u010dervna. Kdo je Jjak\u00e1si\u201c\u00a0 Svjatlana Cichanousk\u00e1?<\/p>\n<p>Podle tak\u00e9 \u201ejak\u00e9si\u201c pan\u00ed \u010di sle\u010dny (?) Veroniky Vendlov\u00e9 jde pr\u00fd o\u00a0<strong>regul\u00e9rn\u011b zvolenou prezidentku B\u011bloruska.<\/strong>\u00a0Ot\u00e1zka je, jestli V. Vendlov\u00e1 zn\u00e1 v\u00fdznam slova \u201eregul\u00e9rn\u00ed\u201c, proto\u017ee pokud by byla S. Cichanousk\u00e1 jjako prezidentka regul\u00e9rn\u011b zvolen\u00e1, pak by neexistovaly v\u0161echny politick\u00e9 sc\u00e9nky, kter\u00e9 se kolem jej\u00ed osoby\u00a0 vyskytuj\u00ed.<\/p>\n<p>Veronika Vendlov\u00e1 ov\u0161em vid\u00ed osobu Cichanousk\u00e9 v jin\u00e9m sv\u011btle, stejn\u011b jako v jin\u00e9m sv\u011btle vid\u00ed st\u00e1vaj\u00edc\u00edho, na rozd\u00edl od S. Cichanousk\u00e9 regul\u00e9rn\u011b zvolen\u00e9ho prezidenta Luka\u0161enka. O osob\u011b Svjatlany Cichanousk\u00e9 toho mnoho nen\u00ed zn\u00e1mo, jen tolik, \u017ee \u017eije v Loty\u0161sku, odkud se zahrani\u010dn\u00ed pomoc\u00ed, finan\u010dn\u00ed tak i politickou, aktivn\u011b organizuje boj proti Luka\u0161enkovi. Podle Vendlov\u00e9 b\u011blorusk\u00fd prezident Luka\u0161enko jako dikt\u00e1tor sv\u00e9 lidi utla\u010duje zp\u016fsobem, jak\u00fd sou\u010dasn\u00e1 Evropa za posledn\u00ed des\u00edtky let nepamatuje.<\/p>\n<p>Pro up\u0159esn\u011bn\u00ed, dikt\u00e1torsk\u00e9 praktiky Luka\u0161enka (podle Vendlov\u00e9) spo\u010d\u00edvaj\u00ed v tom, \u017ee\u00a0<strong><em>\u201e&#8230;podn\u011bcuje obrovskou vlnu n\u00e1sil\u00ed v\u016f\u010di pokojn\u00fdm lidem v cel\u00e9 zemi. Nevinn\u00ed lid\u00e9 jsou mu\u010deni a zav\u00edr\u00e1ni do v\u011bznic. Vyhro\u017eov\u00e1n\u00ed, zastra\u0161ov\u00e1n\u00ed, nikdo si nem\u016f\u017ee b\u00fdt jist\u00fd svou bezpe\u010dnost\u00ed, a to ani v emigraci. Ne\u0161t\u00edt\u00ed se ni\u010deho, jak dok\u00e1zal \u00fanosem letadla s Ramanem Pratasevi\u010dem a Sofij\u00ed Sapegaovou!<\/em><\/strong><strong>\u00a0<em>V\u011bt\u0161inu lid\u00ed nadobro obr\u00e1til proti sob\u011b a ka\u017ed\u00e1 podpora utla\u010dovan\u00fdch lid\u00ed p\u0159id\u00e1v\u00e1 st\u0159\u00edpek do mozaiky zm\u011bny, kter\u00e1 nakonec nevyhnuteln\u011b nastane,\u201c\u00a0<\/em><\/strong>\u0159\u00edk\u00e1 Vendlov\u00e1.<\/p>\n<p>V t\u00e9to souvislosti nen\u00ed od v\u011bci se pt\u00e1t, jestli V. Vendlov\u00e1 tyto popisovan\u00e9 skutky vid\u011bla \u010di pro\u017eila na vlastn\u00ed o\u010di, resp. na vlastn\u00ed k\u016f\u017ei, jin\u00fdmi slovy, jestli v\u016fbec v B\u011blorusku n\u011bkdy v posledn\u00ed dob\u011b byla, zda tam pro\u017eila n\u011bjak\u00fd \u010das k tomu, aby mohla tyto \u201estra\u0161n\u00e9\u201c skutky jako takov\u00e9 zve\u0159ej\u0148ovat. Hodn\u011b se toti\u017e tak\u00e9 mluv\u00ed o dezinformac\u00edch, o l\u017eiv\u00e9 propagaci, hoaxech atd. Pokud nen\u00ed tvrzen\u00ed\u00a0 V. Vendlov\u00e9 dolo\u017eeno d\u016fkazy, jej\u00ed vyj\u00e1d\u0159en\u00ed lze pova\u017eoavt za \u00famyslnou, l\u017eivou dezinformaci o situaci v B\u011blorusku, kter\u00e1 m\u00e1 b\u011blorusk\u00e9ho prezidenta Luka\u0161enka vypodobnit\u00a0 jako nejv\u011bt\u0161\u00ed zlo, kter\u00e9 v sou\u010dasn\u00e9 Evrop\u011b existuje.<\/p>\n<p>Podstatn\u00e9 ov\u0161em je, \u017ee \u201ejak\u00e1si\u201c S. Cichanousk\u00e1 m\u00e1 p\u0159ijet na n\u00e1v\u0161t\u011bvu \u010cesk\u00e9 republiky. I\u00a0 zde nen\u00ed od v\u011bci se pt\u00e1t, na z\u00e1klad\u011b \u010deho, nebo pro\u010d je Cichanousk\u00e1 zv\u00e1na do \u010cR.\u00a0 Svjatlana Cichanousk\u00e1 je pouze b\u011blorusk\u00e1 opozi\u010dn\u00ed politi\u010dka, nic v\u00edc, nic m\u00e9n\u011b. To, \u017ee je zv\u00e1na p\u0159edsedou Sen\u00e1tu Vystr\u010dilem, by bylo pochopiteln\u00e9 a p\u0159ijateln\u00e9, pokud by to m\u011bla b\u00fdt osobn\u00ed, neofici\u00e1ln\u00ed, soukrom\u00e1\u00a0 n\u00e1v\u0161t\u011bva pana p\u0159edsedy Sen\u00e1tu. Jak ov\u0161em z informac\u00ed vypl\u00fdv\u00e1, m\u00e1 b\u00fdt Cichanousk\u00e1 rovn\u011b\u017e p\u0159ijata prezidentem M. Zemanem, premi\u00e9rem A. Babi\u0161em a ministrem zahrani\u010d\u00ed Kulh\u00e1nkem.<\/p>\n<p>Je tu dal\u0161\u00ed ot\u00e1zka, zda m\u016f\u017ee n\u011bkdo z nejvy\u0161\u0161\u00edch m\u00edst zd\u016fvodnit, pro\u010d osoba, kter\u00e1 v ofici\u00e1ln\u00ed mezin\u00e1rodn\u00ed politice krom\u011b toho, \u017ee zauj\u00edm\u00e1 post b\u011blorusk\u00e9 opozi\u010dn\u00ed politi\u010dky, \u017eij\u00edc\u00ed v cizin\u011b, nem\u00e1 \u017e\u00e1dn\u00fd ofici\u00e1ln\u00ed politick\u00fd \u010di jin\u00fd statut, kter\u00fd by oprav\u0148oval na\u0161e nejvy\u0161\u0161\u00ed p\u0159edstavitele p\u0159ij\u00edmat ji jako v\u00fdznamnou osobnost? Notabene, zdr\u017e\u00ed-li se v \u010cR 4 dny, to v\u0161e na \u00fa\u010det n\u00e1s ob\u010dan\u016f? Pro\u010d jej\u00ed 4 denn\u00ed n\u00e1v\u0161t\u011bvu neuhrad\u00ed z vlastn\u00edch prost\u0159edk\u016f ten, kter\u00fd ji na n\u00e1v\u0161t\u011bvu \u010cesk\u00e9 republiky pozval, tedy pan \u201eTchajwanec\u201c Vystr\u010dil?<\/p>\n<p>Nav\u00edc, nelze pochybovat, \u017ee jedn\u00e1n\u00ed na\u0161ich p\u0159edstavitel\u016f s Cichanouskou se z\u00fa\u010dastn\u00ed \u0159ada dal\u0161\u00edch politik\u016f a \u017ee takov\u00e1 jedn\u00e1n\u00ed (nap\u0159. formou banketu, ob\u011bda, ve\u010de\u0159e) nebudou prob\u00edhat jen u \u0161\u00e1lku k\u00e1vy, misky su\u0161enek a Mattoniho kyselky je na snad\u011b! Tak pro\u010d to divadlo?<\/p>\n<p>Ji\u0159\u00ed Ba\u0165a<\/p>\n<p><img decoding=\"async\" loading=\"lazy\" class=\"alignnone  wp-image-1539\" src=\"http:\/\/www.infokuryr.cz\/n\/wp-content\/uploads\/2021\/05\/jiri-bata-225x300.jpg\" alt=\"\" width=\"102\" height=\"136\" srcset=\"https:\/\/www.infokuryr.cz\/n\/wp-content\/uploads\/2021\/05\/jiri-bata-225x300.jpg 225w, https:\/\/www.infokuryr.cz\/n\/wp-content\/uploads\/2021\/05\/jiri-bata.jpg 280w\" sizes=\"(max-width: 102px) 100vw, 102px\" \/><\/p>\n<p>&nbsp;<\/p>\n","protected":false},"excerpt":{"rendered":"<p>Jak informuj\u00ed \u010desk\u00e9 m\u00e9dia, na pozv\u00e1n\u00ed p\u0159edsedy Sen\u00e1tu Milo\u0161e Vystr\u010dila (ODS). 7. \u010dervna p\u0159ijede do&#8230;<\/p>\n","protected":false},"author":2,"featured_media":2309,"comment_status":"closed","ping_status":"closed","sticky":false,"template":"","format":"standard","meta":[],"categories":[6],"tags":[29,158,414],"_links":{"self":[{"href":"https:\/\/www.infokuryr.cz\/n\/wp-json\/wp\/v2\/posts\/2308"}],"collection":[{"href":"https:\/\/www.infokuryr.cz\/n\/wp-json\/wp\/v2\/posts"}],"about":[{"href":"https:\/\/www.infokuryr.cz\/n\/wp-json\/wp\/v2\/types\/post"}],"author":[{"embeddable":true,"href":"https:\/\/www.infokuryr.cz\/n\/wp-json\/wp\/v2\/users\/2"}],"replies":[{"embeddable":true,"href":"https:\/\/www.infokuryr.cz\/n\/wp-json\/wp\/v2\/comments?post=2308"}],"version-history":[{"count":0,"href":"https:\/\/www.infokuryr.cz\/n\/wp-json\/wp\/v2\/posts\/2308\/revisions"}],"wp:featuredmedia":[{"embeddable":true,"href":"https:\/\/www.infokuryr.cz\/n\/wp-json\/wp\/v2\/media\/2309"}],"wp:attachment":[{"href":"https:\/\/www.infokuryr.cz\/n\/wp-json\/wp\/v2\/media?parent=2308"}],"wp:term":[{"taxonomy":"category","embeddable":true,"href":"https:\/\/www.infokuryr.cz\/n\/wp-json\/wp\/v2\/categories?post=2308"},{"taxonomy":"post_tag","embeddable":true,"href":"https:\/\/www.infokuryr.cz\/n\/wp-json\/wp\/v2\/tags?post=2308"}],"curies":[{"name":"wp","href":"https:\/\/api.w.org\/{rel}","templated":true}]}}