{"id":2304,"date":"2021-06-07T05:35:05","date_gmt":"2021-06-07T03:35:05","guid":{"rendered":"http:\/\/www.infokuryr.cz\/n\/?p=2304"},"modified":"2021-06-07T05:37:21","modified_gmt":"2021-06-07T03:37:21","slug":"odsun-brnenskych-nemcu-30-a-31-5-1945-aneb-kdo-jsou-dnesni-vykladaci-dejin","status":"publish","type":"post","link":"https:\/\/www.infokuryr.cz\/n\/2021\/06\/07\/odsun-brnenskych-nemcu-30-a-31-5-1945-aneb-kdo-jsou-dnesni-vykladaci-dejin\/","title":{"rendered":"Odsun brn\u011bnsk\u00fdch N\u011bmc\u016f 30. a 31.5. 1945 aneb Kdo jsou dne\u0161n\u00ed vyklada\u010di d\u011bjin"},"content":{"rendered":"<div id=\"fb-root\"><\/div>\n<div><b>Historie je velmi \u0161irok\u00e1. Smyslem historick\u00e9 v\u011bdy bude v\u017edy nastolov\u00e1n\u00ed nov\u00fdch ot\u00e1zek a hled\u00e1n\u00ed v\u011bdeck\u00fdmi metodami objektivn\u00ed odpov\u011bdi k prohlubov\u00e1n\u00ed na\u0161ich v\u011bdomost\u00ed o minulosti. M\u00edchaj\u00ed-li se do tohoto procesu politick\u00e9 z\u00e1jmy t\u011bch, co jsou pr\u00e1v\u011b u moci a kte\u0159\u00ed maj\u00ed k dispozici sd\u011blovac\u00ed prost\u0159edky, sna\u017e\u00ed se historii vykl\u00e1dat ve sv\u016fj prosp\u011bch.\u00a0<\/b><\/div>\n<div>\n<p>Tak doch\u00e1z\u00ed ke zkreslov\u00e1n\u00ed d\u011bjin. A pr\u00e1v\u011b toho jsme dnes sv\u011bdky p\u0159i p\u0159ekrucov\u00e1n\u00ed d\u011bjin 2. sv. v\u00e1lky a obdob\u00ed pov\u00e1le\u010dn\u00e9ho. Mezi mladou generaci je \u0161\u00ed\u0159ena zpolitizovan\u00e1 historie t\u00e9to doby. I to je jeden z d\u016fvod\u016f, pro\u010d se n\u011bkte\u0159\u00ed u\u010ditel\u00e9 d\u011bjepisu vyh\u00fdbaj\u00ed v\u00fduce nejnov\u011bj\u0161\u00edch d\u011bjin. Pohled mlad\u00fdch lid\u00ed na jim velmi vzd\u00e1lenou historii, vst\u0159eb\u00e1van\u00fd jak v\u00fdukou ve \u0161kol\u00e1ch, tak prost\u0159ednictv\u00edm politik\u016f a publicist\u016f je tak z\u00e1m\u011brn\u011b zkreslen\u00fd. U\u017e nez\u00edskaj\u00ed vlastn\u00ed zku\u0161enosti se zatem\u0148ov\u00e1n\u00edm, zat\u00fdk\u00e1n\u00edm, mu\u010den\u00edm, odvl\u00e9k\u00e1n\u00edm do koncentra\u010dn\u00edch t\u00e1bor\u016f, vra\u017ed\u011bn\u00edm, bombardov\u00e1n\u00edm, ud\u00e1v\u00e1n\u00edm. U\u017e nehroz\u00ed bezprost\u0159edn\u00ed nebezpe\u010d\u00ed genocidy \u010desk\u00e9ho n\u00e1roda. Nelze se mlad\u00fdm lidem divit, \u017ee nejsou schopni vc\u00edtit se do pocit\u016f, zku\u0161enost\u00ed a my\u0161len\u00ed lid\u00ed dan\u00e9 doby. Ale snahou t\u011bch, co jim historii vykl\u00e1daj\u00ed, by m\u011blo b\u00fdt alespo\u0148 jim to p\u0159ipomenout. O to v\u011bt\u0161\u00ed zodpov\u011bdnost p\u0159ed n\u00e1rodem maj\u00ed nejen historici, ale hlavn\u011b ti politici a publicist\u00e9, kte\u0159\u00ed se sna\u017e\u00ed historii p\u0159ekrucovat.<\/p>\n<p>Dnes jsme sv\u011bdky, \u017ee si ml\u00e1de\u017e prohl\u00ed\u017e\u00ed obr\u00e1zky z Mauthausenu, Dachau, Osv\u011btimi a dal\u0161\u00edch m\u00edst fa\u0161istick\u00e9 krutovl\u00e1dy a klidn\u011b jsou mnoz\u00ed schopni toto utrpen\u00ed srovn\u00e1vat s tzv. utrpen\u00edm N\u011bmc\u016f p\u0159i odsunu z na\u0161eho \u00fazem\u00ed. Nacistick\u00e9 N\u011bmecko sice vyvolalo 2. sv. v\u00e1lku, okupovalo n\u00e1s, ale je t\u0159eba zapomenout. 360 tis\u00edc na\u0161ich mrtv\u00fdch nen\u00ed nic proti nesrovnateln\u011b jin\u00fdm ud\u00e1lostem, na kter\u00e9 zapomenout nelze? Mlad\u00ed lid\u00e9 nemohou obs\u00e1hnout v\u0161echna d\u00edla renomovan\u00fdch historik\u016f, za to maj\u00ed dost p\u0159\u00edle\u017eitost\u00ed naslouchat r\u016fzn\u00fdm politick\u00fdm z\u00e1jmov\u00fdm skupin\u00e1m a jim pod\u0159\u00edzen\u00fdm publicist\u016fm. Politika tak v\u00edt\u011bz\u00ed nad pravdou. \u00da\u010del sv\u011bt\u00ed prost\u0159edky. V z\u00e1jmu objektivn\u00edho pohledu na minulost nezb\u00fdv\u00e1, ne\u017e konfrontovat vyklada\u010de m\u00fdt\u016f s v\u00fdsledky historick\u00e9ho b\u00e1d\u00e1n\u00ed.<\/p>\n<h3>Kdo jsou dne\u0161n\u00ed vyklada\u010di m\u00fdt\u016f?<\/h3>\n<p>Brzy po n\u00e1stupu prezidenta V. Havla byla zru\u0161ena vl\u00e1dn\u00ed komise pro st\u00edh\u00e1n\u00ed v\u00e1le\u010dn\u00fdch zlo\u010dinc\u016f. Pro\u010d? N\u00e1sledovala omluva tzv. sudetsk\u00fdm N\u011bmc\u016fm za odsun, p\u0159esto\u017ee je nevyvratiteln\u00fdm faktem, \u017ee naprost\u00e1 v\u011bt\u0161ina se p\u0159ihl\u00e1sila k n\u011bmeck\u00e9 \u0159\u00ed\u0161i a z\u016fstala v\u011brna Hitlerovi a\u017e do konce v\u00e1lky. Ka\u017ed\u00fd t\u0159et\u00ed \u010deskoslovensk\u00fd a tud\u00ed\u017e i brn\u011bnsk\u00fd N\u011bmec dostal medaili, kter\u00e1 byla ud\u011blov\u00e1na t\u011bm osob\u00e1m, kte\u0159\u00ed se zasazovali a p\u0159ipravovali podle Hitlera \u201en\u00e1vrat\u201c \u00fazem\u00ed do \u201e\u0158\u00ed\u0161e.\u201c P\u0159ed p\u0159\u00edchodem volali: \u201cChceme do \u0159\u00ed\u0161e!\u201c, aby p\u0159i odchodu z na\u0161\u00ed zem\u011b volali a vyhro\u017eovali: \u201cMy se vr\u00e1t\u00edme!\u201c Na to zapomn\u011bli mnoz\u00ed na\u0161i politici, publicist\u00e9, kulturn\u00ed pracovn\u00edci a c\u00edrkevn\u00ed hodnost\u00e1\u0159i? Z jak\u00fdch d\u016fvod\u016f se podb\u00edzej\u00ed Sudeton\u011bmeck\u00e9mu landsman\u0161aftu \/SL\/ a pom\u00e1haj\u00ed odsunut\u00fdm N\u011bmc\u016fm v jejich letit\u00e9m a neskr\u00fdvan\u00e9m revan\u0161ismu?<\/p>\n<p>Kdy\u017e se na n\u011bkter\u00e9 pod\u00edv\u00e1me, kdo jsou a pro\u010d to d\u011blaj\u00ed, nach\u00e1z\u00edme odpov\u011b\u010f ve star\u00e9m \u010desk\u00e9m p\u0159\u00edslov\u00ed: \u201eKoho chleba j\u00ed\u0161, toho p\u00edse\u0148 zp\u00edvej.\u201c<\/p>\n<p>M\u011bsto Brno s t\u00edm m\u00e1 v posledn\u00edch letech mnoho zku\u0161enost\u00ed. M\u00fdty a p\u0159ekrucov\u00e1n\u00ed fakt o divok\u00e9m odsunu n\u011bmeck\u00e9ho obyvatelstva z Brna jsou p\u0159\u00ed\u010dinou mnoha aktivit brn\u011bnsk\u00fdch politik\u016f a aktivist\u016f z \u0159ad mlad\u00fdch lid\u00ed ve spolupr\u00e1ci s n\u011bkter\u00fdmi c\u00edrkevn\u00edmi kruhy a SL. Ka\u017edoro\u010dn\u00ed pochod Poho\u0159elice \u2013 Brno vyvol\u00e1v\u00e1 \u0159adu negativn\u00edch reakc\u00ed pam\u011btn\u00edk\u016f a zasv\u011bcen\u00e9 ve\u0159ejnosti.<\/p>\n<h3>A\u00a0 jak to za\u010dalo?<\/h3>\n<p>Nen\u00e1padnou report\u00e1\u017e\u00ed publicisty Oty Filipa:\u00a0<i>\u201eMl\u010d\u00edc\u00ed mrtv\u00ed pod jetelinou Poho\u0159elic\u201c<\/i>, kter\u00e1 vy\u0161la 30.5.1990 v Frankfurter Allgemeine Zeitung a p\u0159eti\u0161t\u011bn\u00fd \u010dl\u00e1nek uve\u0159ejnil \u010dasopis Report\u00e9r pod n\u00e1zvem Ml\u010d\u00edc\u00ed mrtv\u00ed pod jetelinou u Poho\u0159elic. A na sv\u011bt\u011b byla neuv\u011b\u0159iteln\u00e1 legenda. Divok\u00fd odsun brn\u011bnsk\u00fdch N\u011bmc\u016f z m\u011bsta 30.-31.5.1945 byl prov\u00e1zen st\u0159\u00edlen\u00edm, vra\u017ed\u011bn\u00edm, zn\u00e1sil\u0148ov\u00e1n\u00edm a dal\u0161\u00edmi krutostmi, kter\u00e9 si nezadaj\u00ed s chov\u00e1n\u00edm nacist\u016f. V Poho\u0159elic\u00edch le\u017e\u00ed zavra\u017ed\u011bno v hromadn\u00e9m hrobu na 900 lid\u00ed. Protesty pam\u011btn\u00edk\u016f a historik\u016f byly jasn\u00e9. Je to le\u017e. Odkryjte \u00fadajn\u00fd hromadn\u00fd hrob, a\u0165 se uk\u00e1\u017ee pravda! Z\u00e1jem ze strany politick\u00fdch \u0161pi\u010dek tehdy nebyl. D\u016fkaz dodnes nen\u00ed. Bylo to snad proto, \u017ee: \u201epan Franz Neubauer se obr\u00e1til na spolkov\u00e9ho ministra zahrani\u010d\u00ed pana Klause Kinkela s \u017e\u00e1dost\u00ed, aby zabr\u00e1nil p\u0159em\u00edst\u011bn\u00ed ostatk\u016f t\u00e9m\u011b\u0159 900 brn\u011bnsk\u00fdch N\u011bmc\u016f z hrob\u016f v Poho\u0159elic\u00edch do rakousk\u00e9ho Drasenhofenu a aby vzal poho\u0159elick\u00fd h\u0159bitov v ochranu?\u201c, jak zaznamenal v t\u00e9 dob\u011b historik i pam\u011btn\u00edk prof. PhDr. Silvestr Nov\u00e1\u010dek, CSc. a uvedl ve sv\u00e9 publikaci \u201eVyst\u011bhov\u00e1n\u00ed N\u011bmc\u016f z Brna a odsun z jihomoravsk\u00e9ho pohrani\u010d\u00ed.\u201c\u00a0<b>Do\u010dteme se v n\u00ed, \u017ee pan Neubauer konstatoval v dopise panu Kinkelovi, \u017ee v Poho\u0159elic\u00edch u Brna je poh\u0159beno asi 890 z n\u011bkolika tis\u00edc ob\u011bt\u00ed \u201ebrn\u011bnsk\u00e9ho pochodu smrti\u201c z kv\u011btna 1945.<\/b><\/p>\n<p>Ani podrobn\u00e1 publikace renomovan\u00e9ho historika a pam\u011btn\u00edka onoho pochodu prof. PhDr. Vojt\u011bcha \u017dampacha, CSc.:<i>\u00a0\u201eVys\u00eddlen\u00ed n\u011bmeck\u00e9ho obyvatelstva z Brna ve dnech 30. a 31.kv\u011btna 1945 a nouzov\u00fd ubytovac\u00ed t\u00e1bor v Poho\u0159elic\u00edch 1.6.-7.7.1945\u201c<\/i>, kter\u00fd popsal a prov\u011b\u0159il v\u0161echny ud\u00e1losti, v\u010detn\u011b \u00famrt\u00ed a hromadn\u00fd hrob na dan\u00e9m m\u00edst\u011b vylu\u010duje. Rod\u00e1k z Rajhradu, ve kter\u00e9m \u010d\u00e1st vys\u00eddlovan\u00fdch byla p\u0159es noc ubytov\u00e1na, ve sv\u00fdch 16 letech pochod sledoval. Nav\u00edc jeho otec m\u011bl v Rajhrad\u011b poh\u0159ebnictv\u00ed. Jeho sv\u011bdectv\u00ed nen\u00ed pro mnoh\u00e9 d\u016fv\u011bryhodn\u00e9 p\u0159esto, \u017ee zdokumentoval 388 identifikovan\u00fdch a 67 bezejmenn\u00fdch, tedy 455 \u00famrt\u00ed v d\u016fsledku epidemie \u00faplavice a selh\u00e1n\u00ed srdce u star\u0161\u00edch osob, jejich\u017e jm\u00e9na jsou v publikaci uvedena v\u010detn\u011b m\u00edsta poh\u0159ben\u00ed?<\/p>\n<p>Jen\u017ee toto \u010d\u00edslo se bl\u00ed\u017e\u00ed i pozd\u011bji objeven\u00e9mu pramenu ve fondu NAD-196-M\u011bNv Poho\u0159elice ve st\u00e1tn\u00edm okresn\u00edm arch\u00edvu B\u0159eclav se s\u00eddlem v Mikulov\u011b, kter\u00fd objevil historik Emil Kordiovsk\u00fd a uvedl na konferenci:\u00a0<i>\u201eKomu pat\u0159\u00ed omluva? Historick\u00e1 pravda o pov\u00e1le\u010dn\u00fdch ud\u00e1lostech\u201c<\/i>, kter\u00e1 se konala 25.5.2016 v Brn\u011b a je uve\u0159ejn\u011bna ve sborn\u00edku, kter\u00fd vy\u0161el ve stejn\u00e9m roce. A\u010dkoliv uvedl, kde v\u0161ude jsou ulo\u017eeny arch\u00edvn\u00ed dokumenty a seznamy zem\u0159el\u00fdch, legenda Oty Filipa pokra\u010duje. Lze v\u011b\u0159it\u00a0<b>Otu Filipovi, publicistovi, kter\u00fd zem\u0159el 3. b\u0159ezna 2018 v Bavorsku, kde skon\u010dil svoji pou\u0165 emigranta N\u011bmeckem od r.1974? O jeho osobnosti a charakteru se lze do\u010d\u00edst v liter\u00e1rn\u00edm m\u011bs\u00ed\u010dn\u00edku HOST z \u010dervna 2018. Nab\u00edz\u00ed se siln\u00e9 podez\u0159en\u00ed, \u017ee se cht\u011bl zavd\u011b\u010dit sv\u00fdm chlebod\u00e1rc\u016fm a pomoci SL o\u017eivit jejich letit\u00fd revan\u0161ismus a za pomoci dom\u00e1c\u00edch spojenc\u016f podpo\u0159it aktivity v Brn\u011b.<\/b><\/p>\n<p>Nic na tom nezm\u011bnila ani\u00a0<i>\u201eSmlouva o dobr\u00e9m sousedstv\u00ed a p\u0159\u00e1telsk\u00e9 spolupr\u00e1ci\u201c<\/i>, kter\u00e1 byla 27.2.1992 podeps\u00e1na V.Havlem a H.Kohlem a 22.4.1992 ratifikov\u00e1na Feder\u00e1ln\u00edm shrom\u00e1\u017ed\u011bn\u00edm. Kritick\u00e9 hlasy k t\u00e9to smlouv\u011b byly uml\u010dov\u00e1ny tvrzen\u00edm, \u017ee je to tlust\u00e1 \u010d\u00e1ra za minulost\u00ed. Opravdu?<\/p>\n<p>Poln\u00ed k\u0159\u00ed\u017e Jakuba Ha\u0161ka u Smol\u00edna, kde m\u00e1 b\u00fdt \u00fadajn\u00fd hromadn\u00fd hrob, vysv\u011btil 31.5.1992 d\u011bkan svatopetrsk\u00e9 kapituly Ludv\u00edk Hork\u00fd za \u00fa\u010dasti \u010desk\u00fdch a n\u011bmeck\u00fdch ob\u010dan\u016f. Byl zde um\u00edst\u011bn v \u010de\u0161tin\u011b i n\u011bm\u010din\u011b n\u00e1pis: \u201cPo skon\u010den\u00ed 2.sv.v\u00e1lky v r.1945 p\u0159i\u0161lo o sv\u016fj \u017eivot mnoho n\u011bmecky mluv\u00edc\u00edch obyvatel z Brna a okol\u00ed. 890 ob\u011bt\u00ed je zde poh\u0159beno. Vzpom\u00edn\u00e1me.\u201c D\u016fkazu nen\u00ed t\u0159eba. M\u00fdtus v z\u00e1jmu dal\u0161\u00edch c\u00edl\u016f mus\u00ed b\u00fdt udr\u017eov\u00e1n.<\/p>\n<p>Ani \u010cesko-n\u011bmeck\u00e1 deklarace z roku 1997 nep\u0159isp\u011bla k tomu co slibovala v \u010dl. IV a to, \u017ee ob\u011b strany se shoduj\u00ed na tom, \u017ee sp\u00e1chan\u00e9 k\u0159ivdy \u201epat\u0159\u00ed minulosti.\u201c<\/p>\n<p>Ka\u017edoro\u010dn\u00ed pochod Poho\u0159elice &#8211; Brno, kter\u00fd m\u00e1 p\u0159ipom\u00ednat krveprolit\u00ed p\u0159i divok\u00e9m odsunu N\u011bmc\u016f z Brna vyvol\u00e1v\u00e1 negativn\u00ed reakce zasv\u011bcen\u00e9 ve\u0159ejnosti, proto\u017ee napom\u00e1h\u00e1 \u0161\u00ed\u0159it l\u017ei o tomto pochodu. A dokud nep\u0159ev\u00e1\u017e\u00ed objektivn\u00ed pravda nad l\u017e\u00ed a nen\u00e1vist\u00ed, bude odpor rodil\u00fdch Br\u0148an\u016f, pam\u011btn\u00edk\u016f a historik\u016f trvat. Pravdu nelze natrvalo uml\u010det ani t\u00edm, \u017ee se k n\u00e1m budou st\u00e1le \u0161\u00ed\u0159it \u00fa\u010delov\u00e9 publikace z N\u011bmecka, kter\u00e9 se sna\u017e\u00ed vytv\u00e1\u0159et n\u00e1zor, \u017ee se \u010ce\u0161i chovali na konci v\u00e1lky stejn\u011b, jako N\u011bmci.<\/p>\n<p>V r. 1998 vy\u0161la v N\u011bmecku a u n\u00e1s v r. 2001 kniha:\u00a0<i>\u201cN\u011bmci ven! die Deutschen raus! Brn\u011bnsk\u00fd pochod smrti 1945.\u201c<\/i>\u00a0Kdy\u017e si mlad\u00ed lid\u00e9, kter\u00fdm je p\u0159edev\u0161\u00edm ur\u010dena a mezi n\u011b \u0161\u00ed\u0159ena, p\u0159e\u010dtou tuto knihu, mus\u00ed se ot\u0159\u00e1st hr\u016fzou a odporem. Historik ji podrob\u00ed historick\u00e9 anal\u00fdze. Kdo jsou auto\u0159i knihy vzpom\u00ednek? Kdo jsou lid\u00e9, kte\u0159\u00ed vzpom\u00ednky vypr\u00e1v\u00ed? Kolik jim bylo let? Pro\u010d si mnoh\u00e9 v\u00fdpov\u011bdi odporuj\u00ed? Pro\u010d jsou zde p\u0159ev\u00e1\u017en\u011b v\u00fdpov\u011bdi a\u017e z 90. let? Atd. \u010cty\u0159i auto\u0159i: Karl Walter Ziegler\/1930\/, dr.Erich Pillwein\/1919\/, dr.Helmut Schneider\/1918\/ a Hans Hertl \/1923\/ o sob\u011b vyd\u00e1vaj\u00ed sv\u011bdectv\u00ed, \u017ee \u017eili do r.1945 v Brn\u011b. Jejich vzpom\u00ednky v\u0161ak chyb\u00ed.<\/p>\n<p>Pro\u010d? Jeden z nich K.W. Ziegler, v t\u00e9 dob\u011b spolkov\u00fd p\u0159edseda BRUNA, vlasteneck\u00e9ho svazu Br\u0148an\u016f v N\u011bmecku a nem\u00e1 dost odvahy vyl\u00ed\u010dit sv\u016fj \u017eivotn\u00ed p\u0159\u00edb\u011bh? V\u00fdpov\u011bdi, jak se uv\u00e1d\u00ed v publikaci, jsou ulo\u017eeny v arch\u00edvu BRUNA ve Schwabisch Gmunde. Pro\u010d jen tam? Pravdivost a ov\u011b\u0159itelnost t\u011bchto v\u00fdpov\u011bd\u00ed je tak miziv\u00e1.<\/p>\n<p>Jak d\u016fv\u011bryhodn\u00fd je Jan Mlyn\u00e1rik, kter\u00fd publikaci opat\u0159il emocion\u00e1ln\u00ed p\u0159edmluvou? M\u00e1 snad dodat d\u016fkaz pravdivosti slovensk\u00fd historik s podivnou \u017eivotn\u00ed cestou? B\u00fdval\u00fd \u010dlen KS\u010c, reformn\u00ed komunista, \u017eij\u00edc\u00ed od r.1982 v SRN, kde pracoval pro mnoho n\u011bmeck\u00fdch instituc\u00ed v\u010detn\u011b Svobodn\u00e9 Evropy? Typick\u00fd p\u0159evl\u00e9ka\u010d kab\u00e1tu, kter\u00fd jako \u010dlen VPN a poslanec parlamentu se dost\u00e1val po n\u00e1vratu do \u010ceskoslovenska do ostr\u00fdch st\u0159et\u016f s jin\u00fdmi historiky?<\/p>\n<p>Historikov\u00e9 rad\u011bji s\u00e1hnou k\u00a0<i>historicko-dokumenta\u010dn\u00edmu 19d\u00edln\u00e9mu cyklu rakousk\u00fdch historik\u016f a publicist\u016f dr. H.Portische, S.Riffa a G.Bachera<\/i>, kte\u0159\u00ed, jak uv\u00e1d\u00ed ve sv\u00e9 publikaci prof. Nov\u00e1\u010dek, spolupracovali s des\u00edtkami historik\u016f a pam\u011btn\u00edk\u016f. V\u00edde\u0148sk\u00e1 televize uvedla po\u0159ad v r.1985. V tomto dokumentu je i \u010d\u00e1st v\u011bnovan\u00e1 divok\u00e9mu odsunu n\u011bmeck\u00e9ho obyvatelstva z Brna do Poho\u0159elic. Vypov\u00eddali o\u010dit\u00ed sv\u011bdci \u017eij\u00edc\u00ed v Rakousku. St\u011b\u017eovali si na horko, \u017e\u00edze\u0148 a nam\u00e1hav\u00fd pochod\u2026.\u201cPan far\u00e1\u0159 pak vypr\u00e1v\u011bl o tom, jak pom\u00e1hali t\u011bm, kte\u0159\u00ed v obci z\u016fstali u n\u011bmeck\u00fdch roln\u00edk\u016f.\u201c s.19. Co br\u00e1nilo t\u011bmto sv\u011bdk\u016fm vyj\u00e1d\u0159it v\u0161e, co vid\u011bli, \u010deho byli sv\u011bdky?<\/p>\n<p>Jsem p\u0159esv\u011bd\u010dena, \u017ee pr\u00e1v\u011b kniha N\u011bmci ven a dal\u0161\u00ed vych\u00e1zej\u00edc\u00ed knihy n\u011bmeck\u00e9 provenience, bez znalosti v\u00fdsledk\u016f b\u00e1d\u00e1n\u00ed na\u0161ich historik\u016f nap\u0159. ze Svazu bojovn\u00edk\u016f za svobodu, se stala jedn\u00edm z motiv\u016f pro tzv. akce sm\u00ed\u0159en\u00ed organizovan\u00e9 hlavn\u011b pro brn\u011bnskou studuj\u00edc\u00ed ml\u00e1de\u017e. Pod veden\u00edm pana Ostr\u010dil\u00edka se za\u010daly organizovat pochody Brno-Poho\u0159elice, kter\u00e9 n\u00e1sledn\u011b se zm\u011bnily na pochod Poho\u0159elice-Brno, aby se zd\u016fraznil i za \u00fa\u010dasti z\u00e1stupc\u016f SL v\u010detn\u011b pana B.Posselta n\u00e1vrat brn\u011bnsk\u00fdch N\u011bmc\u016f do Brna. O rodin\u011b pana Ostr\u010dil\u00edka v\u011bd\u00ed v\u00edce lid\u00e9 ze \u017dab\u010dic. Stejn\u011b jako mnoz\u00ed jin\u00ed, kte\u0159\u00ed se aktivn\u011b do pochodu za\u0159azuj\u00ed, nebo o n\u011bm p\u00ed\u0161\u00ed rom\u00e1ny, nepat\u0159\u00ed mezi rodil\u00e9 ob\u010dany m\u011bsta Brna. Pan Jaroslav Ostr\u010dil\u00edk vystudoval gymn\u00e1zium v Rakousku, kde jeho otec po r.1990 pracoval. N\u00e1sledn\u011b vystudoval n\u011bmeck\u00fd jazyk a literaturu na Filozofick\u00e9 fakult\u011b Masarykovy univerzity. 4.12.2018 dostal za organizov\u00e1n\u00ed pochodu Poho\u0159elice-Brno a tzv. akce sm\u00ed\u0159en\u00ed medaili za z\u00e1sluhy od n\u011bmeck\u00e9ho prezidenta. K p\u0159evzet\u00ed medaile uvedl v MF Dnes 4.12.2018 v \u010dl\u00e1nku \u201eNejde ignorovat kl\u00ed\u010dov\u00fd okam\u017eik na\u0161ich d\u011bjin\u201c, \u017ee se od ml\u00e1d\u00ed zaj\u00edmal o d\u011bjiny Brna a ji\u017en\u00ed Moravy, zejm\u00e9na o odsun n\u011bmeck\u00e9ho obyvatelstva po 2. sv. v\u00e1lce. Trochu v\u00fdb\u011brov\u00fd z\u00e1jem. V obdob\u00ed 2.sv. v\u00e1lky \u017eilo v Brn\u011b i mnoho \u010desk\u00fdch ob\u010dan\u016f. I ti mohli poskytnout mnoho informac\u00ed o sou\u017eit\u00ed \u010cech\u016f a N\u011bmc\u016f za nacistick\u00e9 okupace. Sp\u00ed\u0161e ne\u017e tomu, lze v\u00edce v\u011b\u0159it, \u017ee ho ovlivnila rodina b\u00fdval\u00e9 partnerky.<\/p>\n<p>V \u010dl\u00e1nku redaktorky MF Dnes Mark\u00e9ty Lanka\u0161ov\u00e9 uv\u00e1d\u00ed, \u017ee jeho rakousk\u00e1 partnerka pat\u0159ila do rodiny, kter\u00e1 m\u011bla takov\u00fd ritu\u00e1l: \u201eBabi\u010dka s d\u011bde\u010dkem nah\u00e1zeli vnou\u010data do auta, dovezli je na kopce kolem Drasenhofenu, v\u0161ichni ml\u010dky vystoupili a d\u011bda uk\u00e1zal, tam je n\u00e1\u0161 bar\u00e1k.\u201c Nebo to byli i dal\u0161\u00ed spolu\u017e\u00e1ci? Byl to ten motiv, aby za\u010dal od roku 2007 organizovat pochod Brno-Poho\u0159elice, aby jej na popud kamar\u00e1da Jana Han\u00e1ka, far\u00e1\u0159e z Vy\u0161kovska, obr\u00e1til v pochod Poho\u0159elice-Brno?<\/p>\n<p>Jak\u00fd motiv ho vedl k tomu, aby se za\u010dal pod\u00edlet na organizov\u00e1n\u00ed Meetingu Brno, jeho\u017e sou\u010d\u00e1st\u00ed jsou i takov\u00e9 akce, jako vystaven\u00ed r\u016f\u017eov\u00e9ho tanku jako v\u00fdsm\u011bch osvoboditel\u016fm, bojovn\u00edk\u016fm Rud\u00e9 arm\u00e1dy, jich\u017e za osvobozen\u00ed Brna padlo v\u00edce jak 4 tis\u00edce a p\u0159es tis\u00edc rumunsk\u00fdch voj\u00e1k\u016f a v jeho bl\u00edzkosti um\u00edstit megalomanskou konstrukci makety b\u00fdval\u00e9ho N\u011bmeck\u00e9ho domu, kter\u00fd byl za v\u00e1lky bombardov\u00e1n jako ba\u0161ta nacist\u016f, n\u00e1sledn\u011b vyho\u0159el a byl odstran\u011bn? Jak\u00fd motiv m\u00e1 pan Ostr\u010dil\u00edk k tomu, aby navrhoval kon\u00e1n\u00ed Sudeton\u011bmeck\u00fdch dn\u016f v m\u011bst\u011b Brn\u011b? I to pobu\u0159uje je\u0161t\u011b mnoho \u017eij\u00edc\u00edch Br\u0148an\u016f, kte\u0159\u00ed maj\u00ed hlubok\u00e9 rodov\u00e9 ko\u0159eny v tomto m\u011bst\u011b. Pat\u0159\u00edm mezi n\u011b.<\/p>\n<p>M\u00e1-li rodina s rozv\u011btven\u00fdm p\u0159\u00edbuzenstvem v\u00edce jak 100 lid\u00ed, je to mnoho osud\u016f udr\u017eovan\u00fdch ve vzpom\u00ednk\u00e1ch potomk\u016f. I v na\u0161\u00ed rodin\u011b byli lid\u00e9 v odboji, popraven\u00ed i indiferentn\u00ed. Jen jedna p\u0159\u00edbuzn\u00e1 se na\u0161la, kter\u00e1 kolaborovala. Se sv\u00fdm man\u017eelem, tak\u00e9 \u010cechem, p\u0159ijali po okupaci n\u011bmeck\u00e9 ob\u010danstv\u00ed. L\u00e1kala je vidina lep\u0161\u00edch p\u0159\u00edd\u011bl\u016f a \u017eivotn\u00edch podm\u00ednek. Mo\u017en\u00e1 nepo\u010d\u00edtali s t\u00edm, \u017ee N\u011bmci povolaj\u00ed mu\u017ee bojovat proti Slovensk\u00e9mu n\u00e1rodn\u00edmu povst\u00e1n\u00ed. Tam byl p\u0159i rekv\u00edrov\u00e1n\u00ed dobytka vesni\u010dan\u016fm partyz\u00e1ny zabit. A tak tato sest\u0159enice moj\u00ed matky, nav\u00edc sousedka, byla za\u0159azena se \u0161estilet\u00fdm synem do pochodu a absolvovala jej. Bez \u00fajmy na zdrav\u00ed. A\u017e v Poho\u0159elic\u00edch se rozpomn\u011bla na svoje \u010desk\u00e9 ko\u0159eny a byla vr\u00e1cena zp\u011bt. Nakonec j\u00ed bylo vr\u00e1ceno i \u010deskoslovensk\u00e9 ob\u010danstv\u00ed. Opravdu byla ale bez viny? Domn\u00edv\u00e1 se snad n\u011bkdo, \u017ee syn, spolu\u017e\u00e1k a kamar\u00e1d m\u00e9ho bratra, by dok\u00e1zal udr\u017eet v tajnosti hr\u016fzy, kter\u00e9 vid\u011bl a pro\u017eil na pochodu?<\/p>\n<p>To jen potvrzuje to, co ve sv\u00e9 publikace uvedl prof. Nov\u00e1\u010dek na str.36:\u00a0<b>\u201eKomise ustaven\u00e1 v \u010dervnu 1945 p\u0159edsedou Okresn\u00ed spr\u00e1vn\u00ed komise v Mikulov\u011b JUDr. V\u00e1clavem Hanzl\u00ed\u010dkem, slo\u017een\u00e1 ze dvou \u010cech\u016f a dvou N\u011bmc\u016f, antifa\u0161ist\u016f, vyslechla des\u00edtky brn\u011bnsk\u00fdch N\u011bmc\u016f z pochodu, des\u00edtky \u010desk\u00fdch a n\u011bmeck\u00fdch obyvatel z obc\u00ed na trase pochodu, p\u0159\u00edslu\u0161n\u00edky SNB, policie a finan\u010dn\u00ed str\u00e1\u017ee, \u010dleny m\u00edstn\u00edch spr\u00e1vn\u00edch komis\u00ed, resp. MNV a n\u011bmeck\u00e9 kn\u011bze v obc\u00edch na trase pochodu a nezjistila ani jeden p\u0159\u00edpad fyzick\u00e9ho n\u00e1sil\u00ed, kter\u00e9 by m\u011blo za n\u00e1sledek zran\u011bn\u00ed nebo dokonce smrt n\u011bkter\u00e9ho z \u00fa\u010dastn\u00edk\u016f pochodu.\u201c A ani n\u00e1znak n\u011bjak\u00e9ho hromadn\u00e9ho hrobu.\u00a0<\/b><\/p>\n<p>Divok\u00fd odsun n\u011bmeck\u00e9ho obyvatelstva z Brna ve dnech 30. a 31.5.1945 byl un\u00e1hlen\u00fd, \u0161patn\u011b organiza\u010dn\u011b a logisticky zaji\u0161t\u011bn\u00fd a rozhodn\u011b samotn\u00fd akt nikdo neobhajuje. Z pramen\u016f vypl\u00fdv\u00e1, \u017ee cel\u00fd z\u00e1m\u011br \u0159e\u0161it t\u011b\u017ekou situaci v Brn\u011b, nedostatek j\u00eddla a zdravotn\u00edho materi\u00e1lu, kter\u00fd vyvezla i zni\u010dila odch\u00e1zej\u00edc\u00ed n\u011bmeck\u00e1 arm\u00e1da, nedostatek byt\u016f, zabezpe\u010den\u00ed lid\u00ed p\u0159ich\u00e1zej\u00edc\u00edch z koncentra\u010dn\u00edch t\u00e1bor\u016f, mno\u017estv\u00ed migruj\u00edc\u00edch N\u011bmc\u016f hledaj\u00edc\u00edch \u00fakryt u sv\u00fdch soukmenovc\u016f, vyvol\u00e1val nap\u011bt\u00ed u obyvatel Brna a volaj\u00edc\u00edch po rychl\u00e9m \u0159e\u0161en\u00ed n\u011bmeck\u00e9 ot\u00e1zky. To vedlo k \u00famyslu vyv\u00e9st ty ob\u010dany, jejich\u017e pracovn\u00ed s\u00edlu nelze vyu\u017e\u00edt k obnov\u011b, do vs\u00ed s n\u011bmeck\u00fdm obyvatelstvem v pohrani\u010d\u00ed, aby se o n\u011b postarali. Po\u010d\u00e1te\u010dn\u00ed chaos v organizaci ubytov\u00e1n\u00ed, roz\u0161\u00ed\u0159en\u00ed \u00faplavice p\u0159es snahu povolan\u00fdch l\u00e9ka\u0159\u016f z Brna, nedostatek l\u00e9k\u016f, stres star\u0161\u00edch osob vykonal sv\u00e9. Z\u0159ejm\u011b tam vznikl podn\u011bt k hromadn\u00e9mu odchodu do Rakouska.<\/p>\n<p><b>V\u0161e nasv\u011bd\u010duje tomu, \u017ee m\u011blo j\u00edt o vnitrost\u00e1tn\u00ed akci, proto\u017ee nebyla informov\u00e1na rakousk\u00e1 strana, kter\u00e1 byla n\u00e1sledn\u011b zasko\u010dena a do\u0161lo k diplomatick\u00fdm probl\u00e9m\u016fm. Rakousko m\u011blo po v\u00e1lce sv\u00fdch probl\u00e9m\u016f tak\u00e9 dost. U\u017e v t\u00e9 dob\u011b to vyvolalo \u0159adu negativn\u00edch reakc\u00ed mezi institucemi i politiky v Brn\u011b. \u201eN\u00e1rodn\u00ed v\u00fdbor m\u011bsta Brna nem\u011bl pr\u00e1vo, je\u0161t\u011b p\u0159ed rozhodnut\u00edm v\u00edt\u011bzn\u00fdch mocnost\u00ed vyst\u011bhovat brn\u011bnsk\u00e9 N\u011bmce\u2026\u201c napsal nap\u0159. O. \u0160ling do zpr\u00e1vy pro \u00daV KS\u010c. Ot\u00e1zkou sporu nen\u00ed samotn\u00fd pochod, ale jeho pr\u016fb\u011bh a falzifikace, kterou neru\u0161en\u011b rozv\u00edjej\u00ed sudeton\u011bme\u010dt\u00ed a jim naklon\u011bn\u00ed \u010de\u0161t\u00ed publicist\u00e9, \u0161kolen\u00ed v N\u011bmecku. Nelze p\u0159ipustit ono goebbelsovsk\u00e9, \u017ee stokr\u00e1t opakovan\u00e1 le\u017e se st\u00e1v\u00e1 pravdou. Proto nelze p\u0159ipustit, \u017ee divok\u00fd odsun z Brna byl pouh\u00fdm aktem pomsty, \u017ee \u0161lo o kolektivn\u00ed vinu, \u017ee \u0161lo o pochod smrti prov\u00e1zen\u00fd st\u0159\u00edlen\u00edm, vra\u017ed\u011bn\u00edm nevinn\u00fdch, tak, jak to na pochodech smrti uskute\u010d\u0148ovali n\u011bme\u010dt\u00ed vrazi, aby se zbavili co nejv\u00edce sv\u011bdk\u016f sv\u00e9 zr\u016fdnosti a lidsk\u00e9ho hyenismu.<\/b><\/p>\n<p>Zat\u00edm co nacismus byl st\u00e1tn\u00ed politikou N\u011bmecka, podporovan\u00fd v\u011bt\u0161inov\u011b i sudetsk\u00fdmi a brn\u011bnsk\u00fdmi N\u011bmci, st\u00e1tn\u00ed politikou pov\u00e1le\u010dn\u00e9ho \u010ceskoslovenska nebylo krut\u011b se mst\u00edt. Excesy, ke kter\u00fdm doch\u00e1zelo, byly odsouzeny a nebyly v\u011bt\u0161inov\u00fdm jevem. Snahou SL i n\u011bkter\u00fdch kruh\u016f v N\u011bmecku je p\u0159isoudit na\u0161im ob\u010dan\u016fm chov\u00e1n\u00ed, kter\u00e9 bylo v\u011bt\u0161inov\u011b roz\u0161\u00ed\u0159en\u00e9 mezi nimi. P\u0159ech\u00e1z\u00ed k o\u010di\u0161\u0165ov\u00e1n\u00ed sv\u00e9ho po\u010d\u00edn\u00e1n\u00ed, jak to p\u0159edpov\u00eddal E. Bene\u0161.<\/p>\n<p>St\u00e1le opakovan\u00e1 le\u017e o odsunu brn\u011bnsk\u00fdch N\u011bmc\u016f si na\u0161la svoje zast\u00e1nce i na magistr\u00e1tu m\u011bsta Brna. Koalice slo\u017een\u00e1 z hnut\u00ed ANO, \u017d\u00edt Brno, KDU-\u010cSL a SZ p\u0159ijala 19.5.2015 \u201eDeklaraci sm\u00ed\u0159en\u00ed a spole\u010dn\u00e9 budoucnosti.\u201c V n\u00ed se mimo jin\u00e9 uv\u00e1d\u00ed: \u201eM\u011bsto Brno up\u0159\u00edmn\u011b lituje ud\u00e1lost\u00ed z 30.kv\u011btna 1945 a dn\u00ed n\u00e1sleduj\u00edc\u00edch, kdy byly p\u0159inuceny k odchodu tis\u00edce lid\u00ed na z\u00e1klad\u011b uplatn\u011bn\u00ed principu kolektivn\u00ed viny \u010di u\u017e\u00edvan\u00e9ho jazyka\u2026.B\u011bhem noci a k r\u00e1nu je vyv\u00e1d\u011bj\u00ed ozbrojen\u00e9 Revolu\u010dn\u00ed gardy a arm\u00e1dn\u00ed jednotky z m\u011bsta. Proces\u00ed asi dvaceti tis\u00edc osob \u010dek\u00e1 nekone\u010dn\u00fd pochod sm\u011brem k rakousk\u00fdm hranic\u00edm. Bez j\u00eddla, bez vody, bez l\u00e9ka\u0159sk\u00e9 p\u00e9\u010de, bez z\u00e1kladn\u00ed hygieny, bez odpo\u010dinku. Podle o\u010dit\u00fdch sv\u011bdectv\u00ed po cest\u011b mnoz\u00ed um\u00edrali vy\u010derp\u00e1n\u00edm, podl\u00e9hali epidemi\u00edm, kter\u00e9 se roz\u0161\u00ed\u0159ily v poho\u0159elick\u00e9m t\u00e1bo\u0159e, n\u011bkte\u0159\u00ed byli ozbrojen\u00fdm doprovodem ubiti \u010di zast\u0159eleni. Tento \u201eakt pomsty\u201c, kter\u00fd m\u011bl b\u00fdt odplatou za nacistick\u00e9 zlo\u010diny, p\u0159itom ty, kte\u0159\u00ed se na nich aktivn\u011b pod\u00edleli, postihli jen okrajov\u011b. Akce byla nam\u00ed\u0159ena p\u0159edev\u0161\u00edm proti \u017een\u00e1m, d\u011btem a star\u00fdm lidem, kte\u0159\u00ed tvo\u0159ili naprostou v\u011bt\u0161inu \u00fa\u010dastn\u00edk\u016f pochodu. Mezi vyhnan\u00fdmi bylo mimo jin\u00e9 i mnoho \u010cech\u016f a n\u011bmeck\u00fdch antifa\u0161ist\u016f. Tento akt vstoupil do historie jako tzv. \u201cBrn\u011bnsk\u00fd pochod smrti.\u201c Ani slovo o tom, \u017ee tomu ,mimo jin\u00e9, p\u0159edch\u00e1zelo vyhn\u00e1n\u00ed \u010cech\u016f z na\u0161eho pohrani\u010d\u00ed.<\/p>\n<p>Neznalost historick\u00fdch fakt\u016f z t\u00e9to Deklarace je z\u0159ejm\u00fd. Akt usm\u00ed\u0159en\u00ed pojala politick\u00e1 reprezentace m\u011bsta Brna p\u0159ijet\u00edm v\u0161ech nesmysl\u016f o kolektivn\u00ed vin\u011b, pochodu smrti, aktu pomsty, jak ho l\u00ed\u010d\u00ed SL a jeho spojenci. Ztoto\u017enila se s n\u00e1zorem Bernda Posselta, kter\u00fd uvedl nap\u0159. v Sudetenpost 11.2.216, jak si SL p\u0159edstavuje budoucnost na\u0161ich vztah\u016f: \u201c\u010cesk\u00e1 republika mus\u00ed \u010delit minulosti, stejn\u011b jako to u\u010dinilo N\u011bmecko. Bene\u0161ovy dekrety mus\u00ed b\u00fdt kone\u010dn\u011b zru\u0161eny a \u010desk\u00fd st\u00e1t mus\u00ed nutn\u011b odeslat restitu\u010dn\u00ed n\u00e1hrady&#8230;\u201c D\u00e1le uvedl, \u017ee on a jeho t\u00fdm pracuje na tom, aby \u010ce\u0161i o t\u00e9to dob\u011b mluvili, a prost\u0159ednictv\u00edm p\u0159\u00edm\u00fdch rozhovor\u016f z\u00e1stupc\u016f lidu hledali \u0159e\u0161en\u00ed, jak neplatnost Bene\u0161ov\u00fdch prezidentsk\u00fdch dekret\u016f pr\u00e1vn\u011b prosadit. Skute\u010dnost, \u017ee \u010ceskoslovensko nedostalo za v\u00e1le\u010dn\u00e9 \u0161kody zp\u016fsoben\u00e9 nacistick\u00fdm N\u011bmeckem \u017e\u00e1dn\u00e9 n\u00e1hrady, nezaj\u00edm\u00e1 nikoho z t\u011bchto akt\u00e9r\u016f.<\/p>\n<p>Vlna odporu vedla ve m\u011bst\u011b Brn\u011b k uspo\u0159\u00e1d\u00e1n\u00ed konference historik\u016f a p\u0159\u00edsp\u011bvky, kter\u00e9 na n\u00ed zazn\u011bly vy\u0161ly ve sborn\u00edku \u201eKomu slu\u0161\u00ed omluva. Historick\u00e1 pravda o pov\u00e1le\u010dn\u00fdch ud\u00e1lostech, kter\u00fd vydal Ob\u010dansk\u00fd a odborn\u00fd v\u00fdbor Brno, z.s. v r.2016. Cel\u00e9 m\u011bstsk\u00e9 rad\u011b byl sborn\u00edk p\u0159ed\u00e1n. Proti Deklaraci sm\u00ed\u0159en\u00ed.. se ohradily vlasteneck\u00e9 organizace. 24.11.2017 se obr\u00e1til M\u011bV KS\u010cM na ob\u010dany m\u011bsta Brna otev\u0159en\u00fdm dopisem v n\u011bm\u017e se mino jin\u00e9 uv\u00e1d\u00ed:\u201c Pot\u0159ebnou vz\u00e1jemnou d\u016fv\u011bru nelze znovu z\u00edskat podobn\u00fdmi akcemi, jako je Meeting Brno, pochod Poho\u0159elice &#8211; Brno, nebo zvan\u00edm p\u0159edstavitel\u016f SL do Brna. Naopak p\u0159ipom\u00edn\u00e1n\u00edm t\u011bchto ud\u00e1lost\u00ed je o\u017eivov\u00e1n\u00edm v\u0161ech ud\u00e1lost\u00ed, kter\u00e9 odsunu brn\u011bnsk\u00fdch N\u011bmc\u016f p\u0159edch\u00e1zely&#8230;\u201cKS\u010cM je pro spolupr\u00e1ci mezi n\u011bmeck\u00fdm a \u010desk\u00fdm n\u00e1rodem. Jsme pro p\u0159\u00e1telstv\u00ed mezi ob\u011bma n\u00e1rody, jsme pro hospod\u00e1\u0159skou spolupr\u00e1ci jako rovn\u00fd s rovn\u00fdm, jsme pro vz\u00e1jemnou v\u00fdm\u011bnu kulturn\u00edch hodnot, jsme pro\u2026 Takov\u00e9 spolupr\u00e1ci p\u0159ece nic nebr\u00e1n\u00ed. Jsme pro to, aby se u\u017e ud\u00e1losti pov\u00e1le\u010dn\u00fdch rok\u016f ponechaly historik\u016fm a my v\u0161ichni se se\u0161li na spole\u010dn\u00e9m \u00fasil\u00ed, aby se nic podobn\u00e9ho v Evrop\u011b a kdekoliv jinde nemohlo opakovat.\u201c<\/p>\n<p>Letos, stejn\u011b jako loni, se pochod Poho\u0159elice \u2013Brno op\u011bt konal. Za\u010d\u00edn\u00e1 spole\u010dnou modlitbou nad \u00fadajn\u00fdm hromadn\u00fdm hrobem, kter\u00fd nen\u00ed dolo\u017een. Pochod byl ukon\u010den triumf\u00e1ln\u00edm vstupem prim\u00e1tora m\u011bsta Brna Petra Vok\u0159\u00e1la spole\u010dn\u011b s p\u0159edstavitelem SL Bernem Posseltem do zahrady opatstv\u00ed na Mendlov\u011b n\u00e1m\u011bst\u00ed. Podle v\u0161eho si p\u00e1nov\u00e9 velmi dob\u0159e rozum\u00ed.<\/p>\n<p>Nen\u00ed to snad proto, \u017ee \u010dinnost a kari\u00e9ra pana prim\u00e1tora je spojena s rakouskou spole\u010dnost\u00ed A.S.A? Pozice gener\u00e1ln\u00edho \u0159editele pro \u010cR a n\u00e1sledn\u011b i post v p\u0159edstavenstvu byl jist\u011b v\u00fdnosn\u00fd a o p\u0159\u00e1telsk\u00e9 vztahy nem\u011bl nouzi. Byli to i \u010dlenov\u00e9 SL?<\/p>\n<p>A\u010dkoliv nem\u00e1 prim\u00e1tor rodn\u00e9 ko\u0159eny v Brn\u011b, politickou kari\u00e9ru zde ud\u011blal. Po ukon\u010den\u00ed sv\u00e9 pr\u00e1ce pro rakouskou firmu, kde pracoval v letech 1992 a\u017e do roku 2013, vstoupil v b\u0159eznu 2014 do hnut\u00ed ANO 2011 a 25.11.2014 se stal prim\u00e1torem. Je evidentn\u00ed, \u017ee historie Brna ho zaj\u00edm\u00e1 tak\u00e9 jen v\u00fdb\u011brov\u011b. Jinak by se z\u00fa\u010dastnil nap\u0159. premi\u00e9ry filmu Za svobodn\u00e9 Brno, re\u017eis\u00e9ra Pavla Jir\u00e1ska v r. 2017 v kin\u011b Scala. Slou\u017e\u00ed ke cti mlad\u00fdch tv\u016frc\u016f, \u017ee se sna\u017eili hledat objektivn\u00ed pravdu a p\u0159ibl\u00ed\u017eili mlad\u00e9 generaci dobu okupace a n\u00e1sleduj\u00edc\u00ed dobu v cel\u00e9 svoj\u00ed slo\u017eitosti. Tak\u00e9 diplomov\u00e1 pr\u00e1ce nap\u0159. Dagmar Vicen\u00edkov\u00e9: T\u00e1bory pro N\u011bmce v Brn\u011b v letech 1945-1948 z roku 2007 by mohla veden\u00ed m\u011bsta zaj\u00edmat. Bohu\u017eel, svoj\u00ed Deklarac\u00ed \u2026.se toto veden\u00ed m\u011bsta za\u0159adilo mezi politick\u00e9 falzifik\u00e1tory na\u0161ich n\u00e1rodn\u00edch d\u011bjin.<\/p>\n<p><b>8.\u010dervna 2018 prim\u00e1tor m\u011bsta Brna Petr Vok\u0159\u00e1l obdr\u017eel Velk\u00fd k\u0159\u00ed\u017e za z\u00e1sluhy od Spolkov\u00e9 republiky N\u011bmecko, prop\u016fj\u010den\u00e9 od n\u011bmeck\u00e9ho prezidenta. Ocen\u011bn\u00ed mu bylo ud\u011bleno za mimo\u0159\u00e1dnou v\u016fli k usm\u00ed\u0159en\u00ed, a i proto, \u017ee od r. 2015 vede 32km dlouhou \u201ePou\u0165 sm\u00ed\u0159en\u00ed do Brna, kter\u00e1 pr\u00fd p\u0159ipom\u00edn\u00e1 \u201ebrn\u011bnsk\u00fd pochod smrti\u201c a vyhn\u00e1n\u00ed n\u011bmeck\u00e9ho obyvatelstva z Brna.<\/b><\/p>\n<p>P\u0159i p\u0159ej\u00edm\u00e1n\u00ed Velk\u00e9ho k\u0159\u00ed\u017ee pan Petr Vok\u0159\u00e1l, prim\u00e1tor m\u011bsta Brna \u0159ekl: \u201eVelmi si ocen\u011bn\u00ed v\u00e1\u017e\u00edm. Neberu to ale jako m\u00e9 osobn\u00ed ocen\u011bn\u00ed, ale cel\u00e9ho veden\u00ed m\u011bsta. Je mi velkou ct\u00ed, \u017ee jsem se za\u0159adil mezi tak v\u00fdznamn\u00e1 jm\u00e9na, jako je V\u00e1clav Havel, Pavel Tigrid, Karel Schwarzenberg a dal\u0161\u00ed v\u00fdznamn\u00e9 osobnosti, kter\u00e9 v minulosti Velk\u00fd k\u0159\u00ed\u017e obdr\u017eely.\u201c<\/p>\n<p>Rodil\u00ed ob\u010dan\u00e9 m\u011bsta Brna, potomci t\u011bch generac\u00ed, kter\u00e9 m\u011bli s n\u011bmeck\u00fdm obyvatelstvem m\u011bsta Brna, a nejen v dob\u011b okupace, svoje zku\u0161enosti, ocen\u011bn\u00ed ud\u011blen\u00e9 dnes u\u017e b\u00fdval\u00e9mu prim\u00e1torovi neocen\u00ed. Ocenili by, kdyby se zasadil spolu s panem Ostr\u010dil\u00edkem o otev\u0159en\u00ed a pr\u016fzkum m\u00edsta ozna\u010dovan\u00e9ho jako hromadn\u00fd hrob, aby se uk\u00e1zala pravda. Padni, komu padni!<\/p>\n<p>Lep\u0161\u00ed budoucnosti nedos\u00e1hneme jednostrann\u00fdmi omluvami a p\u0159episov\u00e1n\u00edm historie!<\/p>\n<div><i>PaedDr. Anna \u0160tofanov\u00e1<\/i><\/div>\n<div><i>V Brn\u011b 15.12.2018<\/i><\/div>\n<p><i><b><br \/>\nLiteratura:<\/b><\/i><\/p>\n<p>1. \u017dalm Moravy, vydalo nakl. \u201cM\u00edr\u201c, Praha &#8211; Brno, 1949<\/p>\n<p>Kniha mapuje p\u016fsobnost gestapa na p\u016fd\u011b m\u011bsta Brna od b\u00fdval\u00e9ho policejn\u00edho \u0159editelstv\u00ed p\u0159es Mozartovu ulici, Cejl, \u0160pilberk, Su\u0161ilovu kolej, Kounicovy koleje, Pod ka\u0161tany a pr\u00e1vnickou fakultu a\u017e k p\u0159ipravovan\u00e9mu popravi\u0161ti v podzem\u00ed \u0161pilbersk\u00fdch kasemat a k neuskute\u010dn\u011bn\u00e9 ji\u017e stavb\u011b rozs\u00e1hl\u00e9 v\u011bznice s t\u0159emi sty samotek v t\u011bsn\u00e9m sousedstv\u00ed pr\u00e1vnick\u00e9 fakulty Masarykovy univerzity.<\/p>\n<p>2.Dr.Milo\u0161 V\u00edtek: Mauthausen 1942, Dachau 1945, vydal Klub Kounicov\u00fdch kolej\u00ed v Brn\u011b, 1946<\/p>\n<p>Jeden z m\u00e1la p\u0159e\u017eiv\u0161\u00edch vysoko\u0161kolsk\u00fdch pedagog\u016f Masarykovy univerzity napsal v kv\u011btnu 1945 vzpom\u00ednky na sv\u00e9 mrtv\u00e9 druhy z MU v Mauthausenu a Dachau bezprost\u0159edn\u011b po osvobozen\u00ed t\u00e1bora Dachau Ameri\u010dany.<\/p>\n<p>3.Ludv\u00edk Hor\u010dica: Zem\u0159eli pro vlast, vydal OV-\u010cSBS Brno-venkov, nakl. \u0160imon Ry\u0161av\u00fd,2014<\/p>\n<p>Autor se ve sv\u00e9 knize faktu zam\u011b\u0159uje na v\u00edce jak 500 \u017een a mu\u017e\u016f, kte\u0159\u00ed zahynuli v protifa\u0161istick\u00e9m boji za na\u0161i svobodu a na\u0161i budoucnost v letech 1939 &#8211; 1945.<\/p>\n<p>4.Ludv\u00edk Hor\u010dica: Old\u0159ich Kothbauer a Legion\u00e1\u0159sko-zbrojov\u00e1ck\u00e1 odbojov\u00e1 skupina Ti\u0161nov, vydal OV- \u010cSBS Brno-venkov, 2015<\/p>\n<p>Publikace v\u011bnuje pozornost jedn\u00e9 z odbojov\u00fdch skupin na okrese Brno-venkov. Dopl\u0148uje ji \u017eivotopisy Old\u0159icha Kothhaubera, jeho rodiny a \u010dlen\u016f skupiny.<\/p>\n<p>5.Franti\u0161ek Z\u0159\u00eddkavesel\u00fd a kol: Brn\u011bn\u0161t\u00ed ob\u010dan\u00e9 v boji proti fa\u0161ismu, nakl.Blok,1981<\/p>\n<p>Kniha charakterizuje ve stru\u010dnosti odbojovou \u010dinnost brn\u011bnsk\u00fdch ob\u010dan\u016f, kte\u0159\u00ed se postavili na odpor fa\u0161istick\u00e9 hr\u016fzovl\u00e1d\u011b. Uv\u00e1d\u00ed seznam 1518 dohledan\u00fdch osob, kde a kdy zem\u0159eli, byli umu\u010deni nebo popraveni.<\/p>\n<p>6.Jan Kux a kol: Interna\u010dn\u00ed t\u00e1bor Svatobo\u0159ice, sborn\u00edk, Protisk spol.s.r.o Slavkov u Brna, 2008<\/p>\n<p>Publikace je sborn\u00edk p\u0159\u00edsp\u011bvk\u016f historik\u016f, kte\u0159\u00ed se z\u00fa\u010dastnili mezin\u00e1rodn\u00edho kolokvia v Kyjov\u011b 14.9.2007, aby p\u0159isp\u011bli k zmapov\u00e1n\u00ed existence interna\u010dn\u00edho t\u00e1bora ve Svatobo\u0159ic\u00edch v letech 1942-45, kde bylo internov\u00e1no na 1900 rodinn\u00fdch p\u0159\u00edslu\u0161n\u00edk\u016f \u00fa\u010dastn\u00edk\u016f zahrani\u010dn\u00edho odboje. Konkr\u00e9tn\u00ed v\u00fdb\u011br jmen schv\u00e1lil st\u00e1tn\u00ed tajemn\u00edk K.H.Frank.<\/p>\n<p>7.Franti\u0161ek Mainu\u0161: Pam\u00e1tn\u00e1 m\u00edsta protifa\u0161istick\u00e9ho boje Jihomoravsk\u00e9ho kraje,vydal \u010cesk\u00fd svaz protifa\u0161istick\u00fdch bojovn\u00edk\u016f, nakl. Na\u0161e vojsko,1978<\/p>\n<p>Kniha mapuje st\u0159ediska odporu v\u0161ech okres\u016f kraje, v\u010detn\u011b okresu Brno- m\u011bsto.<\/p>\n<p>8.Zden\u011bk M\u00fcller, Milena Flodrov\u00e1 a kol: Bomby nad Brnem, vydal: Expodata,s.r.o, 2005<\/p>\n<p>Kniha fotografi\u00ed srovn\u00e1v\u00e1 obr\u00e1zky rozbombardovan\u00e9ho Brna v r.1944-1945 se sou\u010dasnost\u00ed. Obr\u00e1zky jsou dopln\u011bny textem: Jak to tenkr\u00e1t bylo.<\/p>\n<p>9.Silvestr Nov\u00e1\u010dek: Vyst\u011bhov\u00e1n\u00ed N\u011bmc\u016f z Brna a odsun z jihomoravsk\u00e9ho pohrani\u010d\u00ed, Orego,1996<\/p>\n<p>\u00datl\u00e1, ale obsa\u017en\u00e1 publikace odkazuje na \u0159adu listinn\u00fdch pramen\u016f, jedn\u00e1n\u00ed komis\u00ed, porad instituc\u00ed a zpr\u00e1v dan\u00e9 doby. Hlavn\u011b v\u0161ak reaguje na \u010dl\u00e1nek Oty Filipa: Ml\u010d\u00edc\u00ed mrtv\u00ed pod jetelinou u Poho\u0159elic.<\/p>\n<p>10.Silvestr Nov\u00e1\u010dek: D\u011bjiny moravsk\u00fdch \u017eid\u016f, Orego 1998<\/p>\n<p>Kniha je v\u011bnov\u00e1na pam\u00e1tce \u017eidovsk\u00fdch spoluob\u010dan\u016f odvle\u010den\u00fdch nacisty z Ivan\u010dic na smrt v b\u0159eznu a dubnu 1942 a pam\u00e1tce vlastenc\u016f popraven\u00fdch za heydrichi\u00e1dy v \u010dervnu 1942.<\/p>\n<p>11.Vojt\u011bch \u017dampach:Vys\u00eddlen\u00ed n\u011bmeck\u00e9ho obyvatelstva z Brna ve dnech 30. a 31.kv\u011btna 1945 a nouzov\u00fd ubytovac\u00ed t\u00e1bor v Poho\u0159elic\u00edch 1.6.-7.7.1945,nakl. \u0160imon Ry\u0161av\u00fd , 2014<\/p>\n<p>Nejucelen\u011bj\u0161\u00ed v\u00fdsledek historick\u00e9ho b\u00e1d\u00e1n\u00ed kolem odsunu brn\u011bnsk\u00fdch N\u011bmc\u016f z Brna. Publikace obsahuje jmenovit\u00fd seznam ob\u010dan\u016f n\u011bmeck\u00e9 n\u00e1rodnosti, kte\u0159\u00ed zem\u0159eli v obdob\u00ed od 1.6. do 12.7. 1945 v Poho\u0159elic\u00edch a jsou tam poh\u0159beni.<\/p>\n<p>12.Sborn\u00edk:Komu pat\u0159\u00ed omluva? Historick\u00e1 pravda o pov\u00e1le\u010dn\u00fdch ud\u00e1lostech, Ob\u010dansk\u00fd a odborn\u00fd v\u00fdbor Brno,z.s., 2016<\/p>\n<p>Sborn\u00edk p\u0159edn\u00e1\u0161ek historik\u016f ze stejnojmenn\u00e9 konference po\u0159\u00e1dan\u00e9 25.kv\u011btna 2016 v Brn\u011b, reaguj\u00edc\u00ed na \u201eDeklaraci sm\u00ed\u0159en\u00ed\u2026.\u201c p\u0159ijat\u00e9 veden\u00edm m\u011bsta Brna v 19.kv\u011btna 2015<\/p>\n<\/div>\n<div><\/div>\n<div><b>\u00a0<a href=\"http:\/\/www.ceskenarodnilisty.cz\/clanky2\/odsun.htm\">\u010cNL<\/a><\/b><\/div>\n","protected":false},"excerpt":{"rendered":"<p>Historie je velmi \u0161irok\u00e1. Smyslem historick\u00e9 v\u011bdy bude v\u017edy nastolov\u00e1n\u00ed nov\u00fdch ot\u00e1zek a hled\u00e1n\u00ed v\u011bdeck\u00fdmi&#8230;<\/p>\n","protected":false},"author":2,"featured_media":2306,"comment_status":"closed","ping_status":"closed","sticky":false,"template":"","format":"standard","meta":[],"categories":[6],"tags":[336,76,429,560],"_links":{"self":[{"href":"https:\/\/www.infokuryr.cz\/n\/wp-json\/wp\/v2\/posts\/2304"}],"collection":[{"href":"https:\/\/www.infokuryr.cz\/n\/wp-json\/wp\/v2\/posts"}],"about":[{"href":"https:\/\/www.infokuryr.cz\/n\/wp-json\/wp\/v2\/types\/post"}],"author":[{"embeddable":true,"href":"https:\/\/www.infokuryr.cz\/n\/wp-json\/wp\/v2\/users\/2"}],"replies":[{"embeddable":true,"href":"https:\/\/www.infokuryr.cz\/n\/wp-json\/wp\/v2\/comments?post=2304"}],"version-history":[{"count":0,"href":"https:\/\/www.infokuryr.cz\/n\/wp-json\/wp\/v2\/posts\/2304\/revisions"}],"wp:featuredmedia":[{"embeddable":true,"href":"https:\/\/www.infokuryr.cz\/n\/wp-json\/wp\/v2\/media\/2306"}],"wp:attachment":[{"href":"https:\/\/www.infokuryr.cz\/n\/wp-json\/wp\/v2\/media?parent=2304"}],"wp:term":[{"taxonomy":"category","embeddable":true,"href":"https:\/\/www.infokuryr.cz\/n\/wp-json\/wp\/v2\/categories?post=2304"},{"taxonomy":"post_tag","embeddable":true,"href":"https:\/\/www.infokuryr.cz\/n\/wp-json\/wp\/v2\/tags?post=2304"}],"curies":[{"name":"wp","href":"https:\/\/api.w.org\/{rel}","templated":true}]}}