{"id":23035,"date":"2023-02-16T07:51:42","date_gmt":"2023-02-16T06:51:42","guid":{"rendered":"http:\/\/www.infokuryr.cz\/n\/?p=23035"},"modified":"2023-02-16T07:51:42","modified_gmt":"2023-02-16T06:51:42","slug":"usa-varuji-cinu-pred-pomoci-ruska","status":"publish","type":"post","link":"https:\/\/www.infokuryr.cz\/n\/2023\/02\/16\/usa-varuji-cinu-pred-pomoci-ruska\/","title":{"rendered":"USA varuj\u00ed \u010c\u00ednu p\u0159ed pomoc\u00ed Ruska"},"content":{"rendered":"<div id=\"fb-root\"><\/div>\n<div class=\"news-text-body\">\n<p class=\"lead\"><span>N\u00e1m\u011bstkyn\u011b ministra zahrani\u010d\u00ed USA pro evropsk\u00e9 a eurasijsk\u00e9 z\u00e1le\u017eitosti Karen Donfriedov\u00e1 ozn\u00e1mila z\u00e1sadn\u00ed zm\u011bnu ve vztaz\u00edch mezi Washingtonem a Pekingem, pokud \u010c\u00edna za\u010dne poskytovat materi\u00e1ln\u00ed podporu rusk\u00e9 speci\u00e1ln\u00ed vojensk\u00e9 operaci na Ukrajin\u011b.\u00a0Bylo to ozn\u00e1meno dnes 16. \u00fanora.\u00a0<\/span><\/p>\n<p><span>V telefonick\u00e9m br\u00edfinku pro report\u00e9ry o cest\u011b americk\u00e9ho ministra zahrani\u010d\u00ed\u00a0<\/span><strong><span>Anthonyho Blinkena<\/span><\/strong><span>\u00a0do N\u011bmecka, Turecka a \u0158ecka Donfried \u0159ekl, \u017ee Spojen\u00e9 st\u00e1ty neignorovaly ozn\u00e1men\u00ed \u010c\u00edny a Ruska o partnerstv\u00ed bez hranic.<\/span><\/p>\n<p><em><strong>&#8222;A mysl\u00edm, \u017ee jsme byli sv\u011bdky pokra\u010dov\u00e1n\u00ed tohoto strategick\u00e9ho sbl\u00ed\u017een\u00ed mezi [\u010d\u00ednsk\u00fdm prezidentem]\u00a0Si\u00a0\u0164in &#8211;\u00a0pchingem\u00a0a [rusk\u00fdm prezidentem\u00a0Vladimirem\u00a0]\u00a0Putinem\u00a0.\u00a0A tak\u00e9 se zam\u011b\u0159ujeme na tyto vztahy v kontextu rusk\u00e9 v\u00e1lky proti Ukrajin\u011b,\u201c<span class=\"after-quote\"> &#8211;\u00a0 \u0159ekla<\/span><\/strong><\/em><span>B\u00edl\u00fd d\u016fm podle n\u00ed ch\u00e1pe, \u017ee doch\u00e1z\u00ed k \u010d\u00ednsko-rusk\u00e9mu strategick\u00e9mu sbl\u00ed\u017een\u00ed.<\/span><\/p>\n<p><em><strong>\u201ePokud bychom ale vid\u011bli, \u017ee \u010c\u00edna poskytuje Rusku materi\u00e1ln\u00ed podporu v jeho v\u00e1lce proti Ukrajin\u011b, pak by to z\u00e1sadn\u011b zm\u011bnilo n\u00e1\u0161 vztah s \u010c\u00ednou,\u201c<span class=\"after-quote\"> \u2014 dodala n\u00e1m\u011bstkyn\u011b ministra zahrani\u010d\u00ed USA.<\/span><\/strong><\/em><span id=\"after_incut_1\"><\/span><span>D\u0159\u00edve, na konci prosince 2022, ministerstvo zahrani\u010d\u00ed vyj\u00e1d\u0159ilo znepokojen\u00ed nad rozvojem vazeb mezi Ruskem a \u010c\u00ednou.\u00a0V tomto ohledu bylo konstatov\u00e1no, \u017ee Washington pozorn\u011b sleduje kroky Pekingu ohledn\u011b mo\u017enosti poskytnout vojenskou pomoc Moskv\u011b a systematickou pomoc p\u0159i obch\u00e1zen\u00ed sankc\u00ed. Americk\u00e1 administrativa d\u0159\u00edve poznamenala, \u017ee varovala \u010d\u00ednsk\u00e9 \u00fa\u0159ady o jejich p\u0159ipravenosti jednat v p\u0159\u00edpad\u011b takov\u00fdch krok\u016f Pekingu.<\/span><\/p>\n<p><strong>Z mezin\u00e1rodn\u00edho pohledu a pr\u00e1va, jde o sprost\u00e9 vyhro\u017eov\u00e1n\u00ed ze strany USA.<\/strong><\/p>\n<\/div>\n<div class=\"socials-wrapper socials-floating\">\n<div class=\"social-likes socials-visible socials-ready\" data-url=\"https:\/\/eadaily.com\/ru\/news\/2023\/02\/16\/ssha-predosteregli-kitay-ot-okazaniya-pomoshchi-rossii-v-svo\" data-title=\"\u0421\u0428\u0410 \u043f\u0440\u0435\u0434\u043e\u0441\u0442\u0435\u0440\u0435\u0433\u043b\u0438 \u041a\u0438\u0442\u0430\u0439 \u043e\u0442\u00a0\u043e\u043a\u0430\u0437\u0430\u043d\u0438\u044f \u043f\u043e\u043c\u043e\u0449\u0438 \u0420\u043e\u0441\u0441\u0438\u0438 \u0432\u00a0\u0421\u0412\u041e\"><\/div>\n<\/div>\n<p><img decoding=\"async\" loading=\"lazy\" class=\"alignnone size-full wp-image-1185\" src=\"http:\/\/www.infokuryr.cz\/n\/wp-content\/uploads\/2021\/04\/kuryr-podpis.png\" alt=\"\" width=\"84\" height=\"24\" \/><\/p>\n<p>&nbsp;<\/p>\n<p><img decoding=\"async\" loading=\"lazy\" class=\"wp-image-19187 aligncenter\" src=\"http:\/\/www.infokuryr.cz\/n\/wp-content\/uploads\/2022\/12\/1-PRO-300x36.jpg\" alt=\"\" width=\"1117\" height=\"134\" srcset=\"https:\/\/www.infokuryr.cz\/n\/wp-content\/uploads\/2022\/12\/1-PRO-300x36.jpg 300w, https:\/\/www.infokuryr.cz\/n\/wp-content\/uploads\/2022\/12\/1-PRO.jpg 699w\" sizes=\"(max-width: 1117px) 100vw, 1117px\" \/><\/p>\n<p>&nbsp;<\/p>\n<p>&nbsp;<\/p>\n<p><img decoding=\"async\" loading=\"lazy\" class=\"wp-image-22607 aligncenter\" src=\"http:\/\/www.infokuryr.cz\/n\/wp-content\/uploads\/2023\/02\/cesko_proti_bide-239x300.png\" alt=\"\" width=\"620\" height=\"778\" srcset=\"https:\/\/www.infokuryr.cz\/n\/wp-content\/uploads\/2023\/02\/cesko_proti_bide-239x300.png 239w, https:\/\/www.infokuryr.cz\/n\/wp-content\/uploads\/2023\/02\/cesko_proti_bide-816x1024.png 816w, https:\/\/www.infokuryr.cz\/n\/wp-content\/uploads\/2023\/02\/cesko_proti_bide-768x964.png 768w, https:\/\/www.infokuryr.cz\/n\/wp-content\/uploads\/2023\/02\/cesko_proti_bide.png 846w\" sizes=\"(max-width: 620px) 100vw, 620px\" \/><\/p>\n<p>&nbsp;<\/p>\n","protected":false},"excerpt":{"rendered":"<p>N\u00e1m\u011bstkyn\u011b ministra zahrani\u010d\u00ed USA pro evropsk\u00e9 a eurasijsk\u00e9 z\u00e1le\u017eitosti Karen Donfriedov\u00e1 ozn\u00e1mila z\u00e1sadn\u00ed zm\u011bnu ve&#8230;<\/p>\n","protected":false},"author":2,"featured_media":23036,"comment_status":"closed","ping_status":"closed","sticky":false,"template":"","format":"standard","meta":[],"categories":[7],"tags":[30,22,37,2064],"_links":{"self":[{"href":"https:\/\/www.infokuryr.cz\/n\/wp-json\/wp\/v2\/posts\/23035"}],"collection":[{"href":"https:\/\/www.infokuryr.cz\/n\/wp-json\/wp\/v2\/posts"}],"about":[{"href":"https:\/\/www.infokuryr.cz\/n\/wp-json\/wp\/v2\/types\/post"}],"author":[{"embeddable":true,"href":"https:\/\/www.infokuryr.cz\/n\/wp-json\/wp\/v2\/users\/2"}],"replies":[{"embeddable":true,"href":"https:\/\/www.infokuryr.cz\/n\/wp-json\/wp\/v2\/comments?post=23035"}],"version-history":[{"count":0,"href":"https:\/\/www.infokuryr.cz\/n\/wp-json\/wp\/v2\/posts\/23035\/revisions"}],"wp:featuredmedia":[{"embeddable":true,"href":"https:\/\/www.infokuryr.cz\/n\/wp-json\/wp\/v2\/media\/23036"}],"wp:attachment":[{"href":"https:\/\/www.infokuryr.cz\/n\/wp-json\/wp\/v2\/media?parent=23035"}],"wp:term":[{"taxonomy":"category","embeddable":true,"href":"https:\/\/www.infokuryr.cz\/n\/wp-json\/wp\/v2\/categories?post=23035"},{"taxonomy":"post_tag","embeddable":true,"href":"https:\/\/www.infokuryr.cz\/n\/wp-json\/wp\/v2\/tags?post=23035"}],"curies":[{"name":"wp","href":"https:\/\/api.w.org\/{rel}","templated":true}]}}