{"id":23034,"date":"2023-02-16T07:40:45","date_gmt":"2023-02-16T06:40:45","guid":{"rendered":"http:\/\/www.infokuryr.cz\/n\/?p=23034"},"modified":"2023-02-16T07:40:45","modified_gmt":"2023-02-16T06:40:45","slug":"lavrov-avizoval-zasedani-rady-bezpecnosti-osn-o-explozich-na-plynovodech-nord-stream","status":"publish","type":"post","link":"https:\/\/www.infokuryr.cz\/n\/2023\/02\/16\/lavrov-avizoval-zasedani-rady-bezpecnosti-osn-o-explozich-na-plynovodech-nord-stream\/","title":{"rendered":"Lavrov avizoval zased\u00e1n\u00ed Rady bezpe\u010dnosti OSN o exploz\u00edch na plynovodech Nord Stream"},"content":{"rendered":"<div id=\"fb-root\"><\/div>\n<p><strong>Rusko p\u0159ipravuje zvl\u00e1\u0161tn\u00ed zased\u00e1n\u00ed Rady bezpe\u010dnosti OSN v ot\u00e1zce nutnosti mezin\u00e1rodn\u00edho vy\u0161et\u0159ov\u00e1n\u00ed exploz\u00ed na plynovodech Nord Stream a Nord Stream 2, ozn\u00e1mil ministr zahrani\u010dn\u00edch v\u011bc\u00ed RF Sergej Lavrov.<\/strong><\/p>\n<p>\u201eObr\u00e1tili jsme se na OSN a nastolili jsme tam tuto ot\u00e1zku. P\u0159ipravujeme zvl\u00e1\u0161tn\u00ed zased\u00e1n\u00ed Rady bezpe\u010dnosti. Budeme trvat na tom, aby se na\u0161la n\u011bjak\u00e1 forma vy\u0161et\u0159ov\u00e1n\u00ed,\u201c \u0159ekl Lavrov ve sv\u00e9m projevu ve St\u00e1tn\u00ed dum\u011b RF.<\/p>\n<p>\u201ePravda\u017ee gener\u00e1ln\u00ed tajemn\u00edk OSN \u00fasty sv\u00e9ho ofici\u00e1ln\u00edho mluv\u010d\u00edho u\u017e prohl\u00e1sil, \u017ee OSN nem\u00e1 pravomoc ani mand\u00e1t pro podobn\u00e9 vy\u0161et\u0159ov\u00e1n\u00ed. P\u0159i v\u0161\u00ed \u00fact\u011b, s takovou pozic\u00ed nesouhlas\u00edme,\u201c dodal Lavrov.<\/p>\n<p><img decoding=\"async\" loading=\"lazy\" class=\"alignnone size-full wp-image-1185\" src=\"http:\/\/www.infokuryr.cz\/n\/wp-content\/uploads\/2021\/04\/kuryr-podpis.png\" alt=\"\" width=\"84\" height=\"24\" \/><\/p>\n<p>&nbsp;<\/p>\n<p><img decoding=\"async\" loading=\"lazy\" class=\"wp-image-19187 aligncenter\" src=\"http:\/\/www.infokuryr.cz\/n\/wp-content\/uploads\/2022\/12\/1-PRO-300x36.jpg\" alt=\"\" width=\"1150\" height=\"138\" srcset=\"https:\/\/www.infokuryr.cz\/n\/wp-content\/uploads\/2022\/12\/1-PRO-300x36.jpg 300w, https:\/\/www.infokuryr.cz\/n\/wp-content\/uploads\/2022\/12\/1-PRO.jpg 699w\" sizes=\"(max-width: 1150px) 100vw, 1150px\" \/><\/p>\n<p>&nbsp;<\/p>\n","protected":false},"excerpt":{"rendered":"<p>Rusko p\u0159ipravuje zvl\u00e1\u0161tn\u00ed zased\u00e1n\u00ed Rady bezpe\u010dnosti OSN v ot\u00e1zce nutnosti mezin\u00e1rodn\u00edho vy\u0161et\u0159ov\u00e1n\u00ed exploz\u00ed na plynovodech&#8230;<\/p>\n","protected":false},"author":2,"featured_media":17766,"comment_status":"closed","ping_status":"closed","sticky":false,"template":"","format":"standard","meta":[],"categories":[7],"tags":[189,415,186,1408],"_links":{"self":[{"href":"https:\/\/www.infokuryr.cz\/n\/wp-json\/wp\/v2\/posts\/23034"}],"collection":[{"href":"https:\/\/www.infokuryr.cz\/n\/wp-json\/wp\/v2\/posts"}],"about":[{"href":"https:\/\/www.infokuryr.cz\/n\/wp-json\/wp\/v2\/types\/post"}],"author":[{"embeddable":true,"href":"https:\/\/www.infokuryr.cz\/n\/wp-json\/wp\/v2\/users\/2"}],"replies":[{"embeddable":true,"href":"https:\/\/www.infokuryr.cz\/n\/wp-json\/wp\/v2\/comments?post=23034"}],"version-history":[{"count":0,"href":"https:\/\/www.infokuryr.cz\/n\/wp-json\/wp\/v2\/posts\/23034\/revisions"}],"wp:featuredmedia":[{"embeddable":true,"href":"https:\/\/www.infokuryr.cz\/n\/wp-json\/wp\/v2\/media\/17766"}],"wp:attachment":[{"href":"https:\/\/www.infokuryr.cz\/n\/wp-json\/wp\/v2\/media?parent=23034"}],"wp:term":[{"taxonomy":"category","embeddable":true,"href":"https:\/\/www.infokuryr.cz\/n\/wp-json\/wp\/v2\/categories?post=23034"},{"taxonomy":"post_tag","embeddable":true,"href":"https:\/\/www.infokuryr.cz\/n\/wp-json\/wp\/v2\/tags?post=23034"}],"curies":[{"name":"wp","href":"https:\/\/api.w.org\/{rel}","templated":true}]}}