{"id":22989,"date":"2023-02-16T01:02:11","date_gmt":"2023-02-16T00:02:11","guid":{"rendered":"http:\/\/www.infokuryr.cz\/n\/?p=22989"},"modified":"2023-02-15T16:43:44","modified_gmt":"2023-02-15T15:43:44","slug":"izrael-brani-delegaci-evropskeho-parlamentu-ve-vstupu-do-gazy-a-pineda-pozaduje-reciprocni-opatreni","status":"publish","type":"post","link":"https:\/\/www.infokuryr.cz\/n\/2023\/02\/16\/izrael-brani-delegaci-evropskeho-parlamentu-ve-vstupu-do-gazy-a-pineda-pozaduje-reciprocni-opatreni\/","title":{"rendered":"Izrael br\u00e1n\u00ed delegaci Evropsk\u00e9ho parlamentu ve vstupu do Gazy a Pineda po\u017eaduje recipro\u010dn\u00ed opat\u0159en\u00ed"},"content":{"rendered":"<div id=\"fb-root\"><\/div>\n<div class=\"excerpt\">\n<p><strong>Poslanec Evropsk\u00e9ho parlamentu za Sjednocenou levici a p\u0159edseda Delegace pro vztahy s Palestinou obdr\u017eel v\u010dera od izraelsk\u00e9ho ministerstva zahrani\u010dn\u00edch v\u011bc\u00ed ozn\u00e1men\u00ed, kter\u00e9 mu br\u00e1n\u00ed v \u00fa\u010dasti na n\u00e1v\u0161t\u011bv\u011b, kter\u00e1 za\u010d\u00edn\u00e1 p\u0159\u00ed\u0161t\u00ed t\u00fdden.\u00a0Je to podruh\u00e9 za rok, co Tel Aviv zablokoval pr\u00e1ci tohoto ofici\u00e1ln\u00edho org\u00e1nu.\u00a0Pineda tvrd\u00ed, \u017ee je \u010das, aby stejn\u00e9 veto bylo uplatn\u011bno na ka\u017ed\u00e9ho izraelsk\u00e9ho ve\u0159ejn\u00e9ho \u010dinitele, kter\u00fd chce vstoupit do Evropsk\u00e9ho parlamentu.<\/strong><\/p>\n<\/div>\n<div class=\"post-content entry-content\">\n<p><span>Poslanec Evropsk\u00e9ho parlamentu za Sjednocenou levici a p\u0159edseda delegace Evropsk\u00e9ho parlamentu pro vztahy s Palestinou (DPAL) Manu Pineda tuto st\u0159edu po\u017e\u00e1dal p\u0159edsedkyni Evropsk\u00e9ho parlamentu Robertu Metsolovou, aby uplat\u0148ovala <strong>\u201erecipro\u010dn\u00ed opat\u0159en\u00ed\u201c<\/strong> proti ve\u0159ejn\u00fdm \u010dinitel\u016fm, Izraelc\u016fm, kte\u0159\u00ed cht\u011bj\u00ed p\u0159\u00edstup k t\u00e9to instituce pot\u00e9, co mu Izrael v\u010dera odep\u0159el \u00fa\u010dast na ofici\u00e1ln\u00ed n\u00e1v\u0161t\u011bv\u011b Palestiny p\u0159\u00ed\u0161t\u00ed t\u00fdden.<\/span><\/p>\n<p><span>\u201eIzrael je preferovan\u00fdm partnerem EU a dost\u00e1v\u00e1 miliony eur z ve\u0159ejn\u00fdch pen\u011bz od evropsk\u00fdch ob\u010dan\u016f za jejich \u00fa\u010dast v r\u016fzn\u00fdch programech.\u00a0Tento parlament nem\u016f\u017ee tolerovat toto zach\u00e1zen\u00ed ze strany izraelsk\u00fdch \u00fa\u0159ad\u016f a mus\u00ed poskytnout seri\u00f3zn\u00ed odpov\u011b\u010f, kter\u00e1 se nem\u016f\u017ee omezit na podp\u016frn\u00fd tweet od prezidentky Roberty Metsolov\u00e9.\u00a0Z tohoto d\u016fvodu v\u00e1s jako prezidenta DPAL \u017e\u00e1d\u00e1m, abyste v\u016f\u010di Izraeli uplat\u0148oval recipro\u010dn\u00ed opat\u0159en\u00ed a zak\u00e1zal vstup jak\u00e9mukoli izraelsk\u00e9mu volen\u00e9mu z\u00e1stupci nebo diplomatovi,\u201c upozornil Pineda na tiskov\u00e9 konferenci ve \u0160trasburku, na kter\u00e9 p\u0159ipomn\u011bl, \u017ee Izrael od roku 2011 nepovoluje vstup jak\u00e9koli delegace z Eurokomory do p\u00e1sma Gazy.<\/span><\/p>\n<p><span>Ofici\u00e1ln\u00ed mise Delegace pro vztahy s Palestinou, kter\u00e9 p\u0159edsed\u00e1 Pineda, m\u011bla zah\u00e1jit n\u00e1v\u0161t\u011bvu Palestiny p\u0159\u00ed\u0161t\u00ed pond\u011bl\u00ed 20.2. Mise, kter\u00e1 se ji\u017e rok p\u0159ipravuje s r\u016fzn\u00fdmi palestinsk\u00fdmi soci\u00e1ln\u00edmi a politick\u00fdmi organizacemi v \u00fazk\u00e9 spolupr\u00e1ci s velvyslanectv\u00ed EU v Jeruzal\u00e9m\u011b a kter\u00e9 bylo zru\u0161eno ji\u017e v kv\u011btnu lo\u0148sk\u00e9ho roku po prvn\u00edm izraelsk\u00e9m vetu v\u016f\u010di Pinedovi.<\/span><\/p>\n<p><span>V\u010dera, po obdr\u017een\u00ed ozn\u00e1men\u00ed od ministerstva zahrani\u010dn\u00edch v\u011bc\u00ed, Pineda informoval m\u00edstop\u0159edsedy DPAL, soci\u00e1ln\u00ed demokratku Evin Incir a zelenou Margrete Auken, sv\u00e9 rozhodnut\u00ed, \u017ee n\u00e1v\u0161t\u011bva by m\u011bla pokra\u010dovat, proto\u017ee \u201enem\u016f\u017eeme dovolit veto, \u017ee Izrael jako prezident br\u00e1n\u00ed rozvoji t\u00e9to n\u00e1v\u0161t\u011bvy, kter\u00e1 je tak d\u016fle\u017eit\u00e1. \u00a0<\/span><\/p>\n<p><span>D\u00e1le Pineda po\u017e\u00e1dal o nal\u00e9havou sch\u016fzku s Metsolou, k n\u00ed\u017e zat\u00edm nedo\u0161lo kv\u016fli \u201eprobl\u00e9m\u016fm s pl\u00e1nov\u00e1n\u00edm\u201c prezidenta.\u00a0Europoslanec EU douf\u00e1, \u017ee se toto setk\u00e1n\u00ed uskute\u010dn\u00ed \u201eco nejd\u0159\u00edve\u201c a bude z jeho strany odezva s ohledem na to, \u017ee je to ji\u017e podruh\u00e9, co byla jeho \u00fa\u010dast znemo\u017en\u011bna \u2013 a tedy \u0159\u00e1dn\u00e9 fungov\u00e1n\u00ed org\u00e1n Evropsk\u00e9ho parlamentu, kter\u00fd m\u00e1 na starosti vztahy s Palestinou, a \u017ee za v\u0161echny ty m\u011bs\u00edce se nezd\u00e1, \u017ee by p\u0159edsednictv\u00ed Evropsk\u00e9ho parlamentu vy\u0159e\u0161ilo \u201ene\u00fanosnou\u201c situaci.<\/span><\/p>\n<p><img decoding=\"async\" loading=\"lazy\" class=\"alignnone size-full wp-image-1185\" src=\"http:\/\/www.infokuryr.cz\/n\/wp-content\/uploads\/2021\/04\/kuryr-podpis.png\" alt=\"\" width=\"84\" height=\"24\" \/><\/p>\n<\/div>\n<p>&nbsp;<\/p>\n<p><img decoding=\"async\" loading=\"lazy\" class=\"wp-image-19187 aligncenter\" src=\"http:\/\/www.infokuryr.cz\/n\/wp-content\/uploads\/2022\/12\/1-PRO-300x36.jpg\" alt=\"\" width=\"1150\" height=\"138\" srcset=\"https:\/\/www.infokuryr.cz\/n\/wp-content\/uploads\/2022\/12\/1-PRO-300x36.jpg 300w, https:\/\/www.infokuryr.cz\/n\/wp-content\/uploads\/2022\/12\/1-PRO.jpg 699w\" sizes=\"(max-width: 1150px) 100vw, 1150px\" \/><\/p>\n<p>&nbsp;<\/p>\n<p>&nbsp;<\/p>\n","protected":false},"excerpt":{"rendered":"<p>Poslanec Evropsk\u00e9ho parlamentu za Sjednocenou levici a p\u0159edseda Delegace pro vztahy s Palestinou obdr\u017eel v\u010dera&#8230;<\/p>\n","protected":false},"author":2,"featured_media":22990,"comment_status":"closed","ping_status":"closed","sticky":false,"template":"","format":"standard","meta":[],"categories":[7],"tags":[3051,41,348,107],"_links":{"self":[{"href":"https:\/\/www.infokuryr.cz\/n\/wp-json\/wp\/v2\/posts\/22989"}],"collection":[{"href":"https:\/\/www.infokuryr.cz\/n\/wp-json\/wp\/v2\/posts"}],"about":[{"href":"https:\/\/www.infokuryr.cz\/n\/wp-json\/wp\/v2\/types\/post"}],"author":[{"embeddable":true,"href":"https:\/\/www.infokuryr.cz\/n\/wp-json\/wp\/v2\/users\/2"}],"replies":[{"embeddable":true,"href":"https:\/\/www.infokuryr.cz\/n\/wp-json\/wp\/v2\/comments?post=22989"}],"version-history":[{"count":1,"href":"https:\/\/www.infokuryr.cz\/n\/wp-json\/wp\/v2\/posts\/22989\/revisions"}],"predecessor-version":[{"id":22991,"href":"https:\/\/www.infokuryr.cz\/n\/wp-json\/wp\/v2\/posts\/22989\/revisions\/22991"}],"wp:featuredmedia":[{"embeddable":true,"href":"https:\/\/www.infokuryr.cz\/n\/wp-json\/wp\/v2\/media\/22990"}],"wp:attachment":[{"href":"https:\/\/www.infokuryr.cz\/n\/wp-json\/wp\/v2\/media?parent=22989"}],"wp:term":[{"taxonomy":"category","embeddable":true,"href":"https:\/\/www.infokuryr.cz\/n\/wp-json\/wp\/v2\/categories?post=22989"},{"taxonomy":"post_tag","embeddable":true,"href":"https:\/\/www.infokuryr.cz\/n\/wp-json\/wp\/v2\/tags?post=22989"}],"curies":[{"name":"wp","href":"https:\/\/api.w.org\/{rel}","templated":true}]}}