{"id":22976,"date":"2023-02-15T14:09:53","date_gmt":"2023-02-15T13:09:53","guid":{"rendered":"http:\/\/www.infokuryr.cz\/n\/?p=22976"},"modified":"2023-02-15T14:15:59","modified_gmt":"2023-02-15T13:15:59","slug":"fialova-medialni-politika-ztratila-zabrany-penize-moderatorovi-skryta-reklama-v-ct-i-v-cro","status":"publish","type":"post","link":"https:\/\/www.infokuryr.cz\/n\/2023\/02\/15\/fialova-medialni-politika-ztratila-zabrany-penize-moderatorovi-skryta-reklama-v-ct-i-v-cro\/","title":{"rendered":"Fialova medi\u00e1ln\u00ed politika ztratila z\u00e1brany. Pen\u00edze moder\u00e1torovi, skryt\u00e1 reklama v \u010cT i v \u010cRo."},"content":{"rendered":"<div id=\"fb-root\"><\/div>\n<p><span style=\"font-size: 14pt;\"><strong>V\u00edte, \u017ee poslankyn\u011b Fialovy ODS dala z pen\u011bz da\u0148ov\u00fdch poplatn\u00edk\u016f desetitis\u00edce korun moder\u00e1torovi \u010cesk\u00e9 televize \u017delezn\u00e9mu, aby mohl vydat sv\u00e9 um\u011bleck\u00e9 pov\u00eddky? V\u00edte, \u017ee jeho knihu mohutn\u011b propagovala \u010cesk\u00e1 televize i \u010cesk\u00fd rozhlas? A v\u00edte, \u017ee moder\u00e1tor \u017delezn\u00fd z\u00e1rove\u0148 u\u010d\u00ed budouc\u00ed \u017eurnalisty, jak m\u00e1 vypadat zpravodajstv\u00ed ve\u0159ejn\u00e9 slu\u017eby? Poj\u010fme na to.<\/strong><\/span><\/p>\n<p>&nbsp;<\/p>\n<p><iframe loading=\"lazy\" title=\"Fialova medi\u00e1ln\u00ed politika ztratila z\u00e1brany. Pen\u00edze moder\u00e1torovi, skryt\u00e1 reklama v \u010cT i v \u010cRo.\" width=\"640\" height=\"360\" src=\"https:\/\/www.youtube.com\/embed\/usnxHbExQ4c?feature=oembed\" frameborder=\"0\" allow=\"accelerometer; autoplay; clipboard-write; encrypted-media; gyroscope; picture-in-picture; web-share\" allowfullscreen><\/iframe><\/p>\n<p>V\u0161echna videa, rozhovory a podcasty na jednom m\u00edst\u011b: <a href=\"http:\/\/www.abybylojasno.cz\">http:\/\/www.abybylojasno.cz<\/a><\/p>\n<p>&nbsp;<\/p>\n<p><img decoding=\"async\" loading=\"lazy\" class=\"wp-image-19187 aligncenter\" src=\"http:\/\/www.infokuryr.cz\/n\/wp-content\/uploads\/2022\/12\/1-PRO-300x36.jpg\" alt=\"\" width=\"1142\" height=\"137\" srcset=\"https:\/\/www.infokuryr.cz\/n\/wp-content\/uploads\/2022\/12\/1-PRO-300x36.jpg 300w, https:\/\/www.infokuryr.cz\/n\/wp-content\/uploads\/2022\/12\/1-PRO.jpg 699w\" sizes=\"(max-width: 1142px) 100vw, 1142px\" \/><\/p>\n<p>&nbsp;<\/p>\n<p>&nbsp;<\/p>\n<p><img decoding=\"async\" loading=\"lazy\" class=\"wp-image-22607 aligncenter\" src=\"http:\/\/www.infokuryr.cz\/n\/wp-content\/uploads\/2023\/02\/cesko_proti_bide-239x300.png\" alt=\"\" width=\"594\" height=\"746\" srcset=\"https:\/\/www.infokuryr.cz\/n\/wp-content\/uploads\/2023\/02\/cesko_proti_bide-239x300.png 239w, https:\/\/www.infokuryr.cz\/n\/wp-content\/uploads\/2023\/02\/cesko_proti_bide-816x1024.png 816w, https:\/\/www.infokuryr.cz\/n\/wp-content\/uploads\/2023\/02\/cesko_proti_bide-768x964.png 768w, https:\/\/www.infokuryr.cz\/n\/wp-content\/uploads\/2023\/02\/cesko_proti_bide.png 846w\" sizes=\"(max-width: 594px) 100vw, 594px\" \/><\/p>\n<p>&nbsp;<\/p>\n","protected":false},"excerpt":{"rendered":"<p>V\u00edte, \u017ee poslankyn\u011b Fialovy ODS dala z pen\u011bz da\u0148ov\u00fdch poplatn\u00edk\u016f desetitis\u00edce korun moder\u00e1torovi \u010cesk\u00e9 televize&#8230;<\/p>\n","protected":false},"author":2,"featured_media":22977,"comment_status":"closed","ping_status":"closed","sticky":false,"template":"","format":"standard","meta":[],"categories":[6],"tags":[1497,29,90,889,99,4439],"_links":{"self":[{"href":"https:\/\/www.infokuryr.cz\/n\/wp-json\/wp\/v2\/posts\/22976"}],"collection":[{"href":"https:\/\/www.infokuryr.cz\/n\/wp-json\/wp\/v2\/posts"}],"about":[{"href":"https:\/\/www.infokuryr.cz\/n\/wp-json\/wp\/v2\/types\/post"}],"author":[{"embeddable":true,"href":"https:\/\/www.infokuryr.cz\/n\/wp-json\/wp\/v2\/users\/2"}],"replies":[{"embeddable":true,"href":"https:\/\/www.infokuryr.cz\/n\/wp-json\/wp\/v2\/comments?post=22976"}],"version-history":[{"count":1,"href":"https:\/\/www.infokuryr.cz\/n\/wp-json\/wp\/v2\/posts\/22976\/revisions"}],"predecessor-version":[{"id":22978,"href":"https:\/\/www.infokuryr.cz\/n\/wp-json\/wp\/v2\/posts\/22976\/revisions\/22978"}],"wp:featuredmedia":[{"embeddable":true,"href":"https:\/\/www.infokuryr.cz\/n\/wp-json\/wp\/v2\/media\/22977"}],"wp:attachment":[{"href":"https:\/\/www.infokuryr.cz\/n\/wp-json\/wp\/v2\/media?parent=22976"}],"wp:term":[{"taxonomy":"category","embeddable":true,"href":"https:\/\/www.infokuryr.cz\/n\/wp-json\/wp\/v2\/categories?post=22976"},{"taxonomy":"post_tag","embeddable":true,"href":"https:\/\/www.infokuryr.cz\/n\/wp-json\/wp\/v2\/tags?post=22976"}],"curies":[{"name":"wp","href":"https:\/\/api.w.org\/{rel}","templated":true}]}}