{"id":22974,"date":"2023-02-15T14:11:30","date_gmt":"2023-02-15T13:11:30","guid":{"rendered":"http:\/\/www.infokuryr.cz\/n\/?p=22974"},"modified":"2023-02-15T14:11:30","modified_gmt":"2023-02-15T13:11:30","slug":"witowska-se-povazuje-za-moralni-autoritu-kolar-se-schovava-za-zakon-o-advokacii-ale-neni-pravnik","status":"publish","type":"post","link":"https:\/\/www.infokuryr.cz\/n\/2023\/02\/15\/witowska-se-povazuje-za-moralni-autoritu-kolar-se-schovava-za-zakon-o-advokacii-ale-neni-pravnik\/","title":{"rendered":"Witowsk\u00e1 se pova\u017euje za mor\u00e1ln\u00ed autoritu. Kol\u00e1\u0159 se schov\u00e1v\u00e1 za z\u00e1kon o advokacii, ale nen\u00ed pr\u00e1vn\u00edk"},"content":{"rendered":"<div id=\"fb-root\"><\/div>\n<p><span style=\"font-size: 14pt;\"><strong>V\u00edte, \u017ee prezident\u016fv p\u0159\u00edtel po boku Petr Kol\u00e1\u0159 pracuje pro firmu, kter\u00e1 pom\u00e1hala rusk\u00e9 bance obch\u00e1zet sankce? V\u00edte, \u017ee Petr Kol\u00e1\u0159 se schov\u00e1v\u00e1 za z\u00e1kon o advokacii, a\u010dkoliv nen\u00ed pr\u00e1vn\u00edk? A v\u00edte, \u017ee jeho partnerka, moder\u00e1torka Witowsk\u00e1, se pova\u017euje za mor\u00e1ln\u00ed autoritu a \u0161i\u0159itelku dobra? Poj\u010fme na to.<\/strong><\/span><\/p>\n<p>&nbsp;<\/p>\n<p><iframe loading=\"lazy\" title=\"Witowsk\u00e1 se pova\u017euje za mor\u00e1ln\u00ed autoritu. Kol\u00e1\u0159 se schov\u00e1v\u00e1 za z\u00e1kon o advokacii, ale nen\u00ed pr\u00e1vn\u00edk.\" width=\"640\" height=\"360\" src=\"https:\/\/www.youtube.com\/embed\/_W0IXPN5nIA?feature=oembed\" frameborder=\"0\" allow=\"accelerometer; autoplay; clipboard-write; encrypted-media; gyroscope; picture-in-picture; web-share\" allowfullscreen><\/iframe><\/p>\n<p>V\u0161echna videa, rozhovory a podcasty na jednom m\u00edst\u011b:\u00a0<a href=\"http:\/\/www.abybylojasno.cz\">http:\/\/www.abybylojasno.cz<\/a><\/p>\n<div class=\"style-scope ytd-watch-metadata\"><\/div>\n<p><img decoding=\"async\" loading=\"lazy\" class=\"wp-image-19187 aligncenter\" src=\"http:\/\/www.infokuryr.cz\/n\/wp-content\/uploads\/2022\/12\/1-PRO-300x36.jpg\" alt=\"\" width=\"1158\" height=\"139\" srcset=\"https:\/\/www.infokuryr.cz\/n\/wp-content\/uploads\/2022\/12\/1-PRO-300x36.jpg 300w, https:\/\/www.infokuryr.cz\/n\/wp-content\/uploads\/2022\/12\/1-PRO.jpg 699w\" sizes=\"(max-width: 1158px) 100vw, 1158px\" \/><\/p>\n<p>&nbsp;<\/p>\n<p>&nbsp;<\/p>\n<p><img decoding=\"async\" loading=\"lazy\" class=\"wp-image-22607 aligncenter\" src=\"http:\/\/www.infokuryr.cz\/n\/wp-content\/uploads\/2023\/02\/cesko_proti_bide-239x300.png\" alt=\"\" width=\"665\" height=\"835\" srcset=\"https:\/\/www.infokuryr.cz\/n\/wp-content\/uploads\/2023\/02\/cesko_proti_bide-239x300.png 239w, https:\/\/www.infokuryr.cz\/n\/wp-content\/uploads\/2023\/02\/cesko_proti_bide-816x1024.png 816w, https:\/\/www.infokuryr.cz\/n\/wp-content\/uploads\/2023\/02\/cesko_proti_bide-768x964.png 768w, https:\/\/www.infokuryr.cz\/n\/wp-content\/uploads\/2023\/02\/cesko_proti_bide.png 846w\" sizes=\"(max-width: 665px) 100vw, 665px\" \/><\/p>\n<p>&nbsp;<\/p>\n<p>&nbsp;<\/p>\n<p>&nbsp;<\/p>\n","protected":false},"excerpt":{"rendered":"<p>V\u00edte, \u017ee prezident\u016fv p\u0159\u00edtel po boku Petr Kol\u00e1\u0159 pracuje pro firmu, kter\u00e1 pom\u00e1hala rusk\u00e9 bance&#8230;<\/p>\n","protected":false},"author":2,"featured_media":22975,"comment_status":"closed","ping_status":"closed","sticky":false,"template":"","format":"standard","meta":[],"categories":[6],"tags":[4438,29,869,889],"_links":{"self":[{"href":"https:\/\/www.infokuryr.cz\/n\/wp-json\/wp\/v2\/posts\/22974"}],"collection":[{"href":"https:\/\/www.infokuryr.cz\/n\/wp-json\/wp\/v2\/posts"}],"about":[{"href":"https:\/\/www.infokuryr.cz\/n\/wp-json\/wp\/v2\/types\/post"}],"author":[{"embeddable":true,"href":"https:\/\/www.infokuryr.cz\/n\/wp-json\/wp\/v2\/users\/2"}],"replies":[{"embeddable":true,"href":"https:\/\/www.infokuryr.cz\/n\/wp-json\/wp\/v2\/comments?post=22974"}],"version-history":[{"count":0,"href":"https:\/\/www.infokuryr.cz\/n\/wp-json\/wp\/v2\/posts\/22974\/revisions"}],"wp:featuredmedia":[{"embeddable":true,"href":"https:\/\/www.infokuryr.cz\/n\/wp-json\/wp\/v2\/media\/22975"}],"wp:attachment":[{"href":"https:\/\/www.infokuryr.cz\/n\/wp-json\/wp\/v2\/media?parent=22974"}],"wp:term":[{"taxonomy":"category","embeddable":true,"href":"https:\/\/www.infokuryr.cz\/n\/wp-json\/wp\/v2\/categories?post=22974"},{"taxonomy":"post_tag","embeddable":true,"href":"https:\/\/www.infokuryr.cz\/n\/wp-json\/wp\/v2\/tags?post=22974"}],"curies":[{"name":"wp","href":"https:\/\/api.w.org\/{rel}","templated":true}]}}