{"id":22964,"date":"2023-02-15T06:51:29","date_gmt":"2023-02-15T05:51:29","guid":{"rendered":"http:\/\/www.infokuryr.cz\/n\/?p=22964"},"modified":"2023-02-15T06:51:29","modified_gmt":"2023-02-15T05:51:29","slug":"kreml-varuje-pred-ulohou-nato-v-konfliktu-na-ukrajine","status":"publish","type":"post","link":"https:\/\/www.infokuryr.cz\/n\/2023\/02\/15\/kreml-varuje-pred-ulohou-nato-v-konfliktu-na-ukrajine\/","title":{"rendered":"Kreml varuje p\u0159ed \u00falohou NATO v konfliktu na Ukrajin\u011b"},"content":{"rendered":"<div id=\"fb-root\"><\/div>\n<p><span style=\"font-size: 18pt;\"><strong>Blok projevuje sv\u00e9 nep\u0159\u00e1telstv\u00ed v\u016f\u010di Moskv\u011b ka\u017ed\u00fd den, \u0159ekl mluv\u010d\u00ed prezidenta Dmitrij Peskov<\/strong><\/span><\/p>\n<p><span>Zapojen\u00ed NATO do ukrajinsk\u00e9ho konfliktu je den ode dne zjevn\u011bj\u0161\u00ed, navzdory tvrzen\u00edm o opaku, \u0159ekl v \u00fater\u00fd mluv\u010d\u00ed Kremlu Dmitrij Peskov.\u00a0\u00a0<\/span><\/p>\n<p><em><span>&#8222;NATO je organizace, kter\u00e1 je v\u016f\u010di n\u00e1m nep\u0159\u00e1telsk\u00e1,&#8220;<\/span><\/em><span>\u00a0\u0159ekl Peskov novin\u00e1\u0159\u016fm.\u00a0<\/span><em><span>&#8222;Toto nep\u0159\u00e1telstv\u00ed potvrzuj\u00ed ka\u017ed\u00fd den a d\u011blaj\u00ed v\u0161e pro to, aby jejich zapojen\u00ed do konfliktu kolem Ukrajiny bylo mnohem jasn\u011bj\u0161\u00ed.&#8220;<\/span><\/em><\/p>\n<p><span>Peskov \u0159ekl, \u017ee aktivity vojensk\u00e9ho bloku vy\u017eaduj\u00ed od Moskvy\u00a0<\/span><em><span>\u201eur\u010dit\u00e1 preventivn\u00ed opat\u0159en\u00ed\u201c<\/span><\/em><span>\u00a0.\u00a0Poznamenal, \u017ee aliance veden\u00e1 USA sd\u00edl\u00ed zpravodajsk\u00e9 informace s Ukrajinou a \u017ee\u00a0<\/span><em><span>\u201eve\u0161ker\u00e1 vojensk\u00e1 infrastruktura NATO pracuje proti Rusku\u201c.<\/span><\/em><\/p>\n<p><span>Moskva zah\u00e1jila svou vojenskou operaci na Ukrajin\u011b t\u00e9m\u011b\u0159 p\u0159ed rokem s odkazem na nutnost chr\u00e1nit obyvatele Donbasu a selh\u00e1n\u00ed Kyjeva p\u0159i implementaci minsk\u00fdch dohod z let 2014-2015.\u00a0\u00a0\u00a0<\/span><\/p>\n<p><span>NATO od t\u00e9 doby dodalo Kyjevu t\u011b\u017ek\u00e9 zbran\u011b, v\u010detn\u011b n\u011bkolika raketomet\u016f, protitankov\u00fdch zbran\u00ed, obrn\u011bn\u00fdch vozidel a d\u011blost\u0159electva.\u00a0Blok tak\u00e9 vycvi\u010dil ukrajinsk\u00e9 voj\u00e1ky.\u00a0Navzdory tomu gener\u00e1ln\u00ed tajemn\u00edk NATO Jen Stoltenberg na pond\u011bln\u00ed tiskov\u00e9 konferenci prohl\u00e1sil, \u017ee aliance nen\u00ed\u00a0<\/span><em><span>\u201estranou konfliktu\u201c.<\/span><\/em><\/p>\n<p><span>Stoltenberg v\u0161ak poznamenal, \u017ee od roku 2014 NATO\u00a0<\/span><em><span>\u201eimplementovalo nejv\u011bt\u0161\u00ed pos\u00edlen\u00ed kolektivn\u00ed obrany za generaci\u201c a<\/span><\/em><span>\u00a0rozm\u00edstilo dal\u0161\u00ed s\u00edly bl\u00edzko rusk\u00fdch hranic.\u00a0Moskva opakovan\u011b zd\u016fraznila, \u017ee vojensk\u00e1 m\u00edsta na v\u00fdchodn\u00edm k\u0159\u00eddle bloku pova\u017euje za hrozbu.\u00a0\u00a0\u00a0<\/span><\/p>\n<p><span>N\u011bmeck\u00e1 ministryn\u011b zahrani\u010d\u00ed Annalena Baerbock minul\u00fd m\u011bs\u00edc na parlamentn\u00ed debat\u011b prohl\u00e1sila, \u017ee EU\u00a0<\/span><em><span>\u201ebojuje v\u00e1lku proti Rusku\u201c.\u00a0<\/span><\/em><span>Pozd\u011bji tvrdila, \u017ee ud\u011blala chybu, ale tak\u00e9 tvrdila, \u017ee jej\u00ed slova byla \u0161patn\u011b interpretov\u00e1na.\u00a0\u00a0\u00a0<\/span><\/p>\n<p><span>Stoupenci Kyjeva se v \u00fater\u00fd se\u0161li v Bruselu, aby projednali dal\u0161\u00ed podporu. Americk\u00fd ministr obrany Lloyd Austin po p\u0159\u00edjezdu novin\u00e1\u0159\u016fm \u0159ekl, \u017ee z\u00e1padn\u00ed zem\u011b maj\u00ed za c\u00edl\u00a0<\/span><em><span>\u201epomoci Ukrajin\u011b udr\u017eet se a postupovat b\u011bhem jarn\u00ed protiofenz\u00edvy\u201c.\u00a0<\/span><\/em><span>N\u011bkolik st\u00e1t\u016f, v\u010detn\u011b USA, Brit\u00e1nie a N\u011bmecka, se d\u0159\u00edve zav\u00e1zalo dodat Kyjevu modern\u00ed hlavn\u00ed bojov\u00e9 tanky.\u00a0\u00a0<\/span><\/p>\n<p><span>Moskva varovala, \u017ee dal\u0161\u00ed zahrani\u010dn\u00ed zbran\u011b budou d\u00e1le eskalovat konflikt, a sl\u00edbila, \u017ee tanky a dal\u0161\u00ed zbran\u011b dodan\u00e9 Z\u00e1padem budou pova\u017eov\u00e1ny za legitimn\u00ed c\u00edle rusk\u00fdch voj\u00e1k\u016f.<\/span><\/p>\n<p><img decoding=\"async\" loading=\"lazy\" class=\"alignnone size-full wp-image-1185\" src=\"http:\/\/www.infokuryr.cz\/n\/wp-content\/uploads\/2021\/04\/kuryr-podpis.png\" alt=\"\" width=\"84\" height=\"24\" \/><\/p>\n<p>&nbsp;<\/p>\n<p><img decoding=\"async\" loading=\"lazy\" class=\"wp-image-19187 aligncenter\" src=\"http:\/\/www.infokuryr.cz\/n\/wp-content\/uploads\/2022\/12\/1-PRO-300x36.jpg\" alt=\"\" width=\"1167\" height=\"140\" srcset=\"https:\/\/www.infokuryr.cz\/n\/wp-content\/uploads\/2022\/12\/1-PRO-300x36.jpg 300w, https:\/\/www.infokuryr.cz\/n\/wp-content\/uploads\/2022\/12\/1-PRO.jpg 699w\" sizes=\"(max-width: 1167px) 100vw, 1167px\" \/><\/p>\n<p>&nbsp;<\/p>\n<p>&nbsp;<\/p>\n","protected":false},"excerpt":{"rendered":"<p>Blok projevuje sv\u00e9 nep\u0159\u00e1telstv\u00ed v\u016f\u010di Moskv\u011b ka\u017ed\u00fd den, \u0159ekl mluv\u010d\u00ed prezidenta Dmitrij Peskov Zapojen\u00ed NATO&#8230;<\/p>\n","protected":false},"author":2,"featured_media":22129,"comment_status":"closed","ping_status":"closed","sticky":false,"template":"","format":"standard","meta":[],"categories":[7],"tags":[39,22,26,4436],"_links":{"self":[{"href":"https:\/\/www.infokuryr.cz\/n\/wp-json\/wp\/v2\/posts\/22964"}],"collection":[{"href":"https:\/\/www.infokuryr.cz\/n\/wp-json\/wp\/v2\/posts"}],"about":[{"href":"https:\/\/www.infokuryr.cz\/n\/wp-json\/wp\/v2\/types\/post"}],"author":[{"embeddable":true,"href":"https:\/\/www.infokuryr.cz\/n\/wp-json\/wp\/v2\/users\/2"}],"replies":[{"embeddable":true,"href":"https:\/\/www.infokuryr.cz\/n\/wp-json\/wp\/v2\/comments?post=22964"}],"version-history":[{"count":0,"href":"https:\/\/www.infokuryr.cz\/n\/wp-json\/wp\/v2\/posts\/22964\/revisions"}],"wp:featuredmedia":[{"embeddable":true,"href":"https:\/\/www.infokuryr.cz\/n\/wp-json\/wp\/v2\/media\/22129"}],"wp:attachment":[{"href":"https:\/\/www.infokuryr.cz\/n\/wp-json\/wp\/v2\/media?parent=22964"}],"wp:term":[{"taxonomy":"category","embeddable":true,"href":"https:\/\/www.infokuryr.cz\/n\/wp-json\/wp\/v2\/categories?post=22964"},{"taxonomy":"post_tag","embeddable":true,"href":"https:\/\/www.infokuryr.cz\/n\/wp-json\/wp\/v2\/tags?post=22964"}],"curies":[{"name":"wp","href":"https:\/\/api.w.org\/{rel}","templated":true}]}}