{"id":22963,"date":"2023-02-15T06:33:56","date_gmt":"2023-02-15T05:33:56","guid":{"rendered":"http:\/\/www.infokuryr.cz\/n\/?p=22963"},"modified":"2023-02-15T06:33:56","modified_gmt":"2023-02-15T05:33:56","slug":"jsou-v-zajeti-iluzi-byvaly-agent-cia-o-tech-kteri-neveri-v-zapojeni-usa-do-bombovych-utoku-nord-stream","status":"publish","type":"post","link":"https:\/\/www.infokuryr.cz\/n\/2023\/02\/15\/jsou-v-zajeti-iluzi-byvaly-agent-cia-o-tech-kteri-neveri-v-zapojeni-usa-do-bombovych-utoku-nord-stream\/","title":{"rendered":"\u201eJsou v zajet\u00ed iluz\u00ed\u201c \u2013 b\u00fdval\u00fd agent CIA o t\u011bch, kte\u0159\u00ed nev\u011b\u0159\u00ed v zapojen\u00ed USA do bombov\u00fdch \u00fatok\u016f Nord Stream"},"content":{"rendered":"<div id=\"fb-root\"><\/div>\n<p><strong>S pomoc\u00ed zni\u010den\u00ed Nord Streamu se Washington sna\u017eil dos\u00e1hnout r\u016fzn\u00fdch c\u00edl\u016f, v\u010detn\u011b po\u0161kozen\u00ed vztah\u016f mezi Moskvou a Berl\u00ednem.\u00a0Tento n\u00e1zor vyj\u00e1d\u0159il v rozhovoru pro YouTube kan\u00e1l Judging Freedom b\u00fdval\u00fd agent CIA Philip Geraldi.\u00a0<\/strong><span><strong>Z\u00e1rove\u0148 je podle n\u011bj mimo realitu ka\u017ed\u00fd, kdo pochybuje o tom, \u017ee v\u00fdbuch potrub\u00ed byl v\u00e1le\u010dn\u00fdm aktem nebo teroristick\u00fdm \u00fatokem.<\/strong><span id=\"span-copy\"><\/span><\/span><\/p>\n<p>&nbsp;<\/p>\n<figure>\n<div class=\"embed\"><iframe loading=\"lazy\" title=\"Youtube video p\u0159ehr\u00e1va\u010d\" src=\"https:\/\/www.youtube.com\/embed\/mnSqZBY7mww\" width=\"560\" height=\"315\" frameborder=\"0\" allowfullscreen=\"allowfullscreen\" data-mce-fragment=\"1\"><\/iframe><\/div>\n<\/figure>\n<div class=\"article-body\"><\/div>\n<div class=\"article-body\">\n<div>\n<p>Vl\u00e1da (USA. &#8211;\u00a0<em>InfoKur<\/em>) protestovala proti plynovodu (Nord Stream. &#8211;\u00a0<em>InoTV<\/em>\u00a0), proto\u017ee p\u0159inesl Gazpromu hodn\u011b pen\u011bz.\u00a0Kontroln\u00ed pod\u00edl v Gazpromu pat\u0159\u00ed rusk\u00e9mu st\u00e1tu, tak\u017ee ropovod p\u0159inesl do rozpo\u010dtu Vladimira Putina spoustu pen\u011bz.\u00a0Na druh\u00e9 stran\u011b poskytoval levn\u00fd plyn pro komer\u010dn\u00ed podniky a vyt\u00e1p\u011bn\u00ed dom\u00e1cnost\u00ed v N\u011bmecku.<\/p>\n<p>V\u0161e, co Joe (Biden. &#8211;\u00a0<em>InoTV<\/em>\u00a0) cht\u011bl, bylo vyvinout tlak na n\u011bmeckou ekonomiku, aby z n\u00ed vym\u00e1\u010dkl pod\u00edl na ukrajinsk\u00e9m konfliktu.\u00a0Cht\u011bl tak\u00e9 zastavit tok pen\u011bz z n\u011bmeck\u00fdch utilit do Gazpromu.\u00a0Tak\u017ee z pohledu Joea je toto (bombardov\u00e1n\u00ed Nord Stream. &#8211;\u00a0<em>InoTV<\/em>\u00a0) win-win varianta, a\u010dkoli za\u00fato\u010dil na spojence a domn\u011bl\u00e9ho nep\u0159\u00edtele, protivn\u00edka, kter\u00e9mu jsme samoz\u0159ejm\u011b nikdy nevyhl\u00e1sili v\u00e1lku.<\/p>\n<p>Je to spravedliv\u00e9 vysv\u011btlen\u00ed?<\/p>\n<p><strong>PHILIP GERALDI, b\u00fdval\u00fd d\u016fstojn\u00edk CIA:\u00a0<\/strong><em>Ano, bylo mnoho \u00farovn\u00ed, mnoho vrstev, pokud mluv\u00edme o tom, \u010deho se<\/em>\u00a0(americk\u00e9 \u00fa\u0159ady. &#8211;\u00a0<em>InoTV<\/em>\u00a0)\u00a0<em>sna\u017eily dos\u00e1hnout.\u00a0Ve\u0159ejn\u011b bylo \u0159e\u010deno, \u017ee USA necht\u011bly, aby z\u00e1padn\u00ed Evropa z\u00e1visela na rusk\u00fdch dod\u00e1vk\u00e1ch energie, proto\u017ee by to Rusku dalo vliv na z\u00e1padn\u00ed Evropu.\u00a0Tak\u2026<\/em><\/p>\n<p>To znamen\u00e1, \u017ee pokud by Spojen\u00e9 st\u00e1ty skute\u010dn\u011b v\u011b\u0159ily ve voln\u00fd trh, na\u0161ly by zp\u016fsob, jak prod\u00e1vat energetick\u00e9 zdroje z\u00e1padn\u00ed Evrop\u011b za ni\u017e\u0161\u00ed cenu, a nezni\u010dily by a nepodkopaly vztahy mezi Ruskem a N\u011bmeckem.\u00a0To by ud\u011blal Josif Stalin, kdyby byla situace opa\u010dn\u00e1.<\/p>\n<p><strong>PHILIP GERALDI:\u00a0<\/strong><em>Ano, absolutn\u011b.\u00a0Chci \u0159\u00edct, \u017ee ka\u017ed\u00fd, kdo nepova\u017euje to, co se stalo, za akt v\u00e1lky a teroristick\u00fd \u00fatok, ale za n\u011bco jin\u00e9ho, \u200b\u200bje v zajet\u00ed iluz\u00ed.<\/em><\/p>\n<p>Datum zve\u0159ejn\u011bn\u00ed 14. \u00fanora 2023.<span id=\"span-copy\"><\/p>\n<p><img decoding=\"async\" loading=\"lazy\" class=\"alignnone size-full wp-image-1185\" src=\"http:\/\/www.infokuryr.cz\/n\/wp-content\/uploads\/2021\/04\/kuryr-podpis.png\" alt=\"\" width=\"84\" height=\"24\" \/><br \/>\n<\/span><\/div>\n<\/div>\n<div><\/div>\n<div><\/div>\n<div><img decoding=\"async\" loading=\"lazy\" class=\"wp-image-19187 aligncenter\" src=\"http:\/\/www.infokuryr.cz\/n\/wp-content\/uploads\/2022\/12\/1-PRO-300x36.jpg\" alt=\"\" width=\"1125\" height=\"135\" srcset=\"https:\/\/www.infokuryr.cz\/n\/wp-content\/uploads\/2022\/12\/1-PRO-300x36.jpg 300w, https:\/\/www.infokuryr.cz\/n\/wp-content\/uploads\/2022\/12\/1-PRO.jpg 699w\" sizes=\"(max-width: 1125px) 100vw, 1125px\" \/><\/div>\n<p>&nbsp;<\/p>\n","protected":false},"excerpt":{"rendered":"<p>S pomoc\u00ed zni\u010den\u00ed Nord Streamu se Washington sna\u017eil dos\u00e1hnout r\u016fzn\u00fdch c\u00edl\u016f, v\u010detn\u011b po\u0161kozen\u00ed vztah\u016f mezi&#8230;<\/p>\n","protected":false},"author":2,"featured_media":19728,"comment_status":"closed","ping_status":"closed","sticky":false,"template":"","format":"standard","meta":[],"categories":[7],"tags":[109,415,1052,37,889],"_links":{"self":[{"href":"https:\/\/www.infokuryr.cz\/n\/wp-json\/wp\/v2\/posts\/22963"}],"collection":[{"href":"https:\/\/www.infokuryr.cz\/n\/wp-json\/wp\/v2\/posts"}],"about":[{"href":"https:\/\/www.infokuryr.cz\/n\/wp-json\/wp\/v2\/types\/post"}],"author":[{"embeddable":true,"href":"https:\/\/www.infokuryr.cz\/n\/wp-json\/wp\/v2\/users\/2"}],"replies":[{"embeddable":true,"href":"https:\/\/www.infokuryr.cz\/n\/wp-json\/wp\/v2\/comments?post=22963"}],"version-history":[{"count":0,"href":"https:\/\/www.infokuryr.cz\/n\/wp-json\/wp\/v2\/posts\/22963\/revisions"}],"wp:featuredmedia":[{"embeddable":true,"href":"https:\/\/www.infokuryr.cz\/n\/wp-json\/wp\/v2\/media\/19728"}],"wp:attachment":[{"href":"https:\/\/www.infokuryr.cz\/n\/wp-json\/wp\/v2\/media?parent=22963"}],"wp:term":[{"taxonomy":"category","embeddable":true,"href":"https:\/\/www.infokuryr.cz\/n\/wp-json\/wp\/v2\/categories?post=22963"},{"taxonomy":"post_tag","embeddable":true,"href":"https:\/\/www.infokuryr.cz\/n\/wp-json\/wp\/v2\/tags?post=22963"}],"curies":[{"name":"wp","href":"https:\/\/api.w.org\/{rel}","templated":true}]}}