{"id":22956,"date":"2023-02-15T05:59:18","date_gmt":"2023-02-15T04:59:18","guid":{"rendered":"http:\/\/www.infokuryr.cz\/n\/?p=22956"},"modified":"2023-02-15T05:59:18","modified_gmt":"2023-02-15T04:59:18","slug":"namestci-ministra-obrany-ukrajiny-kteri-byli-propusteni-po-korupcnim-skandalu-se-stanou-poradci","status":"publish","type":"post","link":"https:\/\/www.infokuryr.cz\/n\/2023\/02\/15\/namestci-ministra-obrany-ukrajiny-kteri-byli-propusteni-po-korupcnim-skandalu-se-stanou-poradci\/","title":{"rendered":"N\u00e1m\u011bstci ministra obrany Ukrajiny, kte\u0159\u00ed byli propu\u0161t\u011bni po korup\u010dn\u00edm skand\u00e1lu, se stanou poradci"},"content":{"rendered":"<div id=\"fb-root\"><\/div>\n<p><strong>Ukrajinsk\u00fd ministr obrany Oleksij Reznikov \u0159ekl, \u017ee do funkce jeho poradc\u016f budou p\u0159ijati poslanci odvolan\u00ed po skand\u00e1lu s n\u00e1kupem potravin pro arm\u00e1du.<\/strong><\/p>\n<p>\u201ePokud jde o ty, kte\u0159\u00ed zast\u00e1vali funkce n\u00e1m\u011bstk\u016f. Prvn\u00ed n\u00e1m\u011bstek ministra obrany gener\u00e1lplukovn\u00edk Ivan Rusnak a n\u00e1m\u011bstek ministra obrany pro digit\u00e1ln\u00ed rozvoj Oleg Gajduk. Ti z\u016fst\u00e1vaj\u00ed v t\u00fdmu ministerstva a budou se pod\u00edlet na pr\u00e1ci jako poradci ministra,\u201c napsal Reznikov na soci\u00e1ln\u00ed s\u00edti.<\/p>\n<p>Dodal, \u017ee budou pracovat na prioritn\u00edch projektech jako odborn\u00edci. \u201eVe skute\u010dnosti to nejsou posledn\u00ed kroky k restartu ministerstva obrany. Dal\u0161\u00ed zm\u011bny k pos\u00edlen\u00ed t\u00fdmu budou p\u0159edstaveny za n\u011bkolik dn\u00ed,\u201c zd\u016fraznil Reznikov.<\/p>\n<p>Gener\u00e1ln\u00ed prokur\u00e1tor Ukrajiny Andrij Kostin d\u0159\u00edve uvedl, \u017ee obvin\u011bn\u00ed z korupce byla vznesena proti \u0159ad\u011b \u00fa\u0159edn\u00edk\u016f, v\u010detn\u011b b\u00fdval\u00e9ho n\u00e1m\u011bstka tamn\u00edho ministra obrany. Podle m\u00edstn\u00edch m\u00e9di\u00ed \u0161lo o Vja\u010deslava \u0160apovalova a b\u00fdval\u00e9ho \u0159editele odboru ve\u0159ejn\u00fdch zak\u00e1zek ministerstva obrany Bohdana Chmelnick\u00e9ho. \u0160apovalov byl zat\u010den s mo\u017enost\u00ed slo\u017een\u00ed kauce ve v\u00fd\u0161i 11 milion\u016f dolar\u016f.<\/p>\n<p>Co dodat? Ukrajinsk\u00e1 \u0161a\u0161k\u00e1rna! D\u00e1 se v\u016fbec t\u00e9 kyjevsk\u00e9 junt\u011b d\u016fv\u011b\u0159ovat?<\/p>\n<p><img decoding=\"async\" loading=\"lazy\" class=\"alignnone size-full wp-image-1185\" src=\"http:\/\/www.infokuryr.cz\/n\/wp-content\/uploads\/2021\/04\/kuryr-podpis.png\" alt=\"\" width=\"84\" height=\"24\" \/><\/p>\n<p>&nbsp;<\/p>\n<p><img decoding=\"async\" loading=\"lazy\" class=\"wp-image-19187 aligncenter\" src=\"http:\/\/www.infokuryr.cz\/n\/wp-content\/uploads\/2022\/12\/1-PRO-300x36.jpg\" alt=\"\" width=\"1125\" height=\"135\" srcset=\"https:\/\/www.infokuryr.cz\/n\/wp-content\/uploads\/2022\/12\/1-PRO-300x36.jpg 300w, https:\/\/www.infokuryr.cz\/n\/wp-content\/uploads\/2022\/12\/1-PRO.jpg 699w\" sizes=\"(max-width: 1125px) 100vw, 1125px\" \/><\/p>\n<p>&nbsp;<\/p>\n<p>&nbsp;<\/p>\n","protected":false},"excerpt":{"rendered":"<p>Ukrajinsk\u00fd ministr obrany Oleksij Reznikov \u0159ekl, \u017ee do funkce jeho poradc\u016f budou p\u0159ijati poslanci odvolan\u00ed&#8230;<\/p>\n","protected":false},"author":2,"featured_media":19783,"comment_status":"closed","ping_status":"closed","sticky":false,"template":"","format":"standard","meta":[],"categories":[7],"tags":[4139,207,26],"_links":{"self":[{"href":"https:\/\/www.infokuryr.cz\/n\/wp-json\/wp\/v2\/posts\/22956"}],"collection":[{"href":"https:\/\/www.infokuryr.cz\/n\/wp-json\/wp\/v2\/posts"}],"about":[{"href":"https:\/\/www.infokuryr.cz\/n\/wp-json\/wp\/v2\/types\/post"}],"author":[{"embeddable":true,"href":"https:\/\/www.infokuryr.cz\/n\/wp-json\/wp\/v2\/users\/2"}],"replies":[{"embeddable":true,"href":"https:\/\/www.infokuryr.cz\/n\/wp-json\/wp\/v2\/comments?post=22956"}],"version-history":[{"count":0,"href":"https:\/\/www.infokuryr.cz\/n\/wp-json\/wp\/v2\/posts\/22956\/revisions"}],"wp:featuredmedia":[{"embeddable":true,"href":"https:\/\/www.infokuryr.cz\/n\/wp-json\/wp\/v2\/media\/19783"}],"wp:attachment":[{"href":"https:\/\/www.infokuryr.cz\/n\/wp-json\/wp\/v2\/media?parent=22956"}],"wp:term":[{"taxonomy":"category","embeddable":true,"href":"https:\/\/www.infokuryr.cz\/n\/wp-json\/wp\/v2\/categories?post=22956"},{"taxonomy":"post_tag","embeddable":true,"href":"https:\/\/www.infokuryr.cz\/n\/wp-json\/wp\/v2\/tags?post=22956"}],"curies":[{"name":"wp","href":"https:\/\/api.w.org\/{rel}","templated":true}]}}