{"id":22949,"date":"2023-02-15T05:25:34","date_gmt":"2023-02-15T04:25:34","guid":{"rendered":"http:\/\/www.infokuryr.cz\/n\/?p=22949"},"modified":"2023-02-15T05:25:34","modified_gmt":"2023-02-15T04:25:34","slug":"abnormalizace","status":"publish","type":"post","link":"https:\/\/www.infokuryr.cz\/n\/2023\/02\/15\/abnormalizace\/","title":{"rendered":"ABNORMALIZACE"},"content":{"rendered":"<div id=\"fb-root\"><\/div>\n<p><span style=\"font-size: 18pt;\"><strong>V pond\u011bln\u00ed debat\u011b Nov\u00e9 republiky (13.\u00a02.) diskutovali dva n\u011bkdej\u0161\u00ed disidenti Jan Schneider a\u00a0Lenka Proch\u00e1zkov\u00e1 o\u00a0nastupuj\u00edc\u00ed cenzu\u0159e a\u00a0srovn\u00e1vali sou\u010dasn\u00e9 zm\u011bny, kter\u00e9 nazvali abnormalizac\u00ed, s\u00a0n\u011bkdej\u0161\u00ed normalizac\u00ed.<\/strong><\/span><\/p>\n<p>&nbsp;<\/p>\n<p><iframe loading=\"lazy\" title=\"Host\u00e9 Nov\u00e9 republiky: Abnormalizace (Jan Schneider)\" width=\"640\" height=\"360\" src=\"https:\/\/www.youtube.com\/embed\/UA4bxUV8SJI?feature=oembed\" frameborder=\"0\" allow=\"accelerometer; autoplay; clipboard-write; encrypted-media; gyroscope; picture-in-picture; web-share\" allowfullscreen><\/iframe><\/p>\n<p>&nbsp;<\/p>\n<p><img decoding=\"async\" loading=\"lazy\" class=\"wp-image-19187 aligncenter\" src=\"http:\/\/www.infokuryr.cz\/n\/wp-content\/uploads\/2022\/12\/1-PRO-300x36.jpg\" alt=\"\" width=\"1133\" height=\"136\" srcset=\"https:\/\/www.infokuryr.cz\/n\/wp-content\/uploads\/2022\/12\/1-PRO-300x36.jpg 300w, https:\/\/www.infokuryr.cz\/n\/wp-content\/uploads\/2022\/12\/1-PRO.jpg 699w\" sizes=\"(max-width: 1133px) 100vw, 1133px\" \/><\/p>\n<p>&nbsp;<\/p>\n<p>&nbsp;<\/p>\n<p><img decoding=\"async\" loading=\"lazy\" class=\"wp-image-22607 aligncenter\" src=\"http:\/\/www.infokuryr.cz\/n\/wp-content\/uploads\/2023\/02\/cesko_proti_bide-239x300.png\" alt=\"\" width=\"635\" height=\"797\" srcset=\"https:\/\/www.infokuryr.cz\/n\/wp-content\/uploads\/2023\/02\/cesko_proti_bide-239x300.png 239w, https:\/\/www.infokuryr.cz\/n\/wp-content\/uploads\/2023\/02\/cesko_proti_bide-816x1024.png 816w, https:\/\/www.infokuryr.cz\/n\/wp-content\/uploads\/2023\/02\/cesko_proti_bide-768x964.png 768w, https:\/\/www.infokuryr.cz\/n\/wp-content\/uploads\/2023\/02\/cesko_proti_bide.png 846w\" sizes=\"(max-width: 635px) 100vw, 635px\" \/><\/p>\n","protected":false},"excerpt":{"rendered":"<p>V pond\u011bln\u00ed debat\u011b Nov\u00e9 republiky (13.\u00a02.) diskutovali dva n\u011bkdej\u0161\u00ed disidenti Jan Schneider a\u00a0Lenka Proch\u00e1zkov\u00e1 o\u00a0nastupuj\u00edc\u00ed&#8230;<\/p>\n","protected":false},"author":2,"featured_media":22950,"comment_status":"closed","ping_status":"closed","sticky":false,"template":"","format":"standard","meta":[],"categories":[6],"tags":[2286,29,1397,1052,889],"_links":{"self":[{"href":"https:\/\/www.infokuryr.cz\/n\/wp-json\/wp\/v2\/posts\/22949"}],"collection":[{"href":"https:\/\/www.infokuryr.cz\/n\/wp-json\/wp\/v2\/posts"}],"about":[{"href":"https:\/\/www.infokuryr.cz\/n\/wp-json\/wp\/v2\/types\/post"}],"author":[{"embeddable":true,"href":"https:\/\/www.infokuryr.cz\/n\/wp-json\/wp\/v2\/users\/2"}],"replies":[{"embeddable":true,"href":"https:\/\/www.infokuryr.cz\/n\/wp-json\/wp\/v2\/comments?post=22949"}],"version-history":[{"count":0,"href":"https:\/\/www.infokuryr.cz\/n\/wp-json\/wp\/v2\/posts\/22949\/revisions"}],"wp:featuredmedia":[{"embeddable":true,"href":"https:\/\/www.infokuryr.cz\/n\/wp-json\/wp\/v2\/media\/22950"}],"wp:attachment":[{"href":"https:\/\/www.infokuryr.cz\/n\/wp-json\/wp\/v2\/media?parent=22949"}],"wp:term":[{"taxonomy":"category","embeddable":true,"href":"https:\/\/www.infokuryr.cz\/n\/wp-json\/wp\/v2\/categories?post=22949"},{"taxonomy":"post_tag","embeddable":true,"href":"https:\/\/www.infokuryr.cz\/n\/wp-json\/wp\/v2\/tags?post=22949"}],"curies":[{"name":"wp","href":"https:\/\/api.w.org\/{rel}","templated":true}]}}