{"id":22946,"date":"2023-02-15T05:05:15","date_gmt":"2023-02-15T04:05:15","guid":{"rendered":"http:\/\/www.infokuryr.cz\/n\/?p=22946"},"modified":"2023-02-15T05:05:15","modified_gmt":"2023-02-15T04:05:15","slug":"nemecka-antifa-vyrazila-do-budapesti-mlatit-nahodne-kolemjdouci","status":"publish","type":"post","link":"https:\/\/www.infokuryr.cz\/n\/2023\/02\/15\/nemecka-antifa-vyrazila-do-budapesti-mlatit-nahodne-kolemjdouci\/","title":{"rendered":"N\u011bmeck\u00e1 Antifa vyrazila do Budape\u0161ti ml\u00e1tit n\u00e1hodn\u00e9 kolemjdouc\u00ed"},"content":{"rendered":"<div id=\"fb-root\"><\/div>\n<h2 class=\"entry-title\">V\u00fdsledem n\u011bkolik osob v nemocnici s t\u011b\u017ek\u00fdm zran\u011bn\u00edm, 2 pol\u0161t\u00ed turist\u00e9, n\u011bkolik Ma\u010far\u016f a jeden N\u011bmec. Brzy i u n\u00e1s? Prezidentsk\u00e9 volby jako ochutn\u00e1vka teroru \u201edemokrat\u016f z ob\u010dansk\u00e9 spole\u010dnosti\u201c?<\/h2>\n<p><strong>S nastupuj\u00edc\u00ed totalitou neomarxistick\u00e9 levice (levicov\u00e9 tyranie zvan\u00e9 l\u017eidokracie) roste i chu\u0165 boj\u016fvek Antifa terorizovat lidi s jin\u00fdm n\u00e1zorem a ve\u0159ejnost obecn\u011b<\/strong>. V Z\u00e1padn\u00ed Evrop\u011b se tak d\u011bje za tich\u00e9 podpory \u010d\u00e1sti represivn\u00edch slo\u017eek a \u00fato\u010dn\u00edk\u016fm se nic nestane a tak si Antif\u00e1ci mysl\u00ed, \u017ee si to mohou\u00a0<a href=\"https:\/\/jungefreiheit.de\/politik\/ausland\/2023\/linksextremisten-in-budapest\/\">dovolit podobn\u00e9 chov\u00e1n\u00ed i jinde<\/a>.<\/p>\n<p><strong>Asi 15 \u010dlenn\u00e1 skupina n\u011bmeck\u00fdch ANtif\u00e1k\u016f dopln\u011bn\u00e1 a 2 Italy a jednu m\u00edstn\u00ed Ma\u010farku (pr\u016fvodkyni) vyrazila do Budape\u0161ti, kde se rozhodla b\u00edt na ulici \u201en\u00e1cky\u201c.<\/strong> To byli v jejich pod\u00e1n\u00ed v\u0161ichni, kdo m\u011bli vy\u0161\u0161\u00ed ko\u017een\u00e9 boty a \u201evypadali jako n\u00e1cci\u201c. V Budape\u0161ti v t\u00e9to dob\u011b toti\u017e prob\u00edhaj\u00ed historick\u00e1 setk\u00e1n\u00ed, kde si ur\u010dit\u00e9 spole\u010densk\u00e9 kruhy p\u0159ipom\u00ednaj\u00ed spolupr\u00e1ci nacistick\u00e9ho N\u011bmecka a Ma\u010farska za 2. sv\u011btov\u00e9 v\u00e1lky a jejich boj proti Rud\u00e9 Arm\u00e1d\u011b p\u0159i osvobozov\u00e1n\u00ed Ma\u010farska. Na m\u00edst\u011b do\u0161lo ke konflikt\u016f mezi \u00fadajn\u00fdmi antifa\u0161isty a \u00fa\u010dastn\u00edky vzpom\u00ednkov\u00fdch setk\u00e1n\u00ed \u201estar\u00fdch nacistick\u00fdch \u010das\u016f\u201c. Ty dok\u00e1zala zvl\u00e1dnout m\u00edstn\u00ed policie.<\/p>\n<p><strong>Antif\u00e1ci proto vyrazili do m\u011bsta a z\u0159ejm\u011b pod dojmem medi\u00ed m\u011bli pocit, \u017ee na tuhle neslavnou minulost vzpom\u00edn\u00e1 v zemi ka\u017ed\u00fd v\u010detn\u011b turist\u016f<\/strong>.<\/p>\n<p>\u00da<strong>toky na n\u00e1hodn\u011b vybran\u00e9 ob\u011bti se odehr\u00e1ly podle stejn\u00e9ho sc\u00e9n\u00e1\u0159e. Vyhl\u00e9dnut\u00e1 ob\u011b\u0165 byla napadena zezadu velkou p\u0159esilou, sra\u017eena na zem a surov\u011b zbita \u010dasto za pou\u017eit\u00ed ty\u010d\u00ed<\/strong>\u00a0(<a href=\"https:\/\/www.youtube.com\/watch?time_continue=33&amp;v=A1D_tnDrklg&amp;source_ve_path=MjM4NTE&amp;feature=emb_title\">video zde).<\/a><\/p>\n<p><strong>V\u00fdsledkem je n\u011bkolik t\u011b\u017ece zran\u011bn\u00fdch ob\u011bt\u00ed v nemocnici. Mezi nimi 3 pol\u0161t\u00ed turist\u00e9 p\u0159i n\u00e1hodn\u00e9 n\u00e1v\u0161t\u011bv\u011b m\u011bsta, n\u011bkolik n\u00e1hodn\u011b kolemjdouc\u00edch Ma\u010far\u016f a jeden N\u011bmec. Policii se poda\u0159ilo v\u011bt\u0161inu \u00fato\u010dn\u00edk\u016f zadr\u017eet a budou souzeni p\u0159ed ma\u010farsk\u00fdmi soudy.<\/strong>\u00a0Tam jim hroz\u00ed p\u0159\u00edsn\u00e9 tresty, proto\u017ee podobn\u00e9 jedn\u00e1n\u00ed nen\u00ed v Ma\u010farsku vl\u00e1dou tolerov\u00e1no, V zemi se d\u016fsledn\u011b dodr\u017euje svoboda slova a dokonce i svoboda shroma\u017e\u010fov\u00e1n\u00ed<strong>.\u00a0<a href=\"https:\/\/www.youtube.com\/watch?v=hB5eeE5OkfI\">\u0160okuj\u00edc\u00ed je, \u017ee se mezi \u00fato\u010dn\u00edky nach\u00e1z\u00ed n\u011bkolik mlad\u00fdch d\u00edvek.<\/a><\/strong><\/p>\n<p>L<strong>ze o\u010dek\u00e1vat diplomatickou iniciativu ze strany sou\u010dasn\u00e9 n\u011bmeck\u00e9 vl\u00e1dy za propu\u0161t\u011bn\u00ed \u00fato\u010dn\u00edk\u016f, proto\u017ee ta pot\u0159ebuje podobn\u00e9 n\u00e1siln\u00edky doma na boj s \u201eextremisty<\/strong>\u201e, rozum\u011bj vlastenci, kte\u0159\u00ed odm\u00edtaj\u00ed tyranii a p\u0159erod v muslimsk\u00fd chal\u00edf\u00e1t.<\/p>\n<p><strong>Nejsmutn\u011bj\u0161\u00ed je, \u017ee podobn\u00e9 jedn\u00e1n\u00ed za\u010d\u00edn\u00e1me vid\u011bt i u n\u00e1s doma. Sta\u010d\u00ed si vzpomenout na n\u00e1siln\u00e9 \u201c rozb\u00edjen\u00ed\u201c p\u0159edvolebn\u00edch meetingu A. Babi\u0161e ze strany \u201edemokrat\u016f z \u0159ad ob\u010dansk\u00e9 spole\u010dnosti\u201c za tich\u00e9ho p\u0159ihl\u00ed\u017een\u00ed policie ovl\u00e1dan\u00e9 liber\u00e1ln\u011b demokratickou l\u017ei-dokraci\u00ed \u201eUkrajince\u201c P. Fialy<\/strong>. V\u0161e za\u00a0<strong>pochvaln\u00e9ho mru\u010den\u00ed \u201eob\u010dansk\u00fdch aktivist\u016f\u201c a medi\u00e1ln\u00edho mainstreamu. K tomu b\u011b\u017en\u011b tolerovan\u00e9 v\u00fdhr\u016f\u017eky a nad\u00e1vky v\u0161em, kdo maj\u00ed jin\u00fd n\u00e1zor na v\u011bci ve\u0159ejn\u00e9.\u00a0<\/strong>Od podobn\u00e9ho re\u017eimem tolerovan\u00e9ho jend\u00e1n\u00ed j<strong>e u\u017e jen mal\u00fd kr\u016f\u010dek k pouli\u010dn\u00edmu n\u00e1sil\u00ed pro \u201edezol\u00e1t\u016fm a rusk\u00fdm \u0161v\u00e1b\u016fm\u201c.<\/strong> To jsme s tou liber\u00e1ln\u00ed demokraci\u00ed dopadli?<\/p>\n<p>Co d\u011blat?\u00a0<strong>V prvn\u00ed \u0159ad\u011b je pot\u0159eba se n\u00e1siln\u00edk\u016fm rozhodn\u011b br\u00e1nit fyzicky, Prost\u011b b\u00edt je hlava nehlava v\u0161\u00edm, co m\u00e1te po ruce s c\u00edlem zp\u016fsobit \u00fato\u010dn\u00edkem co nejv\u011bt\u0161\u00ed \u0161kodu a odradit je od \u00fatoku. Jsou to ve sv\u00e9 podstat\u011b zbab\u011blci a rozhodn\u00e1 obrana je odrad\u00ed od \u00fatoku.<\/strong>\u00a0D\u00e1le je pot\u0159eba<strong>\u00a0myslet na n\u011bjakou zbra\u0148, kterou je nutn\u00e9 m\u00edt v\u017edy po ruce na obran<\/strong>u (st\u0159eln\u00e1 zbra\u0148, teleskopick\u00fd obu\u0161ek, n\u016f\u017e, sprej atd.). Zpozorn\u011bt, k<strong>dykoliv zaznamen\u00e1te skupinku podivn\u00fdch individu\u00ed (antif\u00e1ci nos\u00ed v\u011bt\u0161inou \u010dern\u00e9 oble\u010den\u00ed a maj\u00ed \u010dasto podivn\u00e9 \u00fa\u010desy a od\u011bv) a rad\u011bji rovnou o\u010dek\u00e1vat \u00fatok.<\/strong>\u00a0Na policii a pomoc kolemjdouc\u00edch nespol\u00e9hejte.\u00a0<strong>Na ulici je to ka\u017ed\u00fd s\u00e1m za sebe a je v\u017edy lep\u0161\u00ed velmi v\u00e1\u017en\u011b zran\u011bn\u00fd \u00fato\u010dn\u00edk, ne\u017e ob\u011b\u0165 v nemocnici.<\/strong><\/p>\n<p><strong>L\u017ei-dokratick\u00e1 totalita je instalov\u00e1na s velkou rychlost\u00ed a pouli\u010dn\u00ed n\u00e1sil\u00ed ze strany re\u017eimu (prost\u0159ednictv\u00edm mlad\u00fdch \u201eaktivist\u016f\u201c) je jen ot\u00e1zkou \u010dasu.<\/strong>\u00a0Mus\u00edme se jim br\u00e1nit se v\u0161\u00ed rozhodnost\u00ed!<\/p>\n<figure class=\"wp-block-image size-large\"><img decoding=\"async\" loading=\"lazy\" class=\"wp-image-14720\" src=\"https:\/\/ceskavec.com\/wp-content\/uploads\/2023\/02\/image-8-1024x596.png\" sizes=\"(max-width: 1024px) 100vw, 1024px\" srcset=\"https:\/\/ceskavec.com\/wp-content\/uploads\/2023\/02\/image-8-1024x596.png 1024w, https:\/\/ceskavec.com\/wp-content\/uploads\/2023\/02\/image-8-300x175.png 300w, https:\/\/ceskavec.com\/wp-content\/uploads\/2023\/02\/image-8-768x447.png 768w, https:\/\/ceskavec.com\/wp-content\/uploads\/2023\/02\/image-8.png 1378w\" alt=\"\" width=\"586\" height=\"341\" \/><img decoding=\"async\" loading=\"lazy\" class=\"wp-image-14721\" src=\"https:\/\/ceskavec.com\/wp-content\/uploads\/2023\/02\/image-9.png\" sizes=\"(max-width: 768px) 100vw, 768px\" srcset=\"https:\/\/ceskavec.com\/wp-content\/uploads\/2023\/02\/image-9.png 768w, https:\/\/ceskavec.com\/wp-content\/uploads\/2023\/02\/image-9-300x252.png 300w\" alt=\"\" width=\"405\" height=\"340\" \/><\/figure>\n<figure class=\"wp-block-image size-full\"><figcaption class=\"wp-element-caption\">Ob\u011b\u0165 \u00fatoku skupiny Antifa v Budape\u0161ti<\/p>\n<p><a href=\"https:\/\/ceskavec.com\/2023\/02\/nemecka-antifa-vyrazila-do-budapesti-mlatit-nahodne-kolemjdouci-vysledem-nekolik-osob-v-nemocnici-s-tezkym-zranenim-2-polsti-turiste-nekolik-madaru-a-jeden-nemec-brzy-i-u-nas-prezidentske-volby-j\">\u010cesk\u00e1 v\u011bc<\/a><\/figcaption><\/figure>\n<p><img decoding=\"async\" loading=\"lazy\" class=\"wp-image-19187 aligncenter\" src=\"http:\/\/www.infokuryr.cz\/n\/wp-content\/uploads\/2022\/12\/1-PRO-300x36.jpg\" alt=\"\" width=\"1117\" height=\"134\" srcset=\"https:\/\/www.infokuryr.cz\/n\/wp-content\/uploads\/2022\/12\/1-PRO-300x36.jpg 300w, https:\/\/www.infokuryr.cz\/n\/wp-content\/uploads\/2022\/12\/1-PRO.jpg 699w\" sizes=\"(max-width: 1117px) 100vw, 1117px\" \/><\/p>\n<p>&nbsp;<\/p>\n<p>&nbsp;<\/p>\n","protected":false},"excerpt":{"rendered":"<p>V\u00fdsledem n\u011bkolik osob v nemocnici s t\u011b\u017ek\u00fdm zran\u011bn\u00edm, 2 pol\u0161t\u00ed turist\u00e9, n\u011bkolik Ma\u010far\u016f a jeden&#8230;<\/p>\n","protected":false},"author":2,"featured_media":22947,"comment_status":"closed","ping_status":"closed","sticky":false,"template":"","format":"standard","meta":[],"categories":[7],"tags":[70,78,429,611],"_links":{"self":[{"href":"https:\/\/www.infokuryr.cz\/n\/wp-json\/wp\/v2\/posts\/22946"}],"collection":[{"href":"https:\/\/www.infokuryr.cz\/n\/wp-json\/wp\/v2\/posts"}],"about":[{"href":"https:\/\/www.infokuryr.cz\/n\/wp-json\/wp\/v2\/types\/post"}],"author":[{"embeddable":true,"href":"https:\/\/www.infokuryr.cz\/n\/wp-json\/wp\/v2\/users\/2"}],"replies":[{"embeddable":true,"href":"https:\/\/www.infokuryr.cz\/n\/wp-json\/wp\/v2\/comments?post=22946"}],"version-history":[{"count":0,"href":"https:\/\/www.infokuryr.cz\/n\/wp-json\/wp\/v2\/posts\/22946\/revisions"}],"wp:featuredmedia":[{"embeddable":true,"href":"https:\/\/www.infokuryr.cz\/n\/wp-json\/wp\/v2\/media\/22947"}],"wp:attachment":[{"href":"https:\/\/www.infokuryr.cz\/n\/wp-json\/wp\/v2\/media?parent=22946"}],"wp:term":[{"taxonomy":"category","embeddable":true,"href":"https:\/\/www.infokuryr.cz\/n\/wp-json\/wp\/v2\/categories?post=22946"},{"taxonomy":"post_tag","embeddable":true,"href":"https:\/\/www.infokuryr.cz\/n\/wp-json\/wp\/v2\/tags?post=22946"}],"curies":[{"name":"wp","href":"https:\/\/api.w.org\/{rel}","templated":true}]}}