{"id":22920,"date":"2023-02-14T15:25:26","date_gmt":"2023-02-14T14:25:26","guid":{"rendered":"http:\/\/www.infokuryr.cz\/n\/?p=22920"},"modified":"2023-02-14T15:25:26","modified_gmt":"2023-02-14T14:25:26","slug":"14-unora-1945-americane-povrazdili-v-praze-pres-700-civilistu","status":"publish","type":"post","link":"https:\/\/www.infokuryr.cz\/n\/2023\/02\/14\/14-unora-1945-americane-povrazdili-v-praze-pres-700-civilistu\/","title":{"rendered":"14. \u00fanora 1945 Ameri\u010dan\u00e9 povra\u017edili v Praze p\u0159es 700 civilist\u016f"},"content":{"rendered":"<div id=\"fb-root\"><\/div>\n<p><span style=\"font-size: 18pt;\"><strong>Smutn\u00e9 v\u00fdro\u010d\u00ed o kter\u00e9m v na\u0161em provl\u00e1dn\u00edm dezinforma\u010dn\u00edm tisku a m\u00e9di\u00ed se nikdo nezm\u00edn\u00ed.<\/strong><\/span><\/p>\n<p><strong>P\u0159ed 78 lety<\/strong> svrhlo 62 bombard\u00e9r\u016f B-17 Flying Fortress 152 tun bomb na obytn\u00e9 oblasti. Letadla se vracela ze z\u00e1kladen pobl\u00ed\u017e Lond\u00fdna. <strong>K n\u00e1letu do\u0161lo ne\u010dekan\u011b a nem\u011bl \u017e\u00e1dn\u00fd vojensk\u00fd v\u00fdznam.<\/strong> V\u00fdbuchy zas\u00e1hly \u010dtvrti Radlice, Vy\u0161ehrad, Karlovo n\u00e1m\u011bst\u00ed, Nusle, Vinohrady, Vr\u0161ovice a Pankr\u00e1c.<\/p>\n<p>Byly zni\u010deny des\u00edtky historick\u00fdch pam\u00e1tek, 93 budov a d\u016fle\u017eit\u00e1 infrastruktura.\u00a0Dal\u0161\u00ed slavn\u00e9 objekty byly zna\u010dn\u011b po\u0161kozeny, nap\u0159. Faust\u016fv d\u016fm, budova synagogy na Vinohradech, Emauzsk\u00fd kl\u00e1\u0161ter. Padly na n\u011bj t\u0159i z\u00e1paln\u00e9 st\u0159ely o hmotnosti 227 kg ka\u017ed\u00e1. Z\u00e1sah zni\u010dil ob\u011b gotick\u00e9 v\u011b\u017ee kl\u00e1\u0161teru.<\/p>\n<p><span style=\"font-size: 18pt;\"><strong>701 osob za n\u00e1letu zahynulo a 1184 bylo zran\u011bno! Zbyte\u010dn\u011b&#8230;<\/strong><\/span><\/p>\n<p>Za tento zbyte\u010dn\u00fd n\u00e1let proveden zrudnou americkou klikou se nikdo poz\u016fstal\u00fdm neomluvil a nenahradil \u0161kodu. Dnes kolaborantsk\u00e1 Fialova vl\u00e1da p\u0159ipravuje z\u00e1kon o povolen\u00ed pobytu americk\u00fdch vojensk\u00fdch jednotek, kter\u00e9 maj\u00ed na sv\u011bdom\u00ed \u010desk\u00e9 \u017eivoty.<\/p>\n<p><img decoding=\"async\" loading=\"lazy\" class=\"alignnone size-full wp-image-1185\" src=\"http:\/\/www.infokuryr.cz\/n\/wp-content\/uploads\/2021\/04\/kuryr-podpis.png\" alt=\"\" width=\"84\" height=\"24\" \/><\/p>\n<p>&nbsp;<\/p>\n<p><img decoding=\"async\" loading=\"lazy\" class=\"wp-image-19187 aligncenter\" src=\"http:\/\/www.infokuryr.cz\/n\/wp-content\/uploads\/2022\/12\/1-PRO-300x36.jpg\" alt=\"\" width=\"1083\" height=\"130\" srcset=\"https:\/\/www.infokuryr.cz\/n\/wp-content\/uploads\/2022\/12\/1-PRO-300x36.jpg 300w, https:\/\/www.infokuryr.cz\/n\/wp-content\/uploads\/2022\/12\/1-PRO.jpg 699w\" sizes=\"(max-width: 1083px) 100vw, 1083px\" \/><\/p>\n<p>&nbsp;<\/p>\n<p>&nbsp;<\/p>\n<p><img decoding=\"async\" loading=\"lazy\" class=\"wp-image-22607 aligncenter\" src=\"http:\/\/www.infokuryr.cz\/n\/wp-content\/uploads\/2023\/02\/cesko_proti_bide-239x300.png\" alt=\"\" width=\"656\" height=\"823\" srcset=\"https:\/\/www.infokuryr.cz\/n\/wp-content\/uploads\/2023\/02\/cesko_proti_bide-239x300.png 239w, https:\/\/www.infokuryr.cz\/n\/wp-content\/uploads\/2023\/02\/cesko_proti_bide-816x1024.png 816w, https:\/\/www.infokuryr.cz\/n\/wp-content\/uploads\/2023\/02\/cesko_proti_bide-768x964.png 768w, https:\/\/www.infokuryr.cz\/n\/wp-content\/uploads\/2023\/02\/cesko_proti_bide.png 846w\" sizes=\"(max-width: 656px) 100vw, 656px\" \/><\/p>\n<p>&nbsp;<\/p>\n<p>&nbsp;<\/p>\n","protected":false},"excerpt":{"rendered":"<p>Smutn\u00e9 v\u00fdro\u010d\u00ed o kter\u00e9m v na\u0161em provl\u00e1dn\u00edm dezinforma\u010dn\u00edm tisku a m\u00e9di\u00ed se nikdo nezm\u00edn\u00ed. P\u0159ed&#8230;<\/p>\n","protected":false},"author":2,"featured_media":22921,"comment_status":"closed","ping_status":"closed","sticky":false,"template":"","format":"standard","meta":[],"categories":[6],"tags":[898,3203,234,40],"_links":{"self":[{"href":"https:\/\/www.infokuryr.cz\/n\/wp-json\/wp\/v2\/posts\/22920"}],"collection":[{"href":"https:\/\/www.infokuryr.cz\/n\/wp-json\/wp\/v2\/posts"}],"about":[{"href":"https:\/\/www.infokuryr.cz\/n\/wp-json\/wp\/v2\/types\/post"}],"author":[{"embeddable":true,"href":"https:\/\/www.infokuryr.cz\/n\/wp-json\/wp\/v2\/users\/2"}],"replies":[{"embeddable":true,"href":"https:\/\/www.infokuryr.cz\/n\/wp-json\/wp\/v2\/comments?post=22920"}],"version-history":[{"count":0,"href":"https:\/\/www.infokuryr.cz\/n\/wp-json\/wp\/v2\/posts\/22920\/revisions"}],"wp:featuredmedia":[{"embeddable":true,"href":"https:\/\/www.infokuryr.cz\/n\/wp-json\/wp\/v2\/media\/22921"}],"wp:attachment":[{"href":"https:\/\/www.infokuryr.cz\/n\/wp-json\/wp\/v2\/media?parent=22920"}],"wp:term":[{"taxonomy":"category","embeddable":true,"href":"https:\/\/www.infokuryr.cz\/n\/wp-json\/wp\/v2\/categories?post=22920"},{"taxonomy":"post_tag","embeddable":true,"href":"https:\/\/www.infokuryr.cz\/n\/wp-json\/wp\/v2\/tags?post=22920"}],"curies":[{"name":"wp","href":"https:\/\/api.w.org\/{rel}","templated":true}]}}