{"id":22883,"date":"2023-02-14T05:35:07","date_gmt":"2023-02-14T04:35:07","guid":{"rendered":"http:\/\/www.infokuryr.cz\/n\/?p=22883"},"modified":"2023-02-14T05:43:35","modified_gmt":"2023-02-14T04:43:35","slug":"generalnim-reditelem-rsbc-bude-nove-milan-slapak","status":"publish","type":"post","link":"https:\/\/www.infokuryr.cz\/n\/2023\/02\/14\/generalnim-reditelem-rsbc-bude-nove-milan-slapak\/","title":{"rendered":"Gener\u00e1ln\u00edm \u0159editelem RSBC bude nov\u011b Milan \u0160lap\u00e1k"},"content":{"rendered":"<div id=\"fb-root\"><\/div>\n<p><span style=\"font-size: 18pt;\"><strong>Mana\u017eer s t\u00e9m\u011b\u0159 25 lety mezin\u00e1rodn\u00edch zku\u0161enost\u00ed zast\u0159e\u0161\u00ed dlouhodob\u00fd r\u016fst investi\u010dn\u00ed skupiny a jej\u00ed expanzi do zahrani\u010d\u00ed.<\/strong><\/span><\/p>\n<p><strong>Nov\u00fdm gener\u00e1ln\u00edm \u0159editelem \u010desk\u00e9 investi\u010dn\u00ed skupiny RSBC se stal Milan \u0160lap\u00e1k, respektovan\u00fd mana\u017eer s v\u00edce ne\u017e 25 lety mezin\u00e1rodn\u00edch zku\u0161enost\u00ed v oblasti \u0159\u00edzen\u00ed v\u00fdroby, logistiky \u010di obchodu nap\u0159\u00ed\u010d odv\u011btv\u00edmi. Jeho hlavn\u00edm c\u00edlem bude vytvo\u0159it ze skupiny s dlouhodobou tradic\u00ed prosperuj\u00edc\u00ed evropskou spole\u010dnost, jej\u00ed\u017e aktivity p\u0159es\u00e1hnou hranice \u010cesk\u00e9 republiky.<\/strong><\/p>\n<p><em>\u201eM\u00e9 rozhodnut\u00ed vstoupit do RSBC velmi ovlivnilo osobn\u00ed setk\u00e1n\u00ed s panem Robertem Sch\u00f6nfeldem. Zaujala mne nejen rodinn\u00e1 podnikatelsk\u00e1 historie, ale p\u0159edev\u0161\u00edm jeho vizion\u00e1\u0159sk\u00fd p\u0159\u00edstup k investic\u00edm a osobn\u00ed hodnoty, se kter\u00fdmi p\u0159istupuje k byznysu. Rod Sch\u00f6nfeld\u016f ji\u017e po generace stav\u00ed na principu vytv\u00e1\u0159en\u00ed dlouhodob\u00e9 a udr\u017eiteln\u00e9 hodnoty a v tomto duchu se nesou i ve\u0161ker\u00e9 obchodn\u00ed aktivity. RSBC je jedin\u00e1 investi\u010dn\u00ed skupina, kter\u00e1 m\u016f\u017ee stav\u011bt na neuv\u011b\u0159iteln\u00e9m 700 lety v\u00fdsledk\u016f prov\u011b\u0159en\u00e9m know-how,\u201c <\/em>\u0159\u00edk\u00e1 <strong>Milan \u0160lap\u00e1k.<\/strong><\/p>\n<p>Z pozice gener\u00e1ln\u00edho \u0159editele chce \u0160lap\u00e1k nav\u00e1zat na vizi Roberta Sch<em>\u00f6<\/em>nfelda a\u00a0pokra\u010dovat v napl\u0148ov\u00e1n\u00ed dlouhodob\u00e9 r\u016fstov\u00e9 strategie skupiny, kter\u00e1 spravuje diverzifikovan\u00e9 portfolio aktiv v hodnot\u011b t\u00e9m\u011b\u0159 8 miliard korun v pen\u011b\u017en\u00edch investic\u00edch, komer\u010dn\u00edch i reziden\u010dn\u00edch nemovitostech a firm\u00e1ch. Sou\u010d\u00e1st\u00ed vize je mimo jin\u00e9 pl\u00e1novan\u00e1 expanze na zahrani\u010dn\u00ed trhy, nap\u0159\u00edklad do Velk\u00e9 Brit\u00e1nie. To vy\u017eaduje adaptaci \u0159\u00edd\u00edc\u00edch proces\u016f a intern\u00edho nastaven\u00ed skupiny tak, aby usnad\u0148ovaly jednotliv\u00fdm diviz\u00edm jejich mezin\u00e1rodn\u00ed p\u016fsoben\u00ed. <em>\u201eRSBC m\u00e1 na \u010desk\u00e9m trhu i v zahrani\u010d\u00ed velmi dobrou reputaci spolehliv\u00e9ho a stabiln\u00edho partnera pro investov\u00e1n\u00ed. A pr\u00e1v\u011b tato kredibilita je velkou devizou, kterou budeme d\u00e1le posilovat a\u00a0budovat ji i v dal\u0161\u00edch zem\u00edch, do nich\u017e vstoup\u00edme,\u201c<\/em> dod\u00e1v\u00e1 <strong>Milan \u0160lap\u00e1k.<\/strong><\/p>\n<p><em>\u201eV pr\u016fb\u011bhu let jsme z RSBC vybudovali stabiln\u00ed spole\u010dnost, kter\u00e9 se \u00fasp\u011b\u0161n\u011b da\u0159\u00ed napl\u0148ovat vizi, s n\u00ed\u017e jsem rodinn\u00e9 podnik\u00e1n\u00ed p\u0159evzal. Jsem p\u0159esv\u011bd\u010den, \u017ee skupina m\u00e1 obrovsk\u00fd potenci\u00e1l pro dal\u0161\u00ed udr\u017eiteln\u00fd r\u016fst v \u010cech\u00e1ch i za hranicemi, a\u00a0nesm\u00edrn\u011b mne t\u011b\u0161\u00ed, \u017ee n\u00e1m s n\u00edm bude pom\u00e1hat pr\u00e1v\u011b Milan \u0160lap\u00e1k. Jeho p\u0159\u00edstup k veden\u00ed lid\u00ed a mnohalet\u00e9 mezin\u00e1rodn\u00ed zku\u0161enosti budou pro dal\u0161\u00ed rozvoj skupiny velk\u00fdm p\u0159\u00ednosem,\u201c<\/em> \u0159\u00edk\u00e1 <strong>Robert Sch\u00f6nfeld<\/strong>, kter\u00fd investi\u010dn\u00ed skupinu RSBC v roce 1998 zalo\u017eil a t\u00e9m\u011b\u0159 25 let ji i osobn\u011b \u0159\u00eddil. Nyn\u00ed se v r\u00e1mci spole\u010dnosti bude v\u011bnovat p\u0159edev\u0161\u00edm strategick\u00e9mu sm\u011b\u0159ov\u00e1n\u00ed a \u010detn\u00fdm filantropick\u00fdm aktivit\u00e1m.<\/p>\n<p>Do investi\u010dn\u00ed skupiny RSBC p\u0159in\u00e1\u0161\u00ed \u0160lap\u00e1k v\u00edce ne\u017e 20 let komplexn\u00edch zku\u0161enost\u00ed z mana\u017eersk\u00fdch pozic v nadn\u00e1rodn\u00ed konglomeraci General Electrics (GE), kde za\u010dal pracovat je\u0161t\u011b b\u011bhem studi\u00ed na \u010cVUT v Praze. Ihned po dokon\u010den\u00ed vysok\u00e9 \u0161koly se v r\u00e1mci GE p\u0159esunul do Spojen\u00fdch st\u00e1t\u016f americk\u00fdch, kde se v\u011bnoval projekt\u016fm z oblasti digitalizace a optimalizace v\u00fdroby. Na to nav\u00e1zal i po sv\u00e9m n\u00e1vratu do \u010cesk\u00e9 republiky. B\u011bhem t\u00e9m\u011b\u0159 \u010dtvrt stolet\u00ed v GE vedl Milan \u0160lap\u00e1k t\u00fdmy z r\u016fzn\u00fdch odv\u011btv\u00ed a nasb\u00edral \u0159adu dal\u0161\u00edch zahrani\u010dn\u00edch zku\u0161enost\u00ed, nap\u0159\u00edklad ve Francii, It\u00e1lii nebo \u010c\u00edn\u011b. Posledn\u00edch 14 let p\u016fsobil v \u010desk\u00e9 pobo\u010dce p\u0159edn\u00edho sv\u011btov\u00e9ho v\u00fdrobce leteck\u00fdch motor\u016f a syst\u00e9m\u016f GE Aviation. Od roku 2019 zde byl \u0159editelem.<\/p>\n<p>Je absolventem in\u017een\u00fdrsk\u00e9ho a doktorsk\u00e9ho studia pra\u017esk\u00e9ho \u010cesk\u00e9ho vysok\u00e9ho u\u010den\u00ed technick\u00e9ho, p\u016fsobil tak\u00e9 jako viceprezident Svazu \u010desk\u00e9ho leteck\u00e9ho pr\u016fmyslu a nyn\u00ed zast\u00e1v\u00e1 roli prezidenta Americk\u00e9 obchodn\u00ed komory v \u010cesk\u00e9 republice. Dlouhodob\u011b je aktivn\u00ed i v akademick\u00e9 sf\u00e9\u0159e. Jako lektor studijn\u00edho programu MBA na Anglo-American University a Chapman University p\u0159ed\u00e1v\u00e1 Milan \u0160lap\u00e1k sv\u00e9 cenn\u00e9 mnohalet\u00e9 zku\u0161enosti dal\u0161\u00ed generaci mana\u017eer\u016f.<\/p>\n<p><span style=\"font-size: 18pt;\"><strong>Skupina RSBC<\/strong><\/span><\/p>\n<p>Z\u00e1kladem portfolia \u010desk\u00e9 investi\u010dn\u00ed skupiny RSBC jsou reziden\u010dn\u00ed a\u00a0komer\u010dn\u00ed nemovitosti, \u00farodn\u00e1 p\u016fda, realitn\u00ed fondy \u010di pr\u016fmyslov\u00e9 a\u00a0zem\u011bd\u011blsk\u00e9 spole\u010dnosti v \u010cesk\u00e9 republice i v zahrani\u010d\u00ed. Holding se zam\u011b\u0159uje tak\u00e9 na poskytov\u00e1n\u00ed profesion\u00e1ln\u00edch slu\u017eeb v oblasti akvizic, spr\u00e1vy a obchodov\u00e1n\u00ed s\u00a0nemovitostmi, spr\u00e1vu majetku v r\u00e1mci divize Wealth Management \u010di na venture kapit\u00e1lov\u00e9 investice na poli nov\u00fdch technologi\u00ed ve vzd\u011bl\u00e1v\u00e1n\u00ed a logistice. Investi\u010dn\u00ed filozofie skupiny zalo\u017een\u00e9 v roce 1998 p\u016fvodn\u011b za \u00fa\u010delem spr\u00e1vy restituovan\u00e9ho majetku rodiny Sch\u00f6nfeld\u016f stoj\u00ed na konzervativn\u00edm p\u0159\u00edstupu, dlouhodob\u00e9 stabilit\u011b, rodinn\u00fdch hodnot\u00e1ch a \u00fact\u011b k tradic\u00edm. Aktu\u00e1ln\u011b je sou\u010d\u00e1st\u00ed skupiny RSBC celkem p\u0159es 40 spole\u010dnost\u00ed, souhrnn\u00e1 hodnota aktiv dosahuje t\u00e9m\u011b\u0159 osmi miliard korun.<\/p>\n<p><em>Foto: Milan \u0160lap\u00e1k, Robert Sch\u00f6nfeld<\/em><\/p>\n<p><img decoding=\"async\" loading=\"lazy\" class=\"alignnone size-full wp-image-1185\" src=\"http:\/\/www.infokuryr.cz\/n\/wp-content\/uploads\/2021\/04\/kuryr-podpis.png\" alt=\"\" width=\"84\" height=\"24\" \/><\/p>\n<p>&nbsp;<\/p>\n<p><img decoding=\"async\" loading=\"lazy\" class=\"wp-image-19187 aligncenter\" src=\"http:\/\/www.infokuryr.cz\/n\/wp-content\/uploads\/2022\/12\/1-PRO-300x36.jpg\" alt=\"\" width=\"1142\" height=\"137\" srcset=\"https:\/\/www.infokuryr.cz\/n\/wp-content\/uploads\/2022\/12\/1-PRO-300x36.jpg 300w, https:\/\/www.infokuryr.cz\/n\/wp-content\/uploads\/2022\/12\/1-PRO.jpg 699w\" sizes=\"(max-width: 1142px) 100vw, 1142px\" \/><\/p>\n<p>&nbsp;<\/p>\n<p>&nbsp;<\/p>\n<p><img decoding=\"async\" loading=\"lazy\" class=\"wp-image-22607 aligncenter\" src=\"http:\/\/www.infokuryr.cz\/n\/wp-content\/uploads\/2023\/02\/cesko_proti_bide-239x300.png\" alt=\"\" width=\"647\" height=\"812\" srcset=\"https:\/\/www.infokuryr.cz\/n\/wp-content\/uploads\/2023\/02\/cesko_proti_bide-239x300.png 239w, https:\/\/www.infokuryr.cz\/n\/wp-content\/uploads\/2023\/02\/cesko_proti_bide-816x1024.png 816w, https:\/\/www.infokuryr.cz\/n\/wp-content\/uploads\/2023\/02\/cesko_proti_bide-768x964.png 768w, https:\/\/www.infokuryr.cz\/n\/wp-content\/uploads\/2023\/02\/cesko_proti_bide.png 846w\" sizes=\"(max-width: 647px) 100vw, 647px\" \/><\/p>\n<p>&nbsp;<\/p>\n","protected":false},"excerpt":{"rendered":"<p>Mana\u017eer s t\u00e9m\u011b\u0159 25 lety mezin\u00e1rodn\u00edch zku\u0161enost\u00ed zast\u0159e\u0161\u00ed dlouhodob\u00fd r\u016fst investi\u010dn\u00ed skupiny a jej\u00ed expanzi&#8230;<\/p>\n","protected":false},"author":2,"featured_media":22884,"comment_status":"closed","ping_status":"closed","sticky":false,"template":"","format":"standard","meta":[],"categories":[6],"tags":[59,286,4430],"_links":{"self":[{"href":"https:\/\/www.infokuryr.cz\/n\/wp-json\/wp\/v2\/posts\/22883"}],"collection":[{"href":"https:\/\/www.infokuryr.cz\/n\/wp-json\/wp\/v2\/posts"}],"about":[{"href":"https:\/\/www.infokuryr.cz\/n\/wp-json\/wp\/v2\/types\/post"}],"author":[{"embeddable":true,"href":"https:\/\/www.infokuryr.cz\/n\/wp-json\/wp\/v2\/users\/2"}],"replies":[{"embeddable":true,"href":"https:\/\/www.infokuryr.cz\/n\/wp-json\/wp\/v2\/comments?post=22883"}],"version-history":[{"count":0,"href":"https:\/\/www.infokuryr.cz\/n\/wp-json\/wp\/v2\/posts\/22883\/revisions"}],"wp:featuredmedia":[{"embeddable":true,"href":"https:\/\/www.infokuryr.cz\/n\/wp-json\/wp\/v2\/media\/22884"}],"wp:attachment":[{"href":"https:\/\/www.infokuryr.cz\/n\/wp-json\/wp\/v2\/media?parent=22883"}],"wp:term":[{"taxonomy":"category","embeddable":true,"href":"https:\/\/www.infokuryr.cz\/n\/wp-json\/wp\/v2\/categories?post=22883"},{"taxonomy":"post_tag","embeddable":true,"href":"https:\/\/www.infokuryr.cz\/n\/wp-json\/wp\/v2\/tags?post=22883"}],"curies":[{"name":"wp","href":"https:\/\/api.w.org\/{rel}","templated":true}]}}