{"id":22866,"date":"2023-02-14T01:07:12","date_gmt":"2023-02-14T00:07:12","guid":{"rendered":"http:\/\/www.infokuryr.cz\/n\/?p=22866"},"modified":"2023-02-13T16:54:31","modified_gmt":"2023-02-13T15:54:31","slug":"za-vyhrozovani-sundani-ukrajinske-vlajky-6-mesicu-s-podminenym-odkladem-na-18-mesicu","status":"publish","type":"post","link":"https:\/\/www.infokuryr.cz\/n\/2023\/02\/14\/za-vyhrozovani-sundani-ukrajinske-vlajky-6-mesicu-s-podminenym-odkladem-na-18-mesicu\/","title":{"rendered":"Za vyhro\u017eov\u00e1n\u00ed sund\u00e1n\u00ed ukrajinsk\u00e9 vlajky: 6 m\u011bs\u00edc\u016f s podm\u00edn\u011bn\u00fdm odkladem na 18 m\u011bs\u00edc\u016f"},"content":{"rendered":"<div id=\"fb-root\"><\/div>\n<div class=\"introtext\">\n<p><strong>JUDr. Katar\u00edna Kandov\u00e1, Ph.D. st\u00e1tn\u00ed z\u00e1stupkyn\u011b &#8211; N\u00e1vrh na potrest\u00e1n\u00ed pro d\u016fchodce Jaroslava Popelku: ulo\u017eit trest odn\u011bt\u00ed svobody v trv\u00e1n\u00ed 6 m\u011bs\u00edc\u016f s podm\u00edn\u011bn\u00fdm odkladem jeho v\u00fdkonu na zku\u0161ebn\u00ed dobu v trv\u00e1n\u00ed 18 m\u011bs\u00edc\u016f. (foto &#8211; Popelka s obh\u00e1jkyn\u00ed v d\u0159\u00edv\u011bj\u0161\u00edm procesu)<\/strong><\/p>\n<\/div>\n<div class=\"fulltext\">\n<p><strong>\u017ee<\/strong><\/p>\n<p>dne 15. 11,2022 v dopoledn\u00edch hodin\u00e1ch, na adrese V\u00e1clavsk\u00e9 n\u00e1m\u011bst\u00ed 1700\/68, Praha 1, ru\u010dn\u011b sepsal a p\u0159edal na podateln\u011b N\u00e1rodn\u00edho muzea dopis ve zn\u011bn\u00ed ,,Dobry den, z\u00edskali jsme informace, \u017ee n\u011bkter\u00e9 radik\u00e1ln\u00ed skupiny se chystaj\u00ed vniknout n\u00e1sil\u00edm do budovy N\u00e1rodn\u00edho muzea a odstranit vlajku Ukrajiny, pop\u0159, pou\u017e\u00edt z\u00e1paln\u00e9 st\u0159ely.<\/p>\n<p>V\u00a0<strong>z\u00e1jmu zabr\u00e1n\u011bn\u00ed n\u00e1sil\u00ed<\/strong>\u00a0a p\u0159\u00edpadn\u00e9ho po\u0161kozen\u00ed budovy\u00a0<strong>v\u00e1s pros\u00edme<\/strong>\u00a0o sejmut\u00ed uveden\u00e9 vlajky alespo\u0148 na kritick\u00fd den 17. listopadu kdy v Praze budou dese\u0165i\u0165isice lid\u00ed&#8220;, p\u0159i\u010dem\u017e p\u0159edt\u00edm dne 5. 11.2022 ve 13:04 hod. zaslal na e-mailovou adresu Policie \u010cR krpa.kr,<a href=\"mailto:evidence@pcr,cz\">evidence@pcr,cz<\/a> a dne 7, 11, 2022 v 16:30 hod. p\u0159edal Ochrann\u00e9 slu\u017eb\u011b \u00da\u0159adu vl\u00e1dy \u010cR, se s\u00eddlem N\u00e1b\u0159e\u017e\u00ed E. Bene\u0161e 4,Praha 1,zpr\u00e1vu obsahuj\u00edc\u00ed mimo jin\u00e9 sd\u011blen\u00ed<\/p>\n<p>,<b>,\u017d\u00e1d\u00e1me policii, <\/b>aby odstranila vlajku Ukrajiny um\u00edst\u011bnou p\u0159ed \u00fa\u0159adem vl\u00e1dy i na dal\u0161\u00edch ve\u0159ejn\u00fdch m\u00edstech, zjistila vin\u00edky a p\u0159edala je org\u00e1n\u016fm \u010dinn\u00fdm v trestn\u00edm \u0159\u00edzen\u00ed. V p\u0159\u00edpad\u011b, \u017ee tak neu\u010din\u00ed Hole\u0161ovsk\u00e1 v\u00fdzva vyzve ob\u010dany na shrom\u00e1\u017ed\u011bn\u00ed 17. listopadu a sv\u00e9 p\u0159\u00edznivce aby sami odstranili symboly fa\u0161istick\u00e9ho re\u017eimu&#8220;, tedy <strong>sd\u011blil pr\u00e1vnick\u00e9 osob\u011b popla\u0161nou zpr\u00e1vu, kter\u00e1 je nepravdiv\u00e1,<\/strong><\/p>\n<p>\u010d\u00edm\u017e sp\u00e1chal p\u0159e\u010din \u0161\u00ed\u0159en\u00ed popla\u0161n\u00e9 zpr\u00e1vy podle \u00a7 357 odst. 2 trestn\u00edho z\u00e1kon\u00edku<\/p>\n<p><span style=\"font-size: 18pt;\"><strong>TRESTN\u00cd P\u0158\u00cdKAZ<\/strong><\/span><\/p>\n<p>Praha 2.Iedna 2023<\/p>\n<p>JUDr.\u00a0<strong>Luk\u00e1\u0161 Svr\u010dek<\/strong>\u00a0v. r. samosoudce<\/p>\n<p>podle \u00a7 357 odst. 2 trestn\u00edho z\u00e1kon\u00edku s p\u0159ihl\u00e9dnut\u00ed- k \u00a7 314e odst. 2 p\u00edsm. a) trestn\u00edho \u0159\u00e1du k trestu odn\u011bt\u00ed svobody v tr\u00e1ni 6 (\u0161esti) m\u011bs\u00edc\u016f. Podle \u00a7 81 odst, 1 trestn\u00edho z\u00e1kon\u00edku se rrykon tohoto t\u00edes\u0165u podm\u00edn\u011bn\u011b odkl\u00e1d\u00e1. Podle \u00a7 82 odst. 1 trestn\u00edho z\u00e1kon\u00edku se obvin\u011bn\u00e9mu stanov\u00ed zku\u0161ebn\u00ed doba v tr\u00e1ni 18 (osmn\u00e1cti) m\u011bs\u00edc\u016f.<\/p>\n<p>Zda je to politick\u00fd proces jako v pades\u00e1t\u00fdch bol\u0161evick\u00fdch l\u00e9tech minul\u00e9ho stolet\u00ed si \u00fasudek ud\u011blejte sami. My nesm\u00edme&#8230;<\/p>\n<h2><strong>A porovn\u00e1n\u00ed:<\/strong><\/h2>\n<p><strong><span style=\"font-size: 14pt; color: #ff0000;\"><em>V\u00fdrok o pod\u0159ez\u00e1n\u00ed Zemana jako svin\u011b nen\u00ed trestn\u00fd, jen p\u0159estupek, m\u00edn\u00ed soud<\/em><\/span><\/strong><\/p>\n<h1>\u201eZr\u016fdu (prezidenta) pod\u0159ezat, svini (prezidenta) vykrvit.\u201c<\/h1>\n<blockquote><p><img decoding=\"async\" class=\"aligncenter\" src=\"https:\/\/www.skrytapravda.cz\/images\/blogy\/2951\/2023\/politicke\/zeman_podrezat_92aaa.webp\" alt=\"zeman podrezat 92aaa\" \/><\/p><\/blockquote>\n<p><strong>Nejvy\u0161\u0161\u00ed soud zam\u00edtl dovol\u00e1n\u00ed \u017ealobc\u016f, kte\u0159\u00ed trvali na potrest\u00e1n\u00ed b\u00fdval\u00e9ho radn\u00edho Jesenice Martina Langa. Hrozilo mu dvoulet\u00e9 v\u011bzen\u00ed, ale byl \u010dlenem ODS.<\/strong><a href=\"https:\/\/www.idnes.cz\/zpravy\/domaci\/martin-langa-jesenice-u-prahy-prispevek-na-facebooku.A210309_100731_domaci_lesa\" target=\"_blank\" rel=\"noopener\">ZDROJ<\/a><\/p>\n<p><span style=\"font-size: 18pt;\"><strong>A m\u016f\u017eeme pokra\u010dovat: vyhro\u017eov\u00e1n\u00ed, proto\u017ee p\u0159edseda strany PRO Rajchl m\u00e1 jin\u00fd n\u00e1zor!<\/strong><\/span><\/p>\n<p><img decoding=\"async\" class=\"aligncenter\" src=\"https:\/\/www.skrytapravda.cz\/images\/blogy\/2951\/2023\/politicke\/priban_rajchl_4ba00.webp\" alt=\"priban rajchl 4ba00\" \/><\/p>\n<div class=\"clr\"><a href=\"https:\/\/www.skrytapravda.cz\/z-domova\/1077-za-vyhrozovani-sundani-ukrajinske-vlajky-6-mesicu-s-podminenym-odkladem-na-18-mesicu\">Petr Pokorn\u00fd<\/a><\/div>\n<\/div>\n<div><\/div>\n<div><\/div>\n<div><img decoding=\"async\" loading=\"lazy\" class=\"wp-image-19187 aligncenter\" src=\"http:\/\/www.infokuryr.cz\/n\/wp-content\/uploads\/2022\/12\/1-PRO-300x36.jpg\" alt=\"\" width=\"1150\" height=\"138\" srcset=\"https:\/\/www.infokuryr.cz\/n\/wp-content\/uploads\/2022\/12\/1-PRO-300x36.jpg 300w, https:\/\/www.infokuryr.cz\/n\/wp-content\/uploads\/2022\/12\/1-PRO.jpg 699w\" sizes=\"(max-width: 1150px) 100vw, 1150px\" \/><\/div>\n<div><\/div>\n<div><\/div>\n<div><\/div>\n<div><\/div>\n<div><img decoding=\"async\" loading=\"lazy\" class=\"wp-image-22607 aligncenter\" src=\"http:\/\/www.infokuryr.cz\/n\/wp-content\/uploads\/2023\/02\/cesko_proti_bide-239x300.png\" alt=\"\" width=\"653\" height=\"820\" srcset=\"https:\/\/www.infokuryr.cz\/n\/wp-content\/uploads\/2023\/02\/cesko_proti_bide-239x300.png 239w, https:\/\/www.infokuryr.cz\/n\/wp-content\/uploads\/2023\/02\/cesko_proti_bide-816x1024.png 816w, https:\/\/www.infokuryr.cz\/n\/wp-content\/uploads\/2023\/02\/cesko_proti_bide-768x964.png 768w, https:\/\/www.infokuryr.cz\/n\/wp-content\/uploads\/2023\/02\/cesko_proti_bide.png 846w\" sizes=\"(max-width: 653px) 100vw, 653px\" \/><\/div>\n<div><\/div>\n<div><\/div>\n<div><\/div>\n","protected":false},"excerpt":{"rendered":"<p>JUDr. Katar\u00edna Kandov\u00e1, Ph.D. st\u00e1tn\u00ed z\u00e1stupkyn\u011b &#8211; N\u00e1vrh na potrest\u00e1n\u00ed pro d\u016fchodce Jaroslava Popelku: ulo\u017eit&#8230;<\/p>\n","protected":false},"author":2,"featured_media":22867,"comment_status":"closed","ping_status":"closed","sticky":false,"template":"","format":"standard","meta":[],"categories":[6],"tags":[520,324,4428],"_links":{"self":[{"href":"https:\/\/www.infokuryr.cz\/n\/wp-json\/wp\/v2\/posts\/22866"}],"collection":[{"href":"https:\/\/www.infokuryr.cz\/n\/wp-json\/wp\/v2\/posts"}],"about":[{"href":"https:\/\/www.infokuryr.cz\/n\/wp-json\/wp\/v2\/types\/post"}],"author":[{"embeddable":true,"href":"https:\/\/www.infokuryr.cz\/n\/wp-json\/wp\/v2\/users\/2"}],"replies":[{"embeddable":true,"href":"https:\/\/www.infokuryr.cz\/n\/wp-json\/wp\/v2\/comments?post=22866"}],"version-history":[{"count":1,"href":"https:\/\/www.infokuryr.cz\/n\/wp-json\/wp\/v2\/posts\/22866\/revisions"}],"predecessor-version":[{"id":22868,"href":"https:\/\/www.infokuryr.cz\/n\/wp-json\/wp\/v2\/posts\/22866\/revisions\/22868"}],"wp:featuredmedia":[{"embeddable":true,"href":"https:\/\/www.infokuryr.cz\/n\/wp-json\/wp\/v2\/media\/22867"}],"wp:attachment":[{"href":"https:\/\/www.infokuryr.cz\/n\/wp-json\/wp\/v2\/media?parent=22866"}],"wp:term":[{"taxonomy":"category","embeddable":true,"href":"https:\/\/www.infokuryr.cz\/n\/wp-json\/wp\/v2\/categories?post=22866"},{"taxonomy":"post_tag","embeddable":true,"href":"https:\/\/www.infokuryr.cz\/n\/wp-json\/wp\/v2\/tags?post=22866"}],"curies":[{"name":"wp","href":"https:\/\/api.w.org\/{rel}","templated":true}]}}