{"id":22849,"date":"2023-02-14T01:03:32","date_gmt":"2023-02-14T00:03:32","guid":{"rendered":"http:\/\/www.infokuryr.cz\/n\/?p=22849"},"modified":"2023-02-13T16:47:41","modified_gmt":"2023-02-13T15:47:41","slug":"petr-hannig-az-si-pro-me-prijdou","status":"publish","type":"post","link":"https:\/\/www.infokuryr.cz\/n\/2023\/02\/14\/petr-hannig-az-si-pro-me-prijdou\/","title":{"rendered":"Petr Hannig: A\u017e si pro m\u011b p\u0159ijdou"},"content":{"rendered":"<div id=\"fb-root\"><\/div>\n<p><strong>N\u00e1\u0161 n\u00e1rod je nevy\u010derpateln\u00e1 studnice humoru. Ten se z n\u00e1s nevytr\u00e1cel ani v t\u011bch nejhor\u0161\u00edch dob\u00e1ch na\u0161\u00ed historie.<\/strong><\/p>\n<p>Zat\u00edmco se ve Francii\u00a0<a href=\"https:\/\/www.iportal24.cz\/featured\/francie-se-opet-bouri-proti-duchodove-reforme-odbory-planuji-zesileni-protestu\/\">st\u00e1vkuje za zachov\u00e1n\u00ed hranice 62\u00a0let odchodu d\u016fchodu<\/a>, kterou francouzsk\u00e1 vl\u00e1da cht\u011bla zvednout na 64, tak u n\u00e1s odbory ml\u010d\u00ed, i kdy\u017e na\u0161e p\u011btikoali\u010dn\u00ed vl\u00e1da pl\u00e1nuje odchod do d\u016fchodu v\u00a068\u00a0letech. I kdy\u017e ml\u010d\u00ed ti, co by m\u011bli velice hlasit\u011b hovo\u0159it, tak lid\u00e9 neztr\u00e1cej\u00ed humor a kdosi upravil text p\u00edsn\u011b, kterou zp\u00edv\u00e1 Michal Prokop na:\u00a0<em>\u00bbA\u017e si pro m\u011b p\u0159ijdou funebr\u00e1ci, nebudu doma, budu v\u00a0pr\u00e1ci\u00ab.<\/em><\/p>\n<p>Tak\u017ee stalo se to, co ka\u017ed\u00fd z\u00a0n\u00e1s, rozumn\u011b uva\u017euj\u00edc\u00edch, p\u0159edpokl\u00e1dal. P\u0159i obsazen\u00ed v\u0161ech \u00fastavn\u00edch funkc\u00ed ve st\u00e1t\u011b novodobou n\u00e1rodn\u00ed frontou (tak\u00e9 p\u011bt stran m\u011bla N\u00e1rodn\u00ed fronta v\u00a0\u010cSFR) se sou\u010dasn\u00ed vl\u00e1dci \u00bbnezakecali\u00ab a jedou od prvn\u00ed chv\u00edle na pln\u00e9 obr\u00e1tky. Zv\u00fd\u0161en\u00ed odchodu do d\u016fchodu (to postihne ty, co novodobou NF v\u011bt\u0161inou volili), omezen\u00ed z\u00e1konn\u00fdch valorizac\u00ed d\u016fchod\u016f t\u00edm, \u017ee se vytvo\u0159\u00ed z\u00e1kony nov\u00e9, omezuj\u00edc\u00ed valorizace a fakticky sn\u00ed\u017e\u00ed koup\u011bschopnost senior\u016f (t\u00edm zase vl\u00e1da trest\u00e1 seniory, kte\u0159\u00ed v\u011bt\u0161inou nevolili tak, jak vl\u00e1da cht\u011bla). Ale v\u00a0podstat\u011b to postihne i ty, co \u00bbp\u0159emlouvali d\u011bdka, b\u00e1bu\u00ab, podle n\u00e1vodu herc\u016f M\u00e1dla a Issov\u00e9, proto\u017ee mil\u00e1 babi\u010dka u\u017e jen tak tak s\u00a0penz\u00ed vyjde a u\u017e j\u00ed nezbyde na milovan\u00e1 vnou\u010data, kter\u00fdm v\u011bt\u0161inou kolem term\u00ednu v\u00fdplaty jej\u00edho d\u016fchodu zrovna jako na potvoru dojdou pen\u00edze.<\/p>\n<p>Zapl\u00e1\u010dou i OSV\u010c, kter\u00fdm jsou povinn\u011b naordinov\u00e1ny datov\u00e9 schr\u00e1nky, zvl\u00e1\u0161t\u011b ti, co se \u017eiv\u00ed rukod\u011blnou prac\u00ed a mnohdy si s\u00a0internetem ne p\u0159\u00edli\u0161 dob\u0159e nebo v\u016fbec nerozum\u00ed. Budou si muset na komunikaci s\u00a0\u00fa\u0159ady, v\u010detn\u011b t\u011bch finan\u010dn\u00edch, soci\u00e1ln\u00edho zabezpe\u010den\u00ed a zdravotn\u00edch poji\u0161\u0165oven najmout n\u011bjak\u00e9ho po\u010d\u00edta\u010dov\u00e9ho specialistu (v\u0161echny tyto \u00fa\u0159ady pracuj\u00ed s\u00a0rozd\u00edln\u00fdmi software a ti, co u\u017e si datovou schr\u00e1nku po\u0159\u00eddili a pokou\u0161\u00ed se nyn\u00ed s\u00a0t\u011bmito \u00fa\u0159ady komunikovat pomoc\u00ed datov\u00fdch schr\u00e1nek, nemohou tomuto syst\u00e9mu p\u0159ij\u00edt na jm\u00e9no).<\/p>\n<p>A kdy\u017e si takov\u00e9ho specialistu najmou, tak budou muset n\u00e1klady na komunikaci sv\u00fdch datov\u00fdch schr\u00e1nek s \u00fa\u0159ady zakalkulovat do ceny, kterou na\u00fa\u010dtuj\u00ed z\u00e1kazn\u00edkovi.<\/p>\n<p>\u0158ekn\u011bte mi, nen\u00ed toto cesta zase k\u00a0star\u00e9mu dobr\u00e9mu meloucha\u0159en\u00ed? Co si takov\u00fd fachman v\u00a0mlad\u0161\u00edm d\u016fchodov\u00e9m v\u011bku bude kazit n\u00e1ladu n\u011bjakou datovou schr\u00e1nkou. \u017divnost ukon\u010d\u00ed a bude \u00bbmakat\u00ab d\u00e1l p\u0159i pob\u00edr\u00e1n\u00ed d\u016fchodu bez neust\u00e1le se zvy\u0161uj\u00edc\u00ed \u00bbbuzerace\u00ab vl\u00e1dy, slo\u017een\u00e9 z\u00a0t\u011bch, co minul\u00fd re\u017eim neza\u017eili a nev\u011bd\u00ed, \u017ee si \u010desk\u00fd, moravsk\u00fd a slezsk\u00fd \u010dlov\u011bk porad\u00ed se v\u0161\u00edm, nebo z\u00a0t\u011bch, kte\u0159\u00ed byli profesory a takov\u00fdmi \u00bbprkotinami\u00ab jako oprava nefunguj\u00edc\u00edho z\u00e1chodu, neust\u00e1le kapaj\u00edc\u00edho vodovodu, d\u011br ve st\u0159e\u0161e domu, atd. atd., se nezab\u00fdvali.<\/p>\n<p>Zapl\u00e1\u010dou i voli\u010di KDU-\u010cSL, kte\u0159\u00ed maj\u00ed v\u011bt\u0161inou sv\u00e9pomoc\u00ed vystav\u011bn\u00e9 rodinn\u00e9 domky, a nyn\u00ed jim bude razantn\u011b zvednuta da\u0148 z\u00a0nemovitost\u00ed. T\u011bch v\u011bc\u00ed je v\u00edc. Vl\u00e1da se nemus\u00ed ohl\u00ed\u017eet na ob\u010dany, proto\u017ee volby do PS jsou a\u017e na podzim 2025. \u010casu na to se\u0161n\u011brovat v\u0161echno, uvrhnout obyvatelstvo do b\u00eddy a neohl\u00ed\u017eet se na pot\u0159eby lid\u00ed, je dost a dost. Tak se mi do hlavy vkr\u00e1d\u00e1 dal\u0161\u00ed melodie s\u00a0textem:\u00a0<em>\u00bbTak u\u017e m\u00e1me, co jsme cht\u011bli\u00ab<\/em>\u00a0z\u00a0pades\u00e1t\u00fdch let.<\/p>\n<figure class=\"wp-block-embed is-type-video is-provider-youtube wp-block-embed-youtube wp-embed-aspect-16-9 wp-has-aspect-ratio\">\n<div class=\"wp-block-embed__wrapper\"><iframe loading=\"lazy\" title=\"1948 - Budujeme (Vyhr\u0148me si ruk\u00e1vy)\" src=\"https:\/\/www.youtube.com\/embed\/fH8tpq9Cgik?feature=oembed\" width=\"100%\" height=\"360\" frameborder=\"0\" allowfullscreen=\"allowfullscreen\" data-mce-fragment=\"1\"><\/iframe><\/div>\n<\/figure>\n<p>&nbsp;<\/p>\n<p>J\u00e1 jako skladatel se ov\u0161em mus\u00edm sklonit p\u0159ed geni\u00e1ln\u00ed melodi\u00ed V\u00e1clava Dobi\u00e1\u0161e a textem b\u00e1sn\u00edka Franti\u0161ka Halase. Budeme si muset vyhrnout ruk\u00e1vy, abychom p\u0159e\u017eili.<\/p>\n<p>A po p\u0159e\u010dten\u00ed manu\u00e1lu ministerstva vnitra \u00bbKRIT\u00ab si i j\u00e1 budu muset d\u00e1t pozor, \u00bbaby si pro m\u011b nep\u0159i\u0161li\u00ab pro pod\u00e1n\u00ed vysv\u011btlen\u00ed, jak jsem to s t\u00edmto \u010dl\u00e1nkem myslel.<\/p>\n<p><strong>Petr Hannig, p\u0159edseda pol. str. Rozumn\u00ed, b\u00fdval\u00fd prezidentsk\u00fd kandid\u00e1t<\/strong><\/p>\n<p>&nbsp;<\/p>\n<p><img decoding=\"async\" loading=\"lazy\" class=\"wp-image-19187 aligncenter\" src=\"http:\/\/www.infokuryr.cz\/n\/wp-content\/uploads\/2022\/12\/1-PRO-300x36.jpg\" alt=\"\" width=\"1125\" height=\"135\" srcset=\"https:\/\/www.infokuryr.cz\/n\/wp-content\/uploads\/2022\/12\/1-PRO-300x36.jpg 300w, https:\/\/www.infokuryr.cz\/n\/wp-content\/uploads\/2022\/12\/1-PRO.jpg 699w\" sizes=\"(max-width: 1125px) 100vw, 1125px\" \/><\/p>\n<p>&nbsp;<\/p>\n<p><img decoding=\"async\" loading=\"lazy\" class=\"wp-image-22607 aligncenter\" src=\"http:\/\/www.infokuryr.cz\/n\/wp-content\/uploads\/2023\/02\/cesko_proti_bide-239x300.png\" alt=\"\" width=\"588\" height=\"738\" srcset=\"https:\/\/www.infokuryr.cz\/n\/wp-content\/uploads\/2023\/02\/cesko_proti_bide-239x300.png 239w, https:\/\/www.infokuryr.cz\/n\/wp-content\/uploads\/2023\/02\/cesko_proti_bide-816x1024.png 816w, https:\/\/www.infokuryr.cz\/n\/wp-content\/uploads\/2023\/02\/cesko_proti_bide-768x964.png 768w, https:\/\/www.infokuryr.cz\/n\/wp-content\/uploads\/2023\/02\/cesko_proti_bide.png 846w\" sizes=\"(max-width: 588px) 100vw, 588px\" \/><\/p>\n<p>&nbsp;<\/p>\n","protected":false},"excerpt":{"rendered":"<p>N\u00e1\u0161 n\u00e1rod je nevy\u010derpateln\u00e1 studnice humoru. Ten se z n\u00e1s nevytr\u00e1cel ani v t\u011bch nejhor\u0161\u00edch&#8230;<\/p>\n","protected":false},"author":2,"featured_media":12094,"comment_status":"closed","ping_status":"closed","sticky":false,"template":"","format":"standard","meta":[],"categories":[6],"tags":[1803,29,48],"_links":{"self":[{"href":"https:\/\/www.infokuryr.cz\/n\/wp-json\/wp\/v2\/posts\/22849"}],"collection":[{"href":"https:\/\/www.infokuryr.cz\/n\/wp-json\/wp\/v2\/posts"}],"about":[{"href":"https:\/\/www.infokuryr.cz\/n\/wp-json\/wp\/v2\/types\/post"}],"author":[{"embeddable":true,"href":"https:\/\/www.infokuryr.cz\/n\/wp-json\/wp\/v2\/users\/2"}],"replies":[{"embeddable":true,"href":"https:\/\/www.infokuryr.cz\/n\/wp-json\/wp\/v2\/comments?post=22849"}],"version-history":[{"count":0,"href":"https:\/\/www.infokuryr.cz\/n\/wp-json\/wp\/v2\/posts\/22849\/revisions"}],"wp:featuredmedia":[{"embeddable":true,"href":"https:\/\/www.infokuryr.cz\/n\/wp-json\/wp\/v2\/media\/12094"}],"wp:attachment":[{"href":"https:\/\/www.infokuryr.cz\/n\/wp-json\/wp\/v2\/media?parent=22849"}],"wp:term":[{"taxonomy":"category","embeddable":true,"href":"https:\/\/www.infokuryr.cz\/n\/wp-json\/wp\/v2\/categories?post=22849"},{"taxonomy":"post_tag","embeddable":true,"href":"https:\/\/www.infokuryr.cz\/n\/wp-json\/wp\/v2\/tags?post=22849"}],"curies":[{"name":"wp","href":"https:\/\/api.w.org\/{rel}","templated":true}]}}