{"id":22775,"date":"2023-02-12T05:40:33","date_gmt":"2023-02-12T04:40:33","guid":{"rendered":"http:\/\/www.infokuryr.cz\/n\/?p=22775"},"modified":"2023-02-12T05:42:13","modified_gmt":"2023-02-12T04:42:13","slug":"v-cine-oznamili-otresne-detaily-incidentu-na-nord-stream","status":"publish","type":"post","link":"https:\/\/www.infokuryr.cz\/n\/2023\/02\/12\/v-cine-oznamili-otresne-detaily-incidentu-na-nord-stream\/","title":{"rendered":"V \u010c\u00edn\u011b ozn\u00e1mili \u201eot\u0159esn\u00e9\u201c detaily incidentu na Nord Stream"},"content":{"rendered":"<div id=\"fb-root\"><\/div>\n<p><strong>Sv\u011bt mus\u00ed p\u0159e\u0161et\u0159it sv\u016fj vztah k USA kv\u016fli teroristick\u00fdm \u010din\u016fm na plynovodech Nord Stream a Nord Stream 2, napsali pozorovatel\u00e9 \u010d\u00ednsk\u00fdch novin Huanqiu.<\/strong><\/p>\n<p>Jak vysv\u011btlili auto\u0159i \u010dl\u00e1nku, mezin\u00e1rodn\u00ed spole\u010denstv\u00ed mus\u00ed nehled\u011b na odpor n\u011bkter\u00fdch st\u00e1t\u016f zareagovat na detaily pod\u00edlu vl\u00e1dy USA na incidentu, kter\u00e9 byly zve\u0159ejn\u011bny d\u00edky vy\u0161et\u0159ov\u00e1n\u00ed novin\u00e1\u0159e Hershe.<\/p>\n<p>\u201eZve\u0159ejn\u011bn\u00e9 detaily ohromuj\u00ed. Bylo nap\u0159\u00edklad ozn\u00e1meno, \u017ee Washington tu akci tajn\u011b pl\u00e1noval od konce roku 2021, dlouho p\u0159ed za\u010d\u00e1tkem rusko-ukrajinsk\u00e9ho konfliktu. V pr\u016fb\u011bhu v\u00edce ne\u017e dev\u00edtim\u011bs\u00ed\u010dn\u00edch debat se soust\u0159edil Washington nikoli na ot\u00e1zku, jestli m\u00e1 vyhodit plynovod Nord Stream do pov\u011bt\u0159\u00ed, ale na to, aby po sob\u011b nezanechal \u017e\u00e1dn\u00e9 stopy, a proto bylo v\u0161echno d\u016fkladn\u011b\u00a0<a href=\"https:\/\/jppx.azurewebsites.net\/browse.php?u=https%3A%2F%2Fopinion.huanqiu.com%2Farticle%2F4BdWprYaZYS&amp;b=8\">napl\u00e1nov\u00e1no<\/a>, kdo, kde a kdy to ud\u011bl\u00e1,\u201c vysv\u011btlili v novin\u00e1ch.<\/p>\n<p>Podle n\u00e1zoru \u010d\u00ednsk\u00fdch novin\u00e1\u0159\u016f zni\u010den\u00ed rusko-n\u011bmeck\u00e9ho projektu m\u011blo pro B\u00edl\u00fd d\u016fm obrovsk\u00fd politick\u00fd a ekonomick\u00fd v\u00fdznam. \u201eS vyhozen\u00edm do pov\u011bt\u0159\u00ed plynovodu Nord Stream byl zbo\u0159en jedin\u00fd zb\u00fdvaj\u00edc\u00ed most pro budov\u00e1n\u00ed spole\u010dn\u00e9 bezpe\u010dnosti v Evrop\u011b, a to znamen\u00e1, \u017ee z\u00e1padoevropsk\u00e9 zem\u011b mus\u00ed u\u010dinit volbu ve prosp\u011bch \u00fazk\u00e9ho spojen\u00ed s USA v konfliktu mezi Ruskem a Ukrajinou,\u201c podotkli auto\u0159i.<\/p>\n<p><img decoding=\"async\" loading=\"lazy\" class=\"alignnone size-full wp-image-1185\" src=\"http:\/\/www.infokuryr.cz\/n\/wp-content\/uploads\/2021\/04\/kuryr-podpis.png\" alt=\"\" width=\"84\" height=\"24\" \/><\/p>\n<p>&nbsp;<\/p>\n<p><img decoding=\"async\" loading=\"lazy\" class=\"wp-image-19187 aligncenter\" src=\"http:\/\/www.infokuryr.cz\/n\/wp-content\/uploads\/2022\/12\/1-PRO-300x36.jpg\" alt=\"\" width=\"1133\" height=\"136\" srcset=\"https:\/\/www.infokuryr.cz\/n\/wp-content\/uploads\/2022\/12\/1-PRO-300x36.jpg 300w, https:\/\/www.infokuryr.cz\/n\/wp-content\/uploads\/2022\/12\/1-PRO.jpg 699w\" sizes=\"(max-width: 1133px) 100vw, 1133px\" \/><\/p>\n<p>&nbsp;<\/p>\n<p>&nbsp;<\/p>\n<p><img decoding=\"async\" loading=\"lazy\" class=\"wp-image-22607 aligncenter\" src=\"http:\/\/www.infokuryr.cz\/n\/wp-content\/uploads\/2023\/02\/cesko_proti_bide-239x300.png\" alt=\"\" width=\"584\" height=\"733\" srcset=\"https:\/\/www.infokuryr.cz\/n\/wp-content\/uploads\/2023\/02\/cesko_proti_bide-239x300.png 239w, https:\/\/www.infokuryr.cz\/n\/wp-content\/uploads\/2023\/02\/cesko_proti_bide-816x1024.png 816w, https:\/\/www.infokuryr.cz\/n\/wp-content\/uploads\/2023\/02\/cesko_proti_bide-768x964.png 768w, https:\/\/www.infokuryr.cz\/n\/wp-content\/uploads\/2023\/02\/cesko_proti_bide.png 846w\" sizes=\"(max-width: 584px) 100vw, 584px\" \/><\/p>\n","protected":false},"excerpt":{"rendered":"<p>Sv\u011bt mus\u00ed p\u0159e\u0161et\u0159it sv\u016fj vztah k USA kv\u016fli teroristick\u00fdm \u010din\u016fm na plynovodech Nord Stream a&#8230;<\/p>\n","protected":false},"author":2,"featured_media":18125,"comment_status":"closed","ping_status":"closed","sticky":false,"template":"","format":"standard","meta":[],"categories":[7],"tags":[415,273,36,37],"_links":{"self":[{"href":"https:\/\/www.infokuryr.cz\/n\/wp-json\/wp\/v2\/posts\/22775"}],"collection":[{"href":"https:\/\/www.infokuryr.cz\/n\/wp-json\/wp\/v2\/posts"}],"about":[{"href":"https:\/\/www.infokuryr.cz\/n\/wp-json\/wp\/v2\/types\/post"}],"author":[{"embeddable":true,"href":"https:\/\/www.infokuryr.cz\/n\/wp-json\/wp\/v2\/users\/2"}],"replies":[{"embeddable":true,"href":"https:\/\/www.infokuryr.cz\/n\/wp-json\/wp\/v2\/comments?post=22775"}],"version-history":[{"count":1,"href":"https:\/\/www.infokuryr.cz\/n\/wp-json\/wp\/v2\/posts\/22775\/revisions"}],"predecessor-version":[{"id":22776,"href":"https:\/\/www.infokuryr.cz\/n\/wp-json\/wp\/v2\/posts\/22775\/revisions\/22776"}],"wp:featuredmedia":[{"embeddable":true,"href":"https:\/\/www.infokuryr.cz\/n\/wp-json\/wp\/v2\/media\/18125"}],"wp:attachment":[{"href":"https:\/\/www.infokuryr.cz\/n\/wp-json\/wp\/v2\/media?parent=22775"}],"wp:term":[{"taxonomy":"category","embeddable":true,"href":"https:\/\/www.infokuryr.cz\/n\/wp-json\/wp\/v2\/categories?post=22775"},{"taxonomy":"post_tag","embeddable":true,"href":"https:\/\/www.infokuryr.cz\/n\/wp-json\/wp\/v2\/tags?post=22775"}],"curies":[{"name":"wp","href":"https:\/\/api.w.org\/{rel}","templated":true}]}}