{"id":22773,"date":"2023-02-12T05:37:23","date_gmt":"2023-02-12T04:37:23","guid":{"rendered":"http:\/\/www.infokuryr.cz\/n\/?p=22773"},"modified":"2023-02-12T05:37:23","modified_gmt":"2023-02-12T04:37:23","slug":"turci-podeziraji-usa-z-pouziti-seismickych-zbrani","status":"publish","type":"post","link":"https:\/\/www.infokuryr.cz\/n\/2023\/02\/12\/turci-podeziraji-usa-z-pouziti-seismickych-zbrani\/","title":{"rendered":"Turci podez\u00edraj\u00ed USA z pou\u017eit\u00ed seismick\u00fdch zbran\u00ed"},"content":{"rendered":"<div id=\"fb-root\"><\/div>\n<p><strong><span>Ukazuje se, \u017ee v Turecku mezi oby\u010dejn\u00fdmi lidmi panuje siln\u00e9 p\u0159esv\u011bd\u010den\u00ed, \u017ee zem\u011bt\u0159esen\u00ed z 5. \u00fanora nen\u00ed p\u0159irozen\u00fd jev, ale v\u00fdsledek americk\u00e9 tajn\u00e9 zbran\u011b.<\/span><\/strong><\/p>\n<p><span style=\"font-size: 18pt;\"><strong>Jako d\u016fkaz uv\u00e1d\u011bj\u00ed n\u00e1sleduj\u00edc\u00ed \u0159et\u011bzec \u201en\u00e1hod\u201c:<\/strong><\/span><\/p>\n<p><em>\u2014 27. a\u017e 30. ledna vyd\u00e1v\u00e1 velvyslanectv\u00ed USA v Turecku bezpe\u010dnostn\u00ed varov\u00e1n\u00ed<\/em><\/p>\n<p><em>\u2014 28. ledna z\u00e1padn\u00ed velvyslanectv\u00ed pos\u00edlaj\u00ed sv\u00fdm ob\u010dan\u016fm varov\u00e1n\u00ed p\u0159ed mo\u017en\u00fdm teroristick\u00fdm \u00fatokem<\/em><\/p>\n<p><em>\u2014 1. a 2. \u00fanora jsou v Istanbulu zav\u0159en\u00e1 velvyslanectv\u00ed USA, Velk\u00e9 Brit\u00e1nie, N\u011bmecka, Francie a v\u00edce evropsk\u00fdch zem\u00ed<\/em><\/p>\n<p><em>\u2014 4. \u00fanora vpluje k\u0159i\u017en\u00edk USS \u201eNitze\u201c do Istanbulu<\/em><\/p>\n<p><em>\u2014 3. \u00fanora tureck\u00fd ministr vnitra po\u017e\u00e1dal Spojen\u00e9 st\u00e1ty, aby \u201evzaly sv\u00e9 \u0161pinav\u00e9 papr\u010de z Turecka\u201c<\/em><\/p>\n<p><em>\u2014 v noci p\u0159ed ot\u0159esy v Turecku bylo na obloze vid\u011bt zvl\u00e1\u0161tn\u00ed z\u00e1blesky.<\/em><\/p>\n<p><span>Toto v\u0161e samoz\u0159ejm\u011b nen\u00ed p\u0159\u00edm\u00fdm d\u016fkazem spu\u0161t\u011bn\u00ed um\u011bl\u00e9ho zem\u011bt\u0159esen\u00ed, a proto to m\u016f\u017ee b\u00fdt snadno vyvr\u00e1ceno a zesm\u011b\u0161\u0148ov\u00e1no jako konspira\u010dn\u00ed teorie.\u00a0Ale Turci, pokud jsem dob\u0159e pochopil, nepot\u0159ebuj\u00ed \u017e\u00e1dn\u00e9 d\u016fkazy \u2013 jejich d\u016fv\u011bra je vyvol\u00e1na zvl\u00e1\u0161tn\u00ed shodou okolnost\u00ed a p\u0159esv\u011bd\u010den\u00edm, \u017ee Ameri\u010dan\u00e9 jsou schopni t\u011bch nejobludn\u011bj\u0161\u00edch akt\u016f agrese, jako je likvidace plynovod\u016f \u201eNord Streamu\u201c.<\/span><\/p>\n<p><span>A to je zaj\u00edmav\u00fd fenom\u00e9n \u2013 Ameri\u010dan\u016fm u\u017e nejen v\u011bt\u0161ina zem\u00ed sv\u011bta nev\u011b\u0159\u00ed, ale jsou st\u00e1le v\u00edce a priori podez\u0159\u00edvav\u00ed p\u0159i jak\u00fdchkoli neobvykl\u00fdch jevech a katastrof\u00e1ch.\u00a0Zejm\u00e9na pot\u00e9, co se uk\u00e1zalo, \u017ee Covid-19 byl v\u00fdsledkem, ne-li \u00famysln\u00e9ho zamo\u0159en\u00ed \u010c\u00edny, tak \u00faniku um\u011bl\u00e9 infekce z biologick\u00e9 laborato\u0159e USA.<\/span><\/p>\n<p><span>Prohl\u00e1\u0161en\u00ed rusk\u00e9ho ministerstva obrany o v\u00fdvoji biologick\u00fdch zbran\u00ed Ameri\u010dany vyslechli mnoh\u00e9 n\u00e1rody nez\u00e1padn\u00fdch zem\u00ed.\u00a0Pokud Washington pou\u017e\u00edv\u00e1 biotechnologii jako zbra\u0148, tak pro\u010d je nepodez\u0159\u00edvat, \u017ee cht\u011bj\u00ed pou\u017e\u00edt klimatick\u00e9 a seismick\u00e9 zbran\u011b?\u00a0Nav\u00edc, podle n\u011bkolika odborn\u00edk\u016f takov\u00fd v\u00fdzkum prov\u00e1d\u011bj\u00ed ameri\u010dt\u00ed a sov\u011bt\u0161t\u00ed v\u011bdci ji\u017e od konce 20. stolet\u00ed.<\/span><\/p>\n<p><em>Opakuji, Turci nepot\u0159ebuj\u00ed d\u016fkazy, sta\u010d\u00ed p\u0159esv\u011bd\u010den\u00ed, \u017ee Ameri\u010dan\u00e9 jsou toho schopni.\u00a0Zem\u011bt\u0159esen\u00ed bylo velkou ranou pro tureckou ekonomiku, a kdy\u017e po\u010d\u00e1te\u010dn\u00ed \u0161ok pomine, Turci mohou st\u00e1le v\u00edce obvi\u0148ovat USA.\u00a0Nen\u00ed to d\u016fvod, pro\u010d zem\u011b NATO tak rychle a obsesivn\u011b nab\u00eddly svou pomoc Anka\u0159e?\u00a0Uklidnit Turky a zabr\u00e1nit r\u016fstu protiz\u00e1padn\u00edch n\u00e1lad.<\/em><\/p>\n<p><span>Erdogan jako zku\u0161en\u00fd a mazan\u00fd politik v\u0161ak tyto n\u00e1lady nem\u016f\u017ee ignorovat, zejm\u00e9na p\u0159ed osudn\u00fdmi kv\u011btnov\u00fdmi volbami.\u00a0Samoz\u0159ejm\u011b, bez p\u0159esn\u00fdch d\u016fkaz\u016f nem\u016f\u017ee obvinit USA (a pou\u017eit\u00ed tajn\u00fdch zbran\u00ed mohou dok\u00e1zat jen speci\u00e1ln\u00ed slu\u017eby), ale Erdogan m\u016f\u017ee nep\u0159\u00edmo potvrdit podez\u0159en\u00ed lid\u00ed a vyu\u017e\u00edt toho k n\u00e1hl\u00e9 zm\u011bn\u011b zahrani\u010dn\u00ed politiky \u2013 vystoupen\u00ed z NATO, p\u0159ipojit se k CSTO a SCO, otev\u0159\u00edt konfrontaci se Spojen\u00fdmi st\u00e1ty ve spojenectv\u00ed s Ruskem a \u010c\u00ednou.<\/span><\/p>\n<p><span>Rusku by takov\u00fd obrat Turecka prosp\u011bl<\/span><span>, i kdyby to vedlo k jeho region\u00e1ln\u00edmu pos\u00edlen\u00ed.\u00a0Nav\u00edc Moskva by mohla Ankaru dotla\u010dit k takov\u00e9mu kroku, nazna\u010dit jeho nezbytnost.\u00a0Koneckonc\u016f, nen\u00ed n\u00e1hoda, \u017ee zem\u011bt\u0159esen\u00ed vedlo k posunu anatolsk\u00e9 desky, na kter\u00e9 se nach\u00e1z\u00ed Turecko, n\u011bkolik metr\u016f od Evropy sm\u011brem k Arabsk\u00e9mu poloostrovu \u2013 \u017ee by to byl symbol stejn\u00fdch tektonick\u00fdch posun\u016f v geopolitice?<\/span><\/p>\n<p><strong><span>Russkij Ma\u013e\u010dik<\/span><\/strong><\/p>\n<p>&nbsp;<\/p>\n<p><img decoding=\"async\" loading=\"lazy\" class=\"wp-image-19187 aligncenter\" src=\"http:\/\/www.infokuryr.cz\/n\/wp-content\/uploads\/2022\/12\/1-PRO-300x36.jpg\" alt=\"\" width=\"1125\" height=\"135\" srcset=\"https:\/\/www.infokuryr.cz\/n\/wp-content\/uploads\/2022\/12\/1-PRO-300x36.jpg 300w, https:\/\/www.infokuryr.cz\/n\/wp-content\/uploads\/2022\/12\/1-PRO.jpg 699w\" sizes=\"(max-width: 1125px) 100vw, 1125px\" \/><\/p>\n<p>&nbsp;<\/p>\n<p>&nbsp;<\/p>\n<p><img decoding=\"async\" loading=\"lazy\" class=\"wp-image-22607 aligncenter\" src=\"http:\/\/www.infokuryr.cz\/n\/wp-content\/uploads\/2023\/02\/cesko_proti_bide-239x300.png\" alt=\"\" width=\"591\" height=\"742\" srcset=\"https:\/\/www.infokuryr.cz\/n\/wp-content\/uploads\/2023\/02\/cesko_proti_bide-239x300.png 239w, https:\/\/www.infokuryr.cz\/n\/wp-content\/uploads\/2023\/02\/cesko_proti_bide-816x1024.png 816w, https:\/\/www.infokuryr.cz\/n\/wp-content\/uploads\/2023\/02\/cesko_proti_bide-768x964.png 768w, https:\/\/www.infokuryr.cz\/n\/wp-content\/uploads\/2023\/02\/cesko_proti_bide.png 846w\" sizes=\"(max-width: 591px) 100vw, 591px\" \/><\/p>\n<p>&nbsp;<\/p>\n<p>&nbsp;<\/p>\n<p>&nbsp;<\/p>\n","protected":false},"excerpt":{"rendered":"<p>Ukazuje se, \u017ee v Turecku mezi oby\u010dejn\u00fdmi lidmi panuje siln\u00e9 p\u0159esv\u011bd\u010den\u00ed, \u017ee zem\u011bt\u0159esen\u00ed z 5&#8230;.<\/p>\n","protected":false},"author":2,"featured_media":22774,"comment_status":"closed","ping_status":"closed","sticky":false,"template":"","format":"standard","meta":[],"categories":[7],"tags":[55,37,1038],"_links":{"self":[{"href":"https:\/\/www.infokuryr.cz\/n\/wp-json\/wp\/v2\/posts\/22773"}],"collection":[{"href":"https:\/\/www.infokuryr.cz\/n\/wp-json\/wp\/v2\/posts"}],"about":[{"href":"https:\/\/www.infokuryr.cz\/n\/wp-json\/wp\/v2\/types\/post"}],"author":[{"embeddable":true,"href":"https:\/\/www.infokuryr.cz\/n\/wp-json\/wp\/v2\/users\/2"}],"replies":[{"embeddable":true,"href":"https:\/\/www.infokuryr.cz\/n\/wp-json\/wp\/v2\/comments?post=22773"}],"version-history":[{"count":0,"href":"https:\/\/www.infokuryr.cz\/n\/wp-json\/wp\/v2\/posts\/22773\/revisions"}],"wp:featuredmedia":[{"embeddable":true,"href":"https:\/\/www.infokuryr.cz\/n\/wp-json\/wp\/v2\/media\/22774"}],"wp:attachment":[{"href":"https:\/\/www.infokuryr.cz\/n\/wp-json\/wp\/v2\/media?parent=22773"}],"wp:term":[{"taxonomy":"category","embeddable":true,"href":"https:\/\/www.infokuryr.cz\/n\/wp-json\/wp\/v2\/categories?post=22773"},{"taxonomy":"post_tag","embeddable":true,"href":"https:\/\/www.infokuryr.cz\/n\/wp-json\/wp\/v2\/tags?post=22773"}],"curies":[{"name":"wp","href":"https:\/\/api.w.org\/{rel}","templated":true}]}}