{"id":22767,"date":"2023-02-12T05:16:42","date_gmt":"2023-02-12T04:16:42","guid":{"rendered":"http:\/\/www.infokuryr.cz\/n\/?p=22767"},"modified":"2023-02-12T05:16:42","modified_gmt":"2023-02-12T04:16:42","slug":"dnes-se-v-berline-opakuji-zfalsovane-volby-z-roku-2021","status":"publish","type":"post","link":"https:\/\/www.infokuryr.cz\/n\/2023\/02\/12\/dnes-se-v-berline-opakuji-zfalsovane-volby-z-roku-2021\/","title":{"rendered":"Dnes se v Berl\u00edn\u011b opakuj\u00ed zfal\u0161ovan\u00e9 volby z roku 2021"},"content":{"rendered":"<div id=\"fb-root\"><\/div>\n<h2 class=\"entry-title\">V \u010desk\u00fdch re\u017eimn\u00edch medi\u00edch o tom nen\u00ed ani slovo. Tohle je ten boj proti \u201edezinformac\u00edm\u201c?<\/h2>\n<p><strong>Dnes prob\u00edhaj\u00ed po cel\u00e9m\u00a0<a href=\"https:\/\/www.rnd.de\/politik\/landtagswahlen-2023-berlin-bremen-bayern-hessen-bundeslaender-und-termine-in-der-uebersicht-7CVMJLKFLNBYBEZDU7YDWIA3NU.html\">Berl\u00edn\u011b opakovan\u00e9 volby<\/a>\u00a0do zemsk\u00e9ho parlamentu, okres\u016f a \u010d\u00e1ste\u010dn\u011b i do spolkov\u00e9ho sn\u011bmu. Ty p\u016fvodn\u00ed z roku 2021 toti\u017e soudy pro rozs\u00e1hl\u00e9 volebn\u00ed manipulace a podvody ze strany liber\u00e1ln\u011b demokratick\u00e9ho re\u017eimu musel zru\u0161it. Rozsah tehdej\u0161\u00edch volebn\u00edch \u201enesrovnalost\u00ed\u201c rozum\u011bj podvod\u016f a fal\u0161ov\u00e1n\u00ed byl tak obrovsk\u00fd, \u017ee u\u017e to bylo moc i na prore\u017eimn\u00ed media a soudy.<\/strong>\u00a0O co tenkr\u00e1t \u0161lo?<\/p>\n<p>Jen p\u00e1r p\u0159\u00edklad\u016f, v\u00a0<strong>\u0159ad\u011b volebn\u00edch m\u00edstnost\u00ed nebyly k dispozici volebn\u00ed l\u00edstky opozice, nebo byly volebn\u00ed l\u00edstky opozice roztr\u017een\u00e9 a tedy n\u00e1sledn\u011b prohl\u00e1\u0161en\u00e9 za neplatn\u00e9. Jinde zase na \u010das zav\u0159eli volebn\u00ed m\u00edstnosti a kdy\u017e se vytvo\u0159ila velk\u00e1 fronta, tak odm\u00edtli nechat lidi odvolit<\/strong>.\u00a0<strong>V n\u011bkter\u00fdch okrsc\u00edch byla volebn\u00ed \u00fa\u010dast t\u0159eba i 150%.<\/strong> Jist\u011b nikoho nep\u0159ekvapilo, \u017ee v t\u011bchto liber\u00e1ln\u011b demokratick\u00fdch volb\u00e1ch zcela \u201ezv\u00edt\u011bzily\u201c strany establishmentu.<\/p>\n<p>Fal\u0161ov\u00e1n\u00ed voleb v liber\u00e1ln\u00edch demokraci\u00edch je dnes standardem a jedin\u00fdm prost\u0159edkem, jak se vl\u00e1dnouc\u00ed re\u017eim dok\u00e1\u017ee udr\u017eet u moci. USA, Rakousko, N\u011bmecko (opakovan\u011b( a koneckonc\u016f i podivn\u00e9 posledn\u00ed parlamentn\u00ed volby, kdy strany SPOLU n\u00e1hle z\u00edskaly mnohem v\u00edce procent, ne\u017e m\u011bli ve volebn\u00edch odhadech od agentur, kter\u00e9 jim v\u017edy p\u0159id\u00e1valy.<\/p>\n<p><strong>Jedna v\u011bc \u010desk\u00e9ho a slovensk\u00e9ho \u010dten\u00e1\u0159e jist\u011b nep\u0159ekvap\u00ed. O t\u011bchto opakovan\u00fdch volb\u00e1ch nenajde v \u010desk\u00e9m ofici\u00e1ln\u00edm mainstremu ani slovo. Jedin\u00e9 informace o t\u00e9to nepochybn\u011b velmi v\u00fdznamn\u00e9 ud\u00e1losti u sousedn\u00ed velmoci najde \u010dten\u00e1\u0159 na alternativn\u00edch medi\u00edch jako www.ceskavec.com. Nen\u00ed divu, \u017ee je chce re\u017eim zak\u00e1zat a jejich \u0161i\u0159itele zav\u00edrat do v\u011bzen\u00ed. \u010ceho se s\u00edly zla po cel\u00e1 stalet\u00ed boj\u00ed nejv\u00edc, je pravda!<\/strong><\/p>\n<p><a href=\"https:\/\/ceskavec.com\/2023\/02\/dnes-se-v-berline-opakuji-zfalsovane-volby-z-roku-2021-v-ceskych-rezimnich-mediich-o-tom-neni-ani-slovo-tohle-je-ten-boj-proti-dezinformacim\">\u010cesk\u00e1 v\u011bc<\/a><\/p>\n<p>&nbsp;<\/p>\n<p><img decoding=\"async\" loading=\"lazy\" class=\"wp-image-19187 aligncenter\" src=\"http:\/\/www.infokuryr.cz\/n\/wp-content\/uploads\/2022\/12\/1-PRO-300x36.jpg\" alt=\"\" width=\"1142\" height=\"137\" srcset=\"https:\/\/www.infokuryr.cz\/n\/wp-content\/uploads\/2022\/12\/1-PRO-300x36.jpg 300w, https:\/\/www.infokuryr.cz\/n\/wp-content\/uploads\/2022\/12\/1-PRO.jpg 699w\" sizes=\"(max-width: 1142px) 100vw, 1142px\" \/><\/p>\n<p>&nbsp;<\/p>\n<p>&nbsp;<\/p>\n<p><img decoding=\"async\" loading=\"lazy\" class=\"wp-image-22607 aligncenter\" src=\"http:\/\/www.infokuryr.cz\/n\/wp-content\/uploads\/2023\/02\/cesko_proti_bide-239x300.png\" alt=\"\" width=\"603\" height=\"757\" srcset=\"https:\/\/www.infokuryr.cz\/n\/wp-content\/uploads\/2023\/02\/cesko_proti_bide-239x300.png 239w, https:\/\/www.infokuryr.cz\/n\/wp-content\/uploads\/2023\/02\/cesko_proti_bide-816x1024.png 816w, https:\/\/www.infokuryr.cz\/n\/wp-content\/uploads\/2023\/02\/cesko_proti_bide-768x964.png 768w, https:\/\/www.infokuryr.cz\/n\/wp-content\/uploads\/2023\/02\/cesko_proti_bide.png 846w\" sizes=\"(max-width: 603px) 100vw, 603px\" \/><\/p>\n<p>&nbsp;<\/p>\n","protected":false},"excerpt":{"rendered":"<p>V \u010desk\u00fdch re\u017eimn\u00edch medi\u00edch o tom nen\u00ed ani slovo. Tohle je ten boj proti \u201edezinformac\u00edm\u201c?&#8230;<\/p>\n","protected":false},"author":2,"featured_media":22769,"comment_status":"closed","ping_status":"closed","sticky":false,"template":"","format":"standard","meta":[],"categories":[7],"tags":[2468,84,497,27],"_links":{"self":[{"href":"https:\/\/www.infokuryr.cz\/n\/wp-json\/wp\/v2\/posts\/22767"}],"collection":[{"href":"https:\/\/www.infokuryr.cz\/n\/wp-json\/wp\/v2\/posts"}],"about":[{"href":"https:\/\/www.infokuryr.cz\/n\/wp-json\/wp\/v2\/types\/post"}],"author":[{"embeddable":true,"href":"https:\/\/www.infokuryr.cz\/n\/wp-json\/wp\/v2\/users\/2"}],"replies":[{"embeddable":true,"href":"https:\/\/www.infokuryr.cz\/n\/wp-json\/wp\/v2\/comments?post=22767"}],"version-history":[{"count":0,"href":"https:\/\/www.infokuryr.cz\/n\/wp-json\/wp\/v2\/posts\/22767\/revisions"}],"wp:featuredmedia":[{"embeddable":true,"href":"https:\/\/www.infokuryr.cz\/n\/wp-json\/wp\/v2\/media\/22769"}],"wp:attachment":[{"href":"https:\/\/www.infokuryr.cz\/n\/wp-json\/wp\/v2\/media?parent=22767"}],"wp:term":[{"taxonomy":"category","embeddable":true,"href":"https:\/\/www.infokuryr.cz\/n\/wp-json\/wp\/v2\/categories?post=22767"},{"taxonomy":"post_tag","embeddable":true,"href":"https:\/\/www.infokuryr.cz\/n\/wp-json\/wp\/v2\/tags?post=22767"}],"curies":[{"name":"wp","href":"https:\/\/api.w.org\/{rel}","templated":true}]}}