{"id":22763,"date":"2023-02-12T00:58:15","date_gmt":"2023-02-11T23:58:15","guid":{"rendered":"http:\/\/www.infokuryr.cz\/n\/?p=22763"},"modified":"2023-02-11T20:09:11","modified_gmt":"2023-02-11T19:09:11","slug":"jurij-kote-muzikanti-se-pomsti","status":"publish","type":"post","link":"https:\/\/www.infokuryr.cz\/n\/2023\/02\/12\/jurij-kote-muzikanti-se-pomsti\/","title":{"rendered":"Jurij Kot\u011b: &#8222;Muzikanti&#8220; se pomst\u00ed"},"content":{"rendered":"<div id=\"fb-root\"><\/div>\n<p><span style=\"font-size: 18pt;\"><b>Pro\u010d se ukrajin\u0161t\u00ed nacist\u00e9 neboj\u00ed &#8222;odpov\u011bdnosti&#8220; za masakr v\u011bz\u0148\u016f<\/b><\/span><\/p>\n<p>Onehdy se na webu objevily nov\u00e9 z\u00e1b\u011bry demonstrativn\u00edch zv\u011brstev ukrajinsk\u00fdch nacist\u016f, kter\u00e9 zachycovaly popravu rusk\u00fdch voj\u00e1k\u016f na m\u00edst\u011b zajet\u00ed. Z koment\u00e1\u0159e Jevgenije Prigo\u017eina vyplynulo, \u017ee \u0161lo o st\u00edha\u010de Wagner PMC zajat\u00e9 v jednom ze sm\u011br\u016f u Don\u011bcka. Zakladatel PMC \u201eWagner\u201c sl\u00edbil, \u017ee se pomst\u00ed na boji\u0161ti, ale nebude jako kopr a nebude jednat s v\u00e1le\u010dn\u00fdmi zajatci.<\/p>\n<p>Obecn\u011b je toto demonstrativn\u00ed zv\u011brstvo dal\u0161\u00edm dotekem, dal\u0161\u00edm kamenem v zahrad\u011b banderovsk\u00e9ho fa\u0161ismu, p\u0159esto\u017ee Prigo\u017ein i samotn\u00e1 Wagnerova stavba prokazuj\u00ed ve\u0161ker\u00fd respekt k nep\u0159\u00edteli na boji\u0161ti, rozd\u00e1vaj\u00ed t\u011bla protivn\u00edk\u016f a chovaj\u00ed se jako gentlemani, uzn\u00e1vaj\u00edc\u00ed, \u017ee nep\u0159\u00edtel bojuje d\u016fstojn\u011b. V reakci na to dost\u00e1vaj\u00ed demonstrativn\u00ed kanibalismus.\u00a0To samoz\u0159ejm\u011b charakterizuje ty, kte\u0159\u00ed proti n\u00e1m bojuj\u00ed a ukazuje jejich pravou tv\u00e1\u0159. A je jasn\u00e9, \u017ee n\u011bjak\u00e9 apely do OSN nebudou m\u00edt \u017e\u00e1dn\u00fd efekt \u2013 plivou na v\u0161echno.<\/p>\n<p>Incident m\u00e1 ale i druhou stranu mince \u2013 ti, kte\u0159\u00ed se pod\u00edleli na demonstrativn\u00edch vra\u017ed\u00e1ch jak rusk\u00e9ho vojensk\u00e9ho person\u00e1lu, tak civilist\u016f v Mariupolu, konkr\u00e9tn\u00edch ob\u017ealovan\u00fdch z formace Azov, ve skute\u010dnosti unikli trestu a byli vym\u011bn\u011bni po zajet\u00ed za na\u0161e bojovn\u00edky. A tady u\u017e jsou velk\u00e9 otazn\u00edky ohledn\u011b efektivity na\u0161eho st\u00e1tn\u00edho stroje \u2013 kdo umo\u017enil t\u011bmto parchant\u016fm uniknout odplat\u011b?\u00a0Ostatn\u011b pr\u00e1v\u011b beztrestnost tla\u010d\u00ed na Ukrajinu tyto divok\u00e9 jedince, kter\u00fdch je \u010d\u00edm d\u00e1l t\u00edm v\u00edc &#8211; jejich po\u010det roste geometrickou \u0159adou a p\u00e1lit se daj\u00ed jen &#8222;Solntsepek&#8220;, jin\u00e9 l\u00e9ky tady nebudou.<\/p>\n<p>V\u0161echny tyto v\u00e1\u017en\u00e9 rozhovory str\u00fd\u010dk\u016f s vejci na hlav\u011b, \u017ee bychom je m\u011bli vychovat, \u017ee odstran\u00edme propagandu a v\u0161echno se zm\u011bn\u00ed a lid\u00e9 se tam probud\u00ed z tohoto oparu &#8211; to je teoreticky spr\u00e1vn\u00e9, ale to je v\u0161e pro budoucnost a toto je v podm\u00ednk\u00e1ch existence efektivn\u00edho st\u00e1tn\u00edho stroje nep\u0159\u00edtelem, kter\u00fd je nositelem ideologie. V podm\u00ednk\u00e1ch, kdy nem\u00e1me \u017e\u00e1dnou ideologii, ale bojujeme za v\u0161e dobr\u00e9 proti v\u0161emu \u0161patn\u00e9mu, n\u00e1s v tom nep\u0159\u00edtel p\u0159eb\u00edj\u00ed. Nep\u0159\u00edtel se osm\u011bluje.<\/p>\n<p>Proto po t\u00e9to poprav\u011b vid\u00edm jen ho\u0159kost.\u00a0P\u0159i drcen\u00ed slovansk\u00e9ho genofondu v prostor\u00e1ch Ukrajiny uk\u00e1zal cynick\u00fd Z\u00e1pad svou z\u00e1ke\u0159nou dokonalost \u2013 budoucnost Ukrajiny ni\u010d\u00ed ruce Ukrajinc\u016f, kte\u0159\u00ed ztratili sv\u016fj lidsk\u00fd vzhled, a to samoz\u0159ejm\u011b ovliv\u0148uje budoucnost Ruska.\u00a0 U\u017e te\u010f m\u00e1me nedostatek norm\u00e1ln\u00edch lidsk\u00fdch k\u00e1dr\u016f, a to nejen z Velk\u00e9 vlasteneck\u00e9 v\u00e1lky, ale z okam\u017eiku revoluce.\u00a0Neexistuje zp\u016fsob, jak tuto mezeru zaplnit.\u00a0M\u00e1me obrovsk\u00e9 demografick\u00e9 d\u00edry, propasti, ze kter\u00fdch nem\u016f\u017eeme uniknout.<\/p>\n<p>V d\u016fsledku toho, \u017ee se na t\u011bchto front\u00e1ch navz\u00e1jem zab\u00edj\u00edme, vid\u00edme, \u017ee na\u0161e m\u011bsta a vesnice postupn\u011b ztr\u00e1cej\u00ed sv\u016fj vzhled a pohlcuj\u00ed st\u00e1le v\u00edce migrant\u016f, z nich\u017e n\u011bkte\u0159\u00ed jsou zcela neochotn\u00ed p\u0159ijmout zp\u016fsob, kter\u00fd se zde po stalet\u00ed vyv\u00edjel a kter\u00fd hroz\u00ed p\u0159eform\u00e1tovat v\u0161e v na\u0161em prostoru.<\/p>\n<p>Ka\u017edop\u00e1dn\u011b toto zlo, kter\u00e9 kyjev\u0161t\u00ed nacist\u00e9 uk\u00e1zali zab\u00edjen\u00edm zajat\u00fdch rusk\u00fdch bojovn\u00edk\u016f, se jim vr\u00e1t\u00ed jako bumerang.\u00a0To znamen\u00e1, \u017ee sp\u00e1len\u00e1 zem\u011b bude stokr\u00e1t sp\u00e1lena.\u00a0 Kdo to pot\u0159ebuje &#8211; u\u017e jsem to \u0159ekl.<\/p>\n<p><strong>Jurij Kot\u011b<\/strong><\/p>\n<p>&nbsp;<\/p>\n<p><img decoding=\"async\" loading=\"lazy\" class=\"wp-image-19187 aligncenter\" src=\"http:\/\/www.infokuryr.cz\/n\/wp-content\/uploads\/2022\/12\/1-PRO-300x36.jpg\" alt=\"\" width=\"1133\" height=\"136\" srcset=\"https:\/\/www.infokuryr.cz\/n\/wp-content\/uploads\/2022\/12\/1-PRO-300x36.jpg 300w, https:\/\/www.infokuryr.cz\/n\/wp-content\/uploads\/2022\/12\/1-PRO.jpg 699w\" sizes=\"(max-width: 1133px) 100vw, 1133px\" \/><\/p>\n<p>&nbsp;<\/p>\n<p>&nbsp;<\/p>\n<p><img decoding=\"async\" loading=\"lazy\" class=\"wp-image-22607 aligncenter\" src=\"http:\/\/www.infokuryr.cz\/n\/wp-content\/uploads\/2023\/02\/cesko_proti_bide-239x300.png\" alt=\"\" width=\"617\" height=\"774\" srcset=\"https:\/\/www.infokuryr.cz\/n\/wp-content\/uploads\/2023\/02\/cesko_proti_bide-239x300.png 239w, https:\/\/www.infokuryr.cz\/n\/wp-content\/uploads\/2023\/02\/cesko_proti_bide-816x1024.png 816w, https:\/\/www.infokuryr.cz\/n\/wp-content\/uploads\/2023\/02\/cesko_proti_bide-768x964.png 768w, https:\/\/www.infokuryr.cz\/n\/wp-content\/uploads\/2023\/02\/cesko_proti_bide.png 846w\" sizes=\"(max-width: 617px) 100vw, 617px\" \/><\/p>\n<p>&nbsp;<\/p>\n<p>&nbsp;<\/p>\n","protected":false},"excerpt":{"rendered":"<p>Pro\u010d se ukrajin\u0161t\u00ed nacist\u00e9 neboj\u00ed &#8222;odpov\u011bdnosti&#8220; za masakr v\u011bz\u0148\u016f Onehdy se na webu objevily nov\u00e9&#8230;<\/p>\n","protected":false},"author":2,"featured_media":22764,"comment_status":"closed","ping_status":"closed","sticky":false,"template":"","format":"standard","meta":[],"categories":[7],"tags":[532,26,1746,321],"_links":{"self":[{"href":"https:\/\/www.infokuryr.cz\/n\/wp-json\/wp\/v2\/posts\/22763"}],"collection":[{"href":"https:\/\/www.infokuryr.cz\/n\/wp-json\/wp\/v2\/posts"}],"about":[{"href":"https:\/\/www.infokuryr.cz\/n\/wp-json\/wp\/v2\/types\/post"}],"author":[{"embeddable":true,"href":"https:\/\/www.infokuryr.cz\/n\/wp-json\/wp\/v2\/users\/2"}],"replies":[{"embeddable":true,"href":"https:\/\/www.infokuryr.cz\/n\/wp-json\/wp\/v2\/comments?post=22763"}],"version-history":[{"count":1,"href":"https:\/\/www.infokuryr.cz\/n\/wp-json\/wp\/v2\/posts\/22763\/revisions"}],"predecessor-version":[{"id":22765,"href":"https:\/\/www.infokuryr.cz\/n\/wp-json\/wp\/v2\/posts\/22763\/revisions\/22765"}],"wp:featuredmedia":[{"embeddable":true,"href":"https:\/\/www.infokuryr.cz\/n\/wp-json\/wp\/v2\/media\/22764"}],"wp:attachment":[{"href":"https:\/\/www.infokuryr.cz\/n\/wp-json\/wp\/v2\/media?parent=22763"}],"wp:term":[{"taxonomy":"category","embeddable":true,"href":"https:\/\/www.infokuryr.cz\/n\/wp-json\/wp\/v2\/categories?post=22763"},{"taxonomy":"post_tag","embeddable":true,"href":"https:\/\/www.infokuryr.cz\/n\/wp-json\/wp\/v2\/tags?post=22763"}],"curies":[{"name":"wp","href":"https:\/\/api.w.org\/{rel}","templated":true}]}}