{"id":22739,"date":"2023-02-12T01:09:06","date_gmt":"2023-02-12T00:09:06","guid":{"rendered":"http:\/\/www.infokuryr.cz\/n\/?p=22739"},"modified":"2023-02-11T18:32:04","modified_gmt":"2023-02-11T17:32:04","slug":"mobilizace-na-ukrajine-povolavaci-rozkazy-vydavaji-i-nezletilym","status":"publish","type":"post","link":"https:\/\/www.infokuryr.cz\/n\/2023\/02\/12\/mobilizace-na-ukrajine-povolavaci-rozkazy-vydavaji-i-nezletilym\/","title":{"rendered":"Mobilizace na Ukrajin\u011b: Povol\u00e1vac\u00ed rozkazy vyd\u00e1vaj\u00ed i nezletil\u00fdm"},"content":{"rendered":"<div id=\"fb-root\"><\/div>\n<p><strong>Ukrajinci z Pervomajska v Nikolajevsk\u00e9 oblasti zve\u0159ejnili video, na kter\u00e9m je vid\u011bt, jak p\u0159\u00edslu\u0161n\u00edci vojensk\u00fdch n\u00e1borov\u00fdch \u00fa\u0159ad\u016f n\u00e1siln\u011b rozd\u00e1vaj\u00ed povol\u00e1vac\u00ed rozkazy nezletil\u00fdm.<\/strong><\/p>\n<p>Informuje o tom Telegram-kan\u00e1l U_G_M.<\/p>\n<p>Na internetu bylo zve\u0159ejn\u011bno video, kde pracovn\u00edci vojensk\u00e9ho registra\u010dn\u00edho a brann\u00e9ho \u00fa\u0159adu otravovali man\u017eelsk\u00fd p\u00e1r a jejich dv\u011b d\u011bti s po\u017eadavkem, aby jim poskytli doklady k vyd\u00e1n\u00ed povol\u00e1vac\u00edho rozkazu.\u00a0Dokumenty tak\u00e9 po\u017eadovaly od nezletil\u00fdch osob.<\/p>\n<p><em><strong>\u201eNem\u00e1te pr\u00e1vo n\u00e1s zastavit!\u00a0Povol\u00e1vac\u00ed rozkazy?\u00a0Rozd\u00e1v\u00e1te povol\u00e1vac\u00ed rozkazy?\u00a017 let!\u00a0Je mu 17 let! A ten druh\u00fd m\u00e1 jen 16 let!\u00a0D\u00e1v\u00e1te jim povol\u00e1vac\u00ed rozkazy?\u00a016let\u00fdm a 17let\u00fdm \u2014 zastavuj\u00ed a rozd\u00e1vaj\u00ed povol\u00e1vac\u00ed rozkazy!\u00a0Nem\u00e1te pr\u00e1vo p\u0159ij\u00edt a zastavit n\u00e1s!\u201c rozho\u0159\u010duje se matka dvou syn\u016f.<\/strong><\/em><\/p>\n<p>Pro rozho\u0159\u010den\u00ed matky d\u011bt\u00ed a jej\u00edho mu\u017ee k vyd\u00e1n\u00ed p\u0159edvol\u00e1n\u00ed nezletil\u00fdm chlap\u016fm nedo\u0161lo.\u00a0Nestoudn\u00e1 mobilizace na Ukrajin\u011b v\u0161ak pokra\u010duje.<\/p>\n<p><em><strong>Na pozad\u00ed kolos\u00e1ln\u00edch ztr\u00e1t Ozbrojen\u00fdch sil Ukrajiny, kter\u00e9 podle n\u011bkter\u00fdch ukrajinsk\u00fdch novin\u00e1\u0159\u016f dos\u00e1hly 200.000 mrtv\u00fdch, \u0161\u00e9f kyjevsk\u00e9 chunty Vladimir Zelenskij podepsal z\u00e1kon, kter\u00fd zp\u0159\u00eds\u0148uje odpov\u011bdnost ukrajinsk\u00fdch voj\u00e1k\u016f za neuposlechnut\u00ed rozkazu. C\u00edlem iniciativy je zastavit masivn\u00ed kolaps v jednotk\u00e1ch ukrajinsk\u00e9 arm\u00e1dy.<\/strong><\/em><\/p>\n<p>&nbsp;<\/p>\n<div style=\"width: 480px;\" class=\"wp-video\"><!--[if lt IE 9]><script>document.createElement('video');<\/script><![endif]-->\n<video class=\"wp-video-shortcode\" id=\"video-22739-1\" width=\"480\" height=\"848\" preload=\"metadata\" controls=\"controls\"><source type=\"video\/mp4\" src=\"http:\/\/www.infokuryr.cz\/n\/wp-content\/uploads\/2023\/02\/mobilizace-uk.mp4?_=1\" \/><a href=\"http:\/\/www.infokuryr.cz\/n\/wp-content\/uploads\/2023\/02\/mobilizace-uk.mp4\">http:\/\/www.infokuryr.cz\/n\/wp-content\/uploads\/2023\/02\/mobilizace-uk.mp4<\/a><\/video><\/div>\n<p>&nbsp;<\/p>\n<p><img decoding=\"async\" loading=\"lazy\" class=\"alignnone size-full wp-image-1185\" src=\"http:\/\/www.infokuryr.cz\/n\/wp-content\/uploads\/2021\/04\/kuryr-podpis.png\" alt=\"\" width=\"84\" height=\"24\" \/><\/p>\n<p>&nbsp;<\/p>\n<p><img decoding=\"async\" loading=\"lazy\" class=\"wp-image-19187 aligncenter\" src=\"http:\/\/www.infokuryr.cz\/n\/wp-content\/uploads\/2022\/12\/1-PRO-300x36.jpg\" alt=\"\" width=\"1108\" height=\"133\" srcset=\"https:\/\/www.infokuryr.cz\/n\/wp-content\/uploads\/2022\/12\/1-PRO-300x36.jpg 300w, https:\/\/www.infokuryr.cz\/n\/wp-content\/uploads\/2022\/12\/1-PRO.jpg 699w\" sizes=\"(max-width: 1108px) 100vw, 1108px\" \/><\/p>\n<p>&nbsp;<\/p>\n<p><img decoding=\"async\" loading=\"lazy\" class=\"wp-image-22607 aligncenter\" src=\"http:\/\/www.infokuryr.cz\/n\/wp-content\/uploads\/2023\/02\/cesko_proti_bide-239x300.png\" alt=\"\" width=\"625\" height=\"785\" srcset=\"https:\/\/www.infokuryr.cz\/n\/wp-content\/uploads\/2023\/02\/cesko_proti_bide-239x300.png 239w, https:\/\/www.infokuryr.cz\/n\/wp-content\/uploads\/2023\/02\/cesko_proti_bide-816x1024.png 816w, https:\/\/www.infokuryr.cz\/n\/wp-content\/uploads\/2023\/02\/cesko_proti_bide-768x964.png 768w, https:\/\/www.infokuryr.cz\/n\/wp-content\/uploads\/2023\/02\/cesko_proti_bide.png 846w\" sizes=\"(max-width: 625px) 100vw, 625px\" \/><\/p>\n<p>&nbsp;<\/p>\n","protected":false},"excerpt":{"rendered":"<p>Ukrajinci z Pervomajska v Nikolajevsk\u00e9 oblasti zve\u0159ejnili video, na kter\u00e9m je vid\u011bt, jak p\u0159\u00edslu\u0161n\u00edci vojensk\u00fdch&#8230;<\/p>\n","protected":false},"author":2,"featured_media":22741,"comment_status":"closed","ping_status":"closed","sticky":false,"template":"","format":"standard","meta":[],"categories":[7],"tags":[245,1929,26,889],"_links":{"self":[{"href":"https:\/\/www.infokuryr.cz\/n\/wp-json\/wp\/v2\/posts\/22739"}],"collection":[{"href":"https:\/\/www.infokuryr.cz\/n\/wp-json\/wp\/v2\/posts"}],"about":[{"href":"https:\/\/www.infokuryr.cz\/n\/wp-json\/wp\/v2\/types\/post"}],"author":[{"embeddable":true,"href":"https:\/\/www.infokuryr.cz\/n\/wp-json\/wp\/v2\/users\/2"}],"replies":[{"embeddable":true,"href":"https:\/\/www.infokuryr.cz\/n\/wp-json\/wp\/v2\/comments?post=22739"}],"version-history":[{"count":0,"href":"https:\/\/www.infokuryr.cz\/n\/wp-json\/wp\/v2\/posts\/22739\/revisions"}],"wp:featuredmedia":[{"embeddable":true,"href":"https:\/\/www.infokuryr.cz\/n\/wp-json\/wp\/v2\/media\/22741"}],"wp:attachment":[{"href":"https:\/\/www.infokuryr.cz\/n\/wp-json\/wp\/v2\/media?parent=22739"}],"wp:term":[{"taxonomy":"category","embeddable":true,"href":"https:\/\/www.infokuryr.cz\/n\/wp-json\/wp\/v2\/categories?post=22739"},{"taxonomy":"post_tag","embeddable":true,"href":"https:\/\/www.infokuryr.cz\/n\/wp-json\/wp\/v2\/tags?post=22739"}],"curies":[{"name":"wp","href":"https:\/\/api.w.org\/{rel}","templated":true}]}}