{"id":22732,"date":"2023-02-12T01:06:34","date_gmt":"2023-02-12T00:06:34","guid":{"rendered":"http:\/\/www.infokuryr.cz\/n\/?p=22732"},"modified":"2023-02-11T17:45:31","modified_gmt":"2023-02-11T16:45:31","slug":"jiri-vyvadil-a-bidenovi-pujdou-po-krku","status":"publish","type":"post","link":"https:\/\/www.infokuryr.cz\/n\/2023\/02\/12\/jiri-vyvadil-a-bidenovi-pujdou-po-krku\/","title":{"rendered":"Ji\u0159\u00ed Vyvadil: A Bidenovi p\u016fjdou po krku\u2026"},"content":{"rendered":"<div id=\"fb-root\"><\/div>\n<p><strong>Ne cel\u00e9 politick\u00e9 Spojen\u00e9 st\u00e1ty zobou v\u00e1le\u010dn\u00e9mu \u0161tv\u00e1\u010di Bidenovi z ruky. Jak uvedl Newsweak ze dne 10.2.2023, republik\u00e1n Matt Gaetz p\u0159edlo\u017eil n\u00e1vrh usnesen\u00ed podporuj\u00edc\u00ed ukon\u010den\u00ed pomoci Ukrajin\u011b.<\/strong><\/p>\n<p>Spolu s deseti dal\u0161\u00edmi kolegy p\u0159edlo\u017eil usnesen\u00ed o \u00fanav\u011b z Ukrajiny, ve kter\u00e9m Gaetz vyz\u00fdv\u00e1 Spojen\u00e9 st\u00e1ty, aby \u201eukon\u010dily svou vojenskou a finan\u010dn\u00ed pomoc Ukrajin\u011b\u201c a nal\u00e9h\u00e1 na v\u0161echny strany , aby \u201edos\u00e1hly m\u00edrov\u00e9 dohody\u201c.<\/p>\n<p>\u201ePrezident Joe Biden bude muset zapomenout na svou p\u0159edpov\u011b\u010f z b\u0159ezna 2022, kter\u00e1 nazna\u010dovala, \u017ee vyzbrojen\u00ed Ukrajiny vojensk\u00fdm vybaven\u00edm eskaluje konflikt do \u201at\u0159et\u00ed sv\u011btov\u00e9 v\u00e1lky\u2018,\u201c uvedl Gaetz v prohl\u00e1\u0161en\u00ed pro Newsweek.<\/p>\n<p>&#8222;Amerika je ve stavu \u0159\u00edzen\u00e9ho \u00fapadku a bude se to je\u0161t\u011b zhor\u0161ovat, pokud budeme pokra\u010dovat ve vyb\u00edjen\u00ed dolar\u016f da\u0148ov\u00fdch poplatn\u00edk\u016f na zahrani\u010dn\u00ed v\u00e1lku,&#8220; pokra\u010doval. &#8222;Mus\u00edme pozastavit ve\u0161kerou zahrani\u010dn\u00ed pomoc pro v\u00e1lku na Ukrajin\u011b a po\u017eadovat, aby v\u0161ichni bojovn\u00edci v tomto konfliktu okam\u017eit\u011b dos\u00e1hli m\u00edrov\u00e9 dohody.&#8220;<\/p>\n<p>Ur\u010dit\u011b bych to podepsal.<\/p>\n<p>T\u011bch deset podporovatel\u016f se jev\u00ed jako sm\u011b\u0161n\u00e9 mal\u00e9 \u010d\u00edslo. Ale nemylme se. Nen\u00ed to tak m\u00e1lo. Tato nejv\u011brn\u011bj\u0161\u00ed skupina Donalda Trumpa tvrd\u011b zat\u00e1p\u011bla p\u0159i volb\u011b mluv\u010d\u00edho Sn\u011bmovny reprezentant\u016f, kter\u00e1 m\u011bla historicky nejv\u011bt\u0161\u00ed po\u010det patn\u00e1cti opakov\u00e1n\u00ed voleb, b\u011bhem kter\u00e9ho musel Kevin McCarthy sl\u00edbit v\u0161e mo\u017en\u00e9 i nemo\u017en\u00e9, aby se nakonec mluv\u010d\u00edm i pot\u00e9, co Trump obtelefonoval kde koho, aby mu do t\u00e9to funkce pomohl. V jist\u00e9m smyslu je tedy nejen dlu\u017en\u00edkem Trumpa, ale Trump v z\u00e1sad\u011b prost\u0159ednictv\u00edm sv\u00fdch lid\u00ed ur\u010duje dne\u0161n\u00ed agendu republik\u00e1n\u016f a nepochybn\u011b zat\u00edm ku prosp\u011bchu ukon\u010den\u00ed v\u00e1lky, stejn\u011b jako pozitivn\u011b i v jin\u00fdch ot\u00e1zk\u00e1ch, jako nap\u0159\u00edklad nezasahovat do soci\u00e1ln\u00edch ot\u00e1zek.<\/p>\n<p>Za svou osobu mus\u00edm \u0159\u00edci, \u017ee z toho d\u00fdch\u00e1 z toho nad\u011bje, \u017ee republik\u00e1ni bez ohledu na to, kdo nakonec bude kandidovat na prezidenta, si m\u00edr va Ukrajin\u011b berou za sv\u016fj.<\/p>\n<p>A je p\u0159\u00edzna\u010dn\u00e9 se s prohl\u00e1\u0161en\u00edm vy\u0161li v okam\u017eiku, kdy Zelenskyj triumfoval v Evrop\u011b jako p\u00e1n sv\u011bta.<\/p>\n<p>Ten v\u00fdvoj vypad\u00e1 p\u0159\u00edzniv\u011b, jen to chce neposlouchat na\u0161e m\u00e9dia a obrnit se trp\u011blivost\u00ed.<\/p>\n<p>Asi tak p\u0159\u00e1tel\u00e9.<\/p>\n<p><a href=\"https:\/\/vasevec.info\/komentare\/bidenovi-pujdou-po-krku\">Ji\u0159\u00ed Vyvadil<\/a><\/p>\n<p><img decoding=\"async\" loading=\"lazy\" class=\"alignnone size-medium wp-image-16474\" src=\"http:\/\/www.infokuryr.cz\/n\/wp-content\/uploads\/2022\/10\/jiri-vyvadil-300x200.jpg\" alt=\"\" width=\"300\" height=\"200\" srcset=\"https:\/\/www.infokuryr.cz\/n\/wp-content\/uploads\/2022\/10\/jiri-vyvadil-300x200.jpg 300w, https:\/\/www.infokuryr.cz\/n\/wp-content\/uploads\/2022\/10\/jiri-vyvadil-768x512.jpg 768w, https:\/\/www.infokuryr.cz\/n\/wp-content\/uploads\/2022\/10\/jiri-vyvadil.jpg 800w\" sizes=\"(max-width: 300px) 100vw, 300px\" \/><\/p>\n<p>_____________________________<\/p>\n<p>&nbsp;<\/p>\n<p><img decoding=\"async\" loading=\"lazy\" class=\"wp-image-19187 aligncenter\" src=\"http:\/\/www.infokuryr.cz\/n\/wp-content\/uploads\/2022\/12\/1-PRO-300x36.jpg\" alt=\"\" width=\"1150\" height=\"138\" srcset=\"https:\/\/www.infokuryr.cz\/n\/wp-content\/uploads\/2022\/12\/1-PRO-300x36.jpg 300w, https:\/\/www.infokuryr.cz\/n\/wp-content\/uploads\/2022\/12\/1-PRO.jpg 699w\" sizes=\"(max-width: 1150px) 100vw, 1150px\" \/><\/p>\n<p>&nbsp;<\/p>\n<p>&nbsp;<\/p>\n<p><img decoding=\"async\" loading=\"lazy\" class=\"wp-image-22607 aligncenter\" src=\"http:\/\/www.infokuryr.cz\/n\/wp-content\/uploads\/2023\/02\/cesko_proti_bide-239x300.png\" alt=\"\" width=\"693\" height=\"870\" srcset=\"https:\/\/www.infokuryr.cz\/n\/wp-content\/uploads\/2023\/02\/cesko_proti_bide-239x300.png 239w, https:\/\/www.infokuryr.cz\/n\/wp-content\/uploads\/2023\/02\/cesko_proti_bide-816x1024.png 816w, https:\/\/www.infokuryr.cz\/n\/wp-content\/uploads\/2023\/02\/cesko_proti_bide-768x964.png 768w, https:\/\/www.infokuryr.cz\/n\/wp-content\/uploads\/2023\/02\/cesko_proti_bide.png 846w\" sizes=\"(max-width: 693px) 100vw, 693px\" \/><\/p>\n<p>&nbsp;<\/p>\n","protected":false},"excerpt":{"rendered":"<p>Ne cel\u00e9 politick\u00e9 Spojen\u00e9 st\u00e1ty zobou v\u00e1le\u010dn\u00e9mu \u0161tv\u00e1\u010di Bidenovi z ruky. Jak uvedl Newsweak ze&#8230;<\/p>\n","protected":false},"author":2,"featured_media":20103,"comment_status":"closed","ping_status":"closed","sticky":false,"template":"","format":"standard","meta":[],"categories":[6],"tags":[72,29,26,37],"_links":{"self":[{"href":"https:\/\/www.infokuryr.cz\/n\/wp-json\/wp\/v2\/posts\/22732"}],"collection":[{"href":"https:\/\/www.infokuryr.cz\/n\/wp-json\/wp\/v2\/posts"}],"about":[{"href":"https:\/\/www.infokuryr.cz\/n\/wp-json\/wp\/v2\/types\/post"}],"author":[{"embeddable":true,"href":"https:\/\/www.infokuryr.cz\/n\/wp-json\/wp\/v2\/users\/2"}],"replies":[{"embeddable":true,"href":"https:\/\/www.infokuryr.cz\/n\/wp-json\/wp\/v2\/comments?post=22732"}],"version-history":[{"count":0,"href":"https:\/\/www.infokuryr.cz\/n\/wp-json\/wp\/v2\/posts\/22732\/revisions"}],"wp:featuredmedia":[{"embeddable":true,"href":"https:\/\/www.infokuryr.cz\/n\/wp-json\/wp\/v2\/media\/20103"}],"wp:attachment":[{"href":"https:\/\/www.infokuryr.cz\/n\/wp-json\/wp\/v2\/media?parent=22732"}],"wp:term":[{"taxonomy":"category","embeddable":true,"href":"https:\/\/www.infokuryr.cz\/n\/wp-json\/wp\/v2\/categories?post=22732"},{"taxonomy":"post_tag","embeddable":true,"href":"https:\/\/www.infokuryr.cz\/n\/wp-json\/wp\/v2\/tags?post=22732"}],"curies":[{"name":"wp","href":"https:\/\/api.w.org\/{rel}","templated":true}]}}