{"id":22727,"date":"2023-02-12T01:04:12","date_gmt":"2023-02-12T00:04:12","guid":{"rendered":"http:\/\/www.infokuryr.cz\/n\/?p=22727"},"modified":"2023-02-11T17:17:55","modified_gmt":"2023-02-11T16:17:55","slug":"madrid-bude-tuto-nedeli-12-unora-opet-demonstrovat-za-verejne-zdravi","status":"publish","type":"post","link":"https:\/\/www.infokuryr.cz\/n\/2023\/02\/12\/madrid-bude-tuto-nedeli-12-unora-opet-demonstrovat-za-verejne-zdravi\/","title":{"rendered":"Madrid bude tuto ned\u011bli 12. \u00fanora op\u011bt demonstrovat za ve\u0159ejn\u00e9 zdrav\u00ed"},"content":{"rendered":"<div id=\"fb-root\"><\/div>\n<p><span style=\"font-size: 18pt;\"><strong>Ob\u010dan\u00e9 po\u017eaduj\u00ed zdroje a posiluj\u00edc\u00ed prim\u00e1rn\u00ed p\u00e9\u010di, kter\u00e1 je kl\u00ed\u010dov\u00e1 pro ve\u0159ejn\u00e9 zdrav\u00ed a podporu zdrav\u00ed<\/strong><\/span><\/p>\n<p><span>V Madridu byla op\u011bt svol\u00e1na na <\/span><strong><span>tuto ned\u011bli 12. \u00fanora ob\u010dan\u00e9,<\/span><\/strong><span>\u00a0aby se z\u00fa\u010dastnila\u00a0<\/span><strong><span>velk\u00e9 demonstrace za ve\u0159ejn\u00e9 zdrav\u00ed<\/span><\/strong><span>\u00a0, na n\u00ed\u017e budou rovn\u011b\u017e po\u017eadov\u00e1na \u0159e\u0161en\u00ed Pl\u00e1nu prim\u00e1rn\u00ed p\u00e9\u010de navr\u017een\u00e9 region\u00e1ln\u00ed vl\u00e1dou.\u00a0Pochod, nazvan\u00fd s mottem\u00a0<\/span><em><span>Madrid povstane a po\u017eaduje ve\u0159ejn\u00e9 zdrav\u00ed a \u0159e\u0161en\u00ed Pl\u00e1nu prim\u00e1rn\u00ed p\u00e9\u010de<\/span><\/em><span>\u00a0Federac\u00ed asociac\u00ed na obranu ve\u0159ejn\u00e9ho zdrav\u00ed (Fadsp), se bude skl\u00e1dat ze\u00a0<\/span><strong><span>\u010dty\u0159 kolon, kter\u00e9 se vydaj\u00ed sm\u011brem na Cibeles v hod. 12:00 hodin<\/span><\/strong><span>\u00a0.\u00a0<\/span><\/p>\n<p><span>Kolony\u00a0<\/span><strong><span>za\u010dnou svou cestu ze \u010dty\u0159 bod\u016f<\/span><\/strong><span>\u00a0:\u00a0<\/span><strong><span>Sever: v\u00fdjezd z Nuevos Ministerios<\/span><\/strong><span>\u00a0a sjezd Paseo de la Castellana, Recoletos a Cibeles,\u00a0<\/span><strong><span>v\u00fdchod: v\u00fdjezd u Hospital de la Princesa<\/span><\/strong><span>\u00a0a sjezd Conde de Pe\u00f1alver a calle Alcal\u00e1 do Cibeles,\u00a0<\/span><strong><span>jih: Vyjd\u011bte na Plaza de Legazpi<\/span><\/strong><span>\u00a0, jd\u011bte nahoru na Paseo de las Delicias, Atocha, Paseo del Prado a Cibeles a na\u00a0<\/span><strong><span>z\u00e1pad s v\u00fdstupem na Plaza de Espa\u00f1a<\/span><\/strong><span>\u00a0, jd\u011bte nahoru Gran V\u00eda, Calle Alcal\u00e1 a Cibeles.<\/span><\/p>\n<p><span>My\u0161lenka subjekt\u016f, kter\u00e9 svolaly demonstraci, cht\u011bj\u00ed zopakovat\u00a0<\/span><strong><span>\u00fasp\u011b\u0161nou mobilizaci z lo\u0148sk\u00e9ho 13. listopadu,<\/span><\/strong><span>\u00a0kdy\u00a0<\/span><a href=\"https:\/\/www.mundoobrero.es\/2022\/11\/14\/670-000-personas-tomando-madrid-exigiendo-sanidad-publica-universal-y-de-calidad\/\" data-type=\"URL\" data-id=\"https:\/\/www.mundoobrero.es\/2022\/11\/14\/670-000-personas-tomando-madrid-exigiendo-sanidad-publica-universal-y-de-calidad\/\"><span>do ulic Madridu vy\u0161lo 670 000 lid\u00ed<\/span><\/a><span>\u00a0po\u017eaduj\u00edc\u00edch univerz\u00e1ln\u00ed a kvalitn\u00ed ve\u0159ejn\u00e9 zdrav\u00ed.\u00a0V tomto smyslu se sousedsk\u00e9 organizace, odbory, politick\u00e9 strany levice jako\u00a0<\/span><strong><span>Komunistick\u00e1 strana \u0160pan\u011blska<\/span><\/strong><span>\u00a0(PCE) v Madridu a Izquierda Unida, zdravotnick\u00e1 sdru\u017een\u00ed nebo platformy pracuj\u00edc\u00edch, mimo jin\u00e9, p\u0159ipojily k\u00a0\u00a0<\/span><strong><span>ob\u010dansk\u00fdm hnut\u00edm r\u016fzn\u00fdch druh\u016f a kultury<\/span><\/strong><span>, aby pochod podpo\u0159ily a povzbudily ob\u010dany na jeho \u00fa\u010dasti.<\/span><\/p>\n<figure class=\"wp-block-embed is-type-rich is-provider-twitter wp-block-embed-twitter\">\n<div class=\"wp-block-embed__wrapper\">\n<div class=\"twitter-tweet twitter-tweet-rendered\"><iframe id=\"twitter-widget-1\" class=\"\" title=\"Twitter Tweet\" src=\"https:\/\/platform.twitter.com\/embed\/Tweet.html?dnt=true&amp;embedId=twitter-widget-1&amp;features=eyJ0ZndfdGltZWxpbmVfbGlzdCI6eyJidWNrZXQiOltdLCJ2ZXJzaW9uIjpudWxsfSwidGZ3X2ZvbGxvd2VyX2NvdW50X3N1bnNldCI6eyJidWNrZXQiOnRydWUsInZlcnNpb24iOm51bGx9LCJ0ZndfdHdlZXRfZWRpdF9iYWNrZW5kIjp7ImJ1Y2tldCI6Im9uIiwidmVyc2lvbiI6bnVsbH0sInRmd19yZWZzcmNfc2Vzc2lvbiI6eyJidWNrZXQiOiJvbiIsInZlcnNpb24iOm51bGx9LCJ0Zndfc2hvd19idXNpbmVzc192ZXJpZmllZF9iYWRnZSI6eyJidWNrZXQiOiJvbiIsInZlcnNpb24iOm51bGx9LCJ0ZndfbWl4ZWRfbWVkaWFfMTU4OTciOnsiYnVja2V0IjoidHJlYXRtZW50IiwidmVyc2lvbiI6bnVsbH0sInRmd19leHBlcmltZW50c19jb29raWVfZXhwaXJhdGlvbiI6eyJidWNrZXQiOjEyMDk2MDAsInZlcnNpb24iOm51bGx9LCJ0ZndfZHVwbGljYXRlX3NjcmliZXNfdG9fc2V0dGluZ3MiOnsiYnVja2V0Ijoib24iLCJ2ZXJzaW9uIjpudWxsfSwidGZ3X3ZpZGVvX2hsc19keW5hbWljX21hbmlmZXN0c18xNTA4MiI6eyJidWNrZXQiOiJ0cnVlX2JpdHJhdGUiLCJ2ZXJzaW9uIjpudWxsfSwidGZ3X3Nob3dfYmx1ZV92ZXJpZmllZF9iYWRnZSI6eyJidWNrZXQiOiJvbiIsInZlcnNpb24iOm51bGx9LCJ0ZndfbGVnYWN5X3RpbWVsaW5lX3N1bnNldCI6eyJidWNrZXQiOnRydWUsInZlcnNpb24iOm51bGx9LCJ0Zndfc2hvd19nb3ZfdmVyaWZpZWRfYmFkZ2UiOnsiYnVja2V0Ijoib24iLCJ2ZXJzaW9uIjpudWxsfSwidGZ3X3Nob3dfYnVzaW5lc3NfYWZmaWxpYXRlX2JhZGdlIjp7ImJ1Y2tldCI6Im9uIiwidmVyc2lvbiI6bnVsbH0sInRmd190d2VldF9lZGl0X2Zyb250ZW5kIjp7ImJ1Y2tldCI6Im9uIiwidmVyc2lvbiI6bnVsbH19&amp;frame=false&amp;hideCard=false&amp;hideThread=false&amp;id=1623578460198260737&amp;lang=cs&amp;origin=https%3A%2F%2Fwww.mundoobrero.es%2F2023%2F02%2F10%2Fmadrid-volvera-a-manifestarse-por-la-sanidad-publica-este-domingo-12-de-febrero%2F&amp;sessionId=d764fdda9d12774839d3f7e261612cd0542b97ec&amp;siteScreenName=mundoobrero&amp;theme=light&amp;widgetsVersion=aaf4084522e3a%3A1674595607486&amp;width=550px\" frameborder=\"0\" scrolling=\"no\" allowfullscreen=\"allowfullscreen\" data-tweet-id=\"1623578460198260737\" data-mce-fragment=\"1\"><\/iframe><\/div>\n<\/div>\n<\/figure>\n<div class=\"etiq\">\n<p><img decoding=\"async\" loading=\"lazy\" class=\"alignnone size-full wp-image-1185\" src=\"http:\/\/www.infokuryr.cz\/n\/wp-content\/uploads\/2021\/04\/kuryr-podpis.png\" alt=\"\" width=\"84\" height=\"24\" \/><\/p>\n<\/div>\n<p>&nbsp;<\/p>\n<p><img decoding=\"async\" loading=\"lazy\" class=\"wp-image-19187 aligncenter\" src=\"http:\/\/www.infokuryr.cz\/n\/wp-content\/uploads\/2022\/12\/1-PRO-300x36.jpg\" alt=\"\" width=\"1108\" height=\"133\" srcset=\"https:\/\/www.infokuryr.cz\/n\/wp-content\/uploads\/2022\/12\/1-PRO-300x36.jpg 300w, https:\/\/www.infokuryr.cz\/n\/wp-content\/uploads\/2022\/12\/1-PRO.jpg 699w\" sizes=\"(max-width: 1108px) 100vw, 1108px\" \/><\/p>\n<p>&nbsp;<\/p>\n<p><img decoding=\"async\" loading=\"lazy\" class=\"wp-image-22607 aligncenter\" src=\"http:\/\/www.infokuryr.cz\/n\/wp-content\/uploads\/2023\/02\/cesko_proti_bide-239x300.png\" alt=\"\" width=\"608\" height=\"763\" srcset=\"https:\/\/www.infokuryr.cz\/n\/wp-content\/uploads\/2023\/02\/cesko_proti_bide-239x300.png 239w, https:\/\/www.infokuryr.cz\/n\/wp-content\/uploads\/2023\/02\/cesko_proti_bide-816x1024.png 816w, https:\/\/www.infokuryr.cz\/n\/wp-content\/uploads\/2023\/02\/cesko_proti_bide-768x964.png 768w, https:\/\/www.infokuryr.cz\/n\/wp-content\/uploads\/2023\/02\/cesko_proti_bide.png 846w\" sizes=\"(max-width: 608px) 100vw, 608px\" \/><\/p>\n<p>&nbsp;<\/p>\n<p>&nbsp;<\/p>\n<p>&nbsp;<\/p>\n<p>&nbsp;<\/p>\n","protected":false},"excerpt":{"rendered":"<p>Ob\u010dan\u00e9 po\u017eaduj\u00ed zdroje a posiluj\u00edc\u00ed prim\u00e1rn\u00ed p\u00e9\u010di, kter\u00e1 je kl\u00ed\u010dov\u00e1 pro ve\u0159ejn\u00e9 zdrav\u00ed a podporu&#8230;<\/p>\n","protected":false},"author":2,"featured_media":22728,"comment_status":"closed","ping_status":"closed","sticky":false,"template":"","format":"standard","meta":[],"categories":[7],"tags":[4415,95,21],"_links":{"self":[{"href":"https:\/\/www.infokuryr.cz\/n\/wp-json\/wp\/v2\/posts\/22727"}],"collection":[{"href":"https:\/\/www.infokuryr.cz\/n\/wp-json\/wp\/v2\/posts"}],"about":[{"href":"https:\/\/www.infokuryr.cz\/n\/wp-json\/wp\/v2\/types\/post"}],"author":[{"embeddable":true,"href":"https:\/\/www.infokuryr.cz\/n\/wp-json\/wp\/v2\/users\/2"}],"replies":[{"embeddable":true,"href":"https:\/\/www.infokuryr.cz\/n\/wp-json\/wp\/v2\/comments?post=22727"}],"version-history":[{"count":1,"href":"https:\/\/www.infokuryr.cz\/n\/wp-json\/wp\/v2\/posts\/22727\/revisions"}],"predecessor-version":[{"id":22729,"href":"https:\/\/www.infokuryr.cz\/n\/wp-json\/wp\/v2\/posts\/22727\/revisions\/22729"}],"wp:featuredmedia":[{"embeddable":true,"href":"https:\/\/www.infokuryr.cz\/n\/wp-json\/wp\/v2\/media\/22728"}],"wp:attachment":[{"href":"https:\/\/www.infokuryr.cz\/n\/wp-json\/wp\/v2\/media?parent=22727"}],"wp:term":[{"taxonomy":"category","embeddable":true,"href":"https:\/\/www.infokuryr.cz\/n\/wp-json\/wp\/v2\/categories?post=22727"},{"taxonomy":"post_tag","embeddable":true,"href":"https:\/\/www.infokuryr.cz\/n\/wp-json\/wp\/v2\/tags?post=22727"}],"curies":[{"name":"wp","href":"https:\/\/api.w.org\/{rel}","templated":true}]}}