{"id":22712,"date":"2023-02-11T05:35:21","date_gmt":"2023-02-11T04:35:21","guid":{"rendered":"http:\/\/www.infokuryr.cz\/n\/?p=22712"},"modified":"2023-02-11T05:35:21","modified_gmt":"2023-02-11T04:35:21","slug":"jurij-selivanov-po-stopach-rozbiteho-fuhrera","status":"publish","type":"post","link":"https:\/\/www.infokuryr.cz\/n\/2023\/02\/11\/jurij-selivanov-po-stopach-rozbiteho-fuhrera\/","title":{"rendered":"Jurij Selivanov: Po stop\u00e1ch rozbit\u00e9ho f\u00fchrera"},"content":{"rendered":"<div id=\"fb-root\"><\/div>\n<p><span style=\"font-size: 18pt;\"><strong>Divadlo z\u00e1padn\u00edch loutek je op\u011bt p\u0159ipraveno splnit v\u016fli sv\u00e9ho temn\u00e9ho p\u00e1na a poslat sv\u011bt do pekla.<\/strong><\/span><\/p>\n<p><span>Po n\u00e1v\u0161t\u011bv\u011b Lond\u00fdna \u2013 co\u017e je hlavn\u00ed kuchyn\u011b v\u0161ech sv\u011btov\u00fdch v\u00e1lek, se Vladimir Zelenskij kone\u010dn\u011b p\u0159estal styd\u011bt a za\u010dal t\u00e9m\u011b\u0159 doslovn\u011b opakovat Hitlerovy \u0159e\u010di o \u201estra\u0161n\u00e9 rusk\u00e9 hrozb\u011b pro celou Evropu\u201c:<\/span><\/p>\n<p><span style=\"font-size: 18pt;\"><em><strong>\u201eBojujeme proti nejv\u00edce protievropsk\u00e9 s\u00edle modern\u00edho sv\u011bta,\u201c <a href=\"https:\/\/www.thetimes.co.uk\/article\/ukraine-prepared-to-use-british-missiles-to-strike-crimea-d73rlk23p\">\u0159ekl <\/a>tento obdivovatel posedl\u00e9ho Adolfa.<\/strong><\/em><\/span><\/p>\n<p>A tu je\u00a0<a href=\"http:\/\/docs.historyrussia.org\/ru\/nodes\/181240-locale-nil-spasenie-vseh-i-vsya-locale-nil-iz-vystupleniya-a-gitlera-po-radio-22-iyunya-1941-g#mode\/inspect\/page\/4\/zoom\/4\">origin\u00e1l,<\/a><span>ze kter\u00e9ho byla tato \u201egeni\u00e1ln\u00ed \u0159e\u010d\u201c jednozna\u010dn\u011b odkoukan\u00e1:<\/span><\/p>\n<p><span style=\"font-size: 18pt;\"><strong>Z projevu A. Hitlera v rozhlase 22. \u010dervna 1941:<\/strong><\/span><\/p>\n<p><strong><em>\u201e\u00dakolem t\u00e9to fronty u\u017e nen\u00ed chr\u00e1nit jen jednotliv\u00e9 st\u00e1ty, ale zajistit bezpe\u010dnost Evropy a t\u00edm i sp\u00e1su v\u0161ech a v\u0161eho.\u00a0A tak jsem se dnes rozhodl je\u0161t\u011b jednou p\u0159edat osud a budoucnost N\u011bmeck\u00e9 \u0159\u00ed\u0161e a na\u0161eho lidu do rukou na\u0161ich voj\u00e1k\u016f.\u201c<\/em><\/strong><\/p>\n<p><span>Zelenskij je ve sv\u00fdch osobn\u00edch kvalit\u00e1ch samoz\u0159ejm\u011b daleko od Hitlera.\u00a0Mimochodem, pr\u00e1v\u011b proto je, z t\u00e9to \u201eklasiky\u201c, schopn\u00fd jen hloup\u011b kop\u00edrovat rusofobii.\u00a0P\u0159esto je Z\u00e1padem p\u0159edur\u010den p\u0159esn\u011b na tut\u00e9\u017e misi, jakou kdysi Anglosasi sv\u011b\u0159ili f\u00fchrerovi \u2013 zni\u010dit nebo alespo\u0148 oslabit Rusko.<\/span><\/p>\n<p><span>Je pravda, \u017ee tento \u201eum\u011blec\u201c se uk\u00e1zal jako ne\u00fasp\u011b\u0161n\u00fd a skon\u010dil \u0161patn\u011b.\u00a0A tak se dnes uskute\u010dnil dal\u0161\u00ed pokus.\u00a0A pokud tehdy nebylo temn\u00fdm sil\u00e1m tohoto sv\u011bta l\u00edto utratit N\u011bmecko a celou Evropu, pak je o Ukrajin\u011b dokonce sm\u011b\u0161n\u00e9 mluvit.\u00a0A celkov\u011b io Evrop\u011b.\u00a0Spot\u0159ebn\u00ed materi\u00e1l, a to mluv\u00ed za v\u0161echno.<\/span><\/p>\n<p><span style=\"font-size: 18pt;\"><em><strong>Tentokr\u00e1t v\u0161ak jsou zde jist\u00e9 rozd\u00edly.\u00a0Anglosasi vyzbrojuj\u00ed novou nacistickou \u0159\u00ed\u0161i na v\u00fdchod\u011b prakticky netaj\u00ed se t\u00edm, o\u010dividn\u011b jsou si jisti, \u017ee se je Rusko neodv\u00e1\u017e\u00ed po\u0159\u00e1dn\u011b potrestat.<\/strong><\/em><\/span><\/p>\n<p><span>Po n\u00e1jezdu kyjevsk\u00e9ho f\u00fchrera do Lond\u00fdna u\u017e \u0161lo o naprosto bezosty\u0161n\u00e9 ambice Anglosas\u016f \u2013 urgentn\u00ed p\u0159esun nejen t\u011b\u017ek\u00fdch, ale u\u017e i supert\u011b\u017ek\u00fdch zbran\u00ed \u2013 raketov\u00fdch zbran\u00ed dlouh\u00e9ho doletu \u2013 ukrajinsk\u00e9 chunty.\u00a0Nav\u00edc podle lond\u00fdnsk\u00e9ho den\u00edku The Times hovo\u0159\u00edme minim\u00e1ln\u011b o \u00fatoc\u00edch t\u011bmito raketami na rusk\u00e9 \u00fazem\u00ed na Krymu.\u00a0A je jasn\u00e9, \u017ee to nebude omezeno.<\/span><\/p>\n<p><img decoding=\"async\" loading=\"lazy\" class=\"aligncenter\" src=\"https:\/\/cdn.news-front.info\/uploads\/2023\/02\/2.jpg-4.jpg\" width=\"774\" height=\"517\" \/><\/p>\n<p><span>Konkr\u00e9tn\u011b jde o dod\u00e1vky protilodn\u00edch raket \u201eHarpoon\u201c upraven\u00fdch k \u00fatok\u016fm na pozemn\u00ed c\u00edle s dosahem asi 250 km a leteck\u00fdch raket \u201eStorm Shadow\u201c, kter\u00e9 zas\u00e1hnou c\u00edl na vzd\u00e1lenost a\u017e 350 mil (p\u0159ibli\u017en\u011b 563 kilometr\u016f. )<\/span><\/p>\n<p><img decoding=\"async\" loading=\"lazy\" class=\"aligncenter\" src=\"https:\/\/cdn.news-front.info\/uploads\/2023\/02\/3.jpg\" width=\"421\" height=\"702\" \/><\/p>\n<p><span>Anglosasov\u00e9 tedy o\u010dividn\u011b jdou vabank a doufaj\u00ed, \u017ee budou op\u011bt vystupovat proti Rusku v zastoupen\u00ed, sami se z toho dostanou a n\u00e1sledn\u011b vnut\u00ed Moskv\u011b m\u00edr podle sv\u00fdch vlastn\u00edch podm\u00ednek.<\/span><\/p>\n<p><span>A op\u011bt maj\u00ed na stole tyt\u00e9\u017e<\/span><a href=\"http:\/\/docs.historyrussia.org\/ru\/nodes\/181240-spasenie-vseh-i-vsya-iz-vystupleniya-a-gitlera-po-radio-22-iyunya-1941-g#mode\/inspect\/page\/2\/zoom\/4\"><span>Hitlerovsk\u00e9 p\u0159edpisy<\/span><\/a><span>, ze kter\u00fdch pe\u010dliv\u011b odepisuj\u00ed d\u016fkazy o sv\u00e9 \u201espr\u00e1vnosti\u201c.\u00a0Je snadn\u00e9 uh\u00e1dnout, \u017ee v obou p\u0159\u00edpadech mluv\u00edme o tom sam\u00e9m \u2013 \u201euniverz\u00e1ln\u00ed rusk\u00e9 agresi ohro\u017euj\u00edc\u00ed ve\u0161ker\u00fd \u017eivot v na\u0161\u00ed Galaxii\u201c.<\/span><\/p>\n<p><span style=\"font-size: 18pt;\"><strong>Hitlerova \u0161ablona:<\/strong><\/span><\/p>\n<p><em><strong>\u201eZat\u00edmco N\u011bmecko na ja\u0159e 1940, dodr\u017euj\u00edc takzvanou \u00famluvu o p\u0159\u00e1telstv\u00ed, odvedlo sv\u00e9 jednotky daleko od v\u00fdchodn\u00ed hranice, p\u0159i\u010dem\u017e tyto oblasti z v\u011bt\u0161\u00ed \u010d\u00e1sti osvobodilo od n\u011bmeck\u00fdch vojensk\u00fdch jednotek, u\u017e tehdy se za\u010dalo strategick\u00e9 soust\u0159ed\u011bn\u00ed a rozmis\u0165ov\u00e1n\u00ed Rus\u016f v takov\u00e9m mno\u017estv\u00ed, \u017ee to bylo lze pova\u017eovat pouze za projev s\u00edly v\u016f\u010di N\u011bmecku.\u00a0Po Molotovov\u011b osobn\u00edm prohl\u00e1\u0161en\u00ed v t\u00e9 dob\u011b na ja\u0159e 1940 bylo jen v pobaltsk\u00fdch zem\u00edch 22 rusk\u00fdch diviz\u00ed.\u201c<\/strong><\/em><\/p>\n<p><span>A tady je pro srovn\u00e1n\u00ed p\u0159esn\u011b to sam\u00e9, v podstat\u011b modern\u00ed zd\u016fvodn\u011bn\u00ed anglosask\u00e9 agrese proti Rusku.\u00a0Rusk\u00e9 tanky jsou op\u011bt na cest\u011b do Evropy a mus\u00ed b\u00fdt jak\u00fdmkoli zp\u016fsobem urychlen\u011b zastaveny.<\/span><\/p>\n<p><img decoding=\"async\" loading=\"lazy\" class=\"aligncenter\" src=\"https:\/\/cdn.news-front.info\/uploads\/2023\/02\/4-1.jpg\" width=\"507\" height=\"727\" \/><\/p>\n<p><span>Bohu\u017eel Anglosasy, kte\u0159\u00ed si sami sebe p\u0159edstavuj\u00ed jako dokonal\u00e9 osobnosti a nositele \u201evy\u0161\u0161\u00ed pravdy\u201c, pl\u00e1polaj\u00edc\u00ed za jejich z\u00e1dy, historie nic neu\u010d\u00ed.\u00a0A hlavn\u011b je neu\u010d\u00ed element\u00e1rn\u00edmu respektu k siln\u00e9mu protivn\u00edkovi, pot\u0159eb\u011b br\u00e1t ohled na jeho z\u00e1jmy a db\u00e1t na jeho varov\u00e1n\u00ed.\u00a0A proto je pravd\u011bpodobnost, \u017ee dnes op\u011bt stoupaj\u00ed na tyt\u00e9\u017e hr\u00e1b\u011b, velmi vysok\u00e1.\u00a0A proto by si tito lond\u00fdn\u0161t\u00ed dandies nem\u011bli b\u00fdt tak jisti, \u017ee Rusov\u00e9 nebudou m\u00edt odhodl\u00e1n\u00ed srazit ten cylindr z jejich arogantn\u00ed hlavy.\u00a0Rusko velmi dob\u0159e v\u00ed, kdo proti n\u011bmu \u0161el do v\u00e1lky.\u00a0A pokud ti, kte\u0159\u00ed se to rozhodli ud\u011blat, opravdu nerozum\u00ed, \u017ee pro Moskvu to nen\u00ed \u017e\u00e1dn\u00e9 tajemstv\u00ed, pak jim to bude p\u0159ipomenuto t\u00edm nejp\u0159esv\u011bd\u010div\u011bj\u0161\u00edm a dokonce zu\u0159iv\u00fdm zp\u016fsobem.\u00a0Rusko m\u00e1 k tomu v\u0161echny mo\u017enosti.<\/span><\/p>\n<p><strong><span>Jurij Selivanov<\/span><\/strong><\/p>\n<p>&nbsp;<\/p>\n<p><img decoding=\"async\" loading=\"lazy\" class=\"wp-image-19187 aligncenter\" src=\"http:\/\/www.infokuryr.cz\/n\/wp-content\/uploads\/2022\/12\/1-PRO-300x36.jpg\" alt=\"\" width=\"1117\" height=\"134\" srcset=\"https:\/\/www.infokuryr.cz\/n\/wp-content\/uploads\/2022\/12\/1-PRO-300x36.jpg 300w, https:\/\/www.infokuryr.cz\/n\/wp-content\/uploads\/2022\/12\/1-PRO.jpg 699w\" sizes=\"(max-width: 1117px) 100vw, 1117px\" \/><\/p>\n<p>&nbsp;<\/p>\n<p><img decoding=\"async\" loading=\"lazy\" class=\"wp-image-22607 aligncenter\" src=\"http:\/\/www.infokuryr.cz\/n\/wp-content\/uploads\/2023\/02\/cesko_proti_bide-239x300.png\" alt=\"\" width=\"625\" height=\"784\" srcset=\"https:\/\/www.infokuryr.cz\/n\/wp-content\/uploads\/2023\/02\/cesko_proti_bide-239x300.png 239w, https:\/\/www.infokuryr.cz\/n\/wp-content\/uploads\/2023\/02\/cesko_proti_bide-816x1024.png 816w, https:\/\/www.infokuryr.cz\/n\/wp-content\/uploads\/2023\/02\/cesko_proti_bide-768x964.png 768w, https:\/\/www.infokuryr.cz\/n\/wp-content\/uploads\/2023\/02\/cesko_proti_bide.png 846w\" sizes=\"(max-width: 625px) 100vw, 625px\" \/><\/p>\n<p>&nbsp;<\/p>\n<p>&nbsp;<\/p>\n","protected":false},"excerpt":{"rendered":"<p>Divadlo z\u00e1padn\u00edch loutek je op\u011bt p\u0159ipraveno splnit v\u016fli sv\u00e9ho temn\u00e9ho p\u00e1na a poslat sv\u011bt do&#8230;<\/p>\n","protected":false},"author":2,"featured_media":22713,"comment_status":"closed","ping_status":"closed","sticky":false,"template":"","format":"standard","meta":[],"categories":[7],"tags":[2717,244,26,73,1000],"_links":{"self":[{"href":"https:\/\/www.infokuryr.cz\/n\/wp-json\/wp\/v2\/posts\/22712"}],"collection":[{"href":"https:\/\/www.infokuryr.cz\/n\/wp-json\/wp\/v2\/posts"}],"about":[{"href":"https:\/\/www.infokuryr.cz\/n\/wp-json\/wp\/v2\/types\/post"}],"author":[{"embeddable":true,"href":"https:\/\/www.infokuryr.cz\/n\/wp-json\/wp\/v2\/users\/2"}],"replies":[{"embeddable":true,"href":"https:\/\/www.infokuryr.cz\/n\/wp-json\/wp\/v2\/comments?post=22712"}],"version-history":[{"count":0,"href":"https:\/\/www.infokuryr.cz\/n\/wp-json\/wp\/v2\/posts\/22712\/revisions"}],"wp:featuredmedia":[{"embeddable":true,"href":"https:\/\/www.infokuryr.cz\/n\/wp-json\/wp\/v2\/media\/22713"}],"wp:attachment":[{"href":"https:\/\/www.infokuryr.cz\/n\/wp-json\/wp\/v2\/media?parent=22712"}],"wp:term":[{"taxonomy":"category","embeddable":true,"href":"https:\/\/www.infokuryr.cz\/n\/wp-json\/wp\/v2\/categories?post=22712"},{"taxonomy":"post_tag","embeddable":true,"href":"https:\/\/www.infokuryr.cz\/n\/wp-json\/wp\/v2\/tags?post=22712"}],"curies":[{"name":"wp","href":"https:\/\/api.w.org\/{rel}","templated":true}]}}