{"id":22710,"date":"2023-02-11T05:18:02","date_gmt":"2023-02-11T04:18:02","guid":{"rendered":"http:\/\/www.infokuryr.cz\/n\/?p=22710"},"modified":"2023-02-11T05:18:02","modified_gmt":"2023-02-11T04:18:02","slug":"krvavy-klaun-zelenskij-zvysuje-sazky","status":"publish","type":"post","link":"https:\/\/www.infokuryr.cz\/n\/2023\/02\/11\/krvavy-klaun-zelenskij-zvysuje-sazky\/","title":{"rendered":"Krvav\u00fd klaun Zelenskij zvy\u0161uje s\u00e1zky"},"content":{"rendered":"<div id=\"fb-root\"><\/div>\n<p><span style=\"font-size: 18pt;\"><strong>Rumunsk\u00e9 ministerstvo obrany ozn\u00e1milo, \u017ee 10. \u00fanora rusk\u00e9 rakety vzdu\u0161n\u00fd prostor Rumunska nenaru\u0161ily.<\/strong><\/span><\/p>\n<p><em>Vojensk\u00fd resort up\u0159esnil, \u017ee bod c\u00edlov\u00e9 trajektorie nejbl\u00ed\u017ee vzdu\u0161n\u00e9mu prostoru Rumunska zaregistrovaly radarov\u00e9 syst\u00e9my asi 35 km severov\u00fdchodn\u011b od hranice.<\/em><\/p>\n<p><span>P\u0159itom krvav\u00fd klaun Zelenskij trv\u00e1 na tom, \u017ee nad \u00fazem\u00edm Rumunska p\u0159el\u00e9tly dv\u011b rakety \u201eKalibr\u201c.\u00a0Podobn\u00e9 prohl\u00e1\u0161en\u00ed, \u017ee nep\u0159elet\u011bly rakety, u\u010dinilo i Moldavsko.<\/span><\/p>\n<p><em>\u201eExistuj\u00ed radarov\u00e9 \u00fadaje, prost\u0159edky objektivn\u00ed kontroly.\u00a0Tuto situaci samoz\u0159ejm\u011b sledovaly i \u010dlensk\u00e9 zem\u011b NATO.\u00a0Mysl\u00edm si, \u017ee k tomu budou materi\u00e1ly.\u00a0Po\u010dk\u00e1me, a\u017e budou poskytnuty materi\u00e1ly, kam tyto rakety skute\u010dn\u011b let\u011bly, podle na\u0161ich \u00fadaj\u016f byly radarov\u00fdmi prost\u0159edky pozorov\u00e1ny dv\u011b rakety \u201eKalibr\u201c,\u201c \u0159ekl na mimo\u0159\u00e1dn\u00e9m br\u00edfinku Jurij Ignat, mluv\u010d\u00ed vzdu\u0161n\u00fdch sil.<\/em><\/p>\n<p><span>Zelenskij dokonce ozna\u010dil fiktivn\u00ed incident za <strong>\u201ev\u00fdzvu pro NATO\u201c<\/strong>.<\/span><\/p>\n<p><span>Tak\u017ee tento zakomplexovan\u00fd nafetovan\u00fd nikdo, tak jako nikdo jin\u00fd, tla\u010d\u00ed sv\u011bt do t\u0159et\u00ed sv\u011btov\u00e9 v\u00e1lky, je\u0161t\u011b i s takov\u00fdm z\u00e1n\u011btem a vytrvalost\u00ed!<\/span><\/p>\n<p><em>Nakonec, pamatujeme si p\u0159\u00edpad, kdy stejn\u00fdm debiln\u00edm zp\u016fsobem trval na tom, \u017ee ukrajinsk\u00e9 rakety, kter\u00e9 zabily v Polsku dva roln\u00edky, byly rusk\u00e9, p\u0159esto\u017ee u\u017e i polsk\u00e9 \u00fa\u0159ady a cel\u00fd kolektivn\u00ed Z\u00e1pad p\u0159iznaly, \u017ee to byli banderovci.<\/em><\/p>\n<p>&nbsp;<\/p>\n<div style=\"width: 640px;\" class=\"wp-video\"><!--[if lt IE 9]><script>document.createElement('video');<\/script><![endif]-->\n<video class=\"wp-video-shortcode\" id=\"video-22710-1\" width=\"640\" height=\"362\" preload=\"metadata\" controls=\"controls\"><source type=\"video\/mp4\" src=\"http:\/\/www.infokuryr.cz\/n\/wp-content\/uploads\/2023\/02\/zmrd.mp4?_=1\" \/><a href=\"http:\/\/www.infokuryr.cz\/n\/wp-content\/uploads\/2023\/02\/zmrd.mp4\">http:\/\/www.infokuryr.cz\/n\/wp-content\/uploads\/2023\/02\/zmrd.mp4<\/a><\/video><\/div>\n<p>&nbsp;<\/p>\n<p><img decoding=\"async\" loading=\"lazy\" class=\"alignnone size-full wp-image-1185\" src=\"http:\/\/www.infokuryr.cz\/n\/wp-content\/uploads\/2021\/04\/kuryr-podpis.png\" alt=\"\" width=\"84\" height=\"24\" \/><\/p>\n<p>&nbsp;<\/p>\n<p><img decoding=\"async\" loading=\"lazy\" class=\"wp-image-19187 aligncenter\" src=\"http:\/\/www.infokuryr.cz\/n\/wp-content\/uploads\/2022\/12\/1-PRO-300x36.jpg\" alt=\"\" width=\"1117\" height=\"134\" srcset=\"https:\/\/www.infokuryr.cz\/n\/wp-content\/uploads\/2022\/12\/1-PRO-300x36.jpg 300w, https:\/\/www.infokuryr.cz\/n\/wp-content\/uploads\/2022\/12\/1-PRO.jpg 699w\" sizes=\"(max-width: 1117px) 100vw, 1117px\" \/><\/p>\n<p>&nbsp;<\/p>\n<p>&nbsp;<\/p>\n<p><img decoding=\"async\" loading=\"lazy\" class=\"wp-image-22607 aligncenter\" src=\"http:\/\/www.infokuryr.cz\/n\/wp-content\/uploads\/2023\/02\/cesko_proti_bide-239x300.png\" alt=\"\" width=\"742\" height=\"931\" srcset=\"https:\/\/www.infokuryr.cz\/n\/wp-content\/uploads\/2023\/02\/cesko_proti_bide-239x300.png 239w, https:\/\/www.infokuryr.cz\/n\/wp-content\/uploads\/2023\/02\/cesko_proti_bide-816x1024.png 816w, https:\/\/www.infokuryr.cz\/n\/wp-content\/uploads\/2023\/02\/cesko_proti_bide-768x964.png 768w, https:\/\/www.infokuryr.cz\/n\/wp-content\/uploads\/2023\/02\/cesko_proti_bide.png 846w\" sizes=\"(max-width: 742px) 100vw, 742px\" \/><\/p>\n","protected":false},"excerpt":{"rendered":"<p>Rumunsk\u00e9 ministerstvo obrany ozn\u00e1milo, \u017ee 10. \u00fanora rusk\u00e9 rakety vzdu\u0161n\u00fd prostor Rumunska nenaru\u0161ily. Vojensk\u00fd resort&#8230;<\/p>\n","protected":false},"author":2,"featured_media":20756,"comment_status":"closed","ping_status":"closed","sticky":false,"template":"","format":"standard","meta":[],"categories":[7],"tags":[851,39,349,196,1000],"_links":{"self":[{"href":"https:\/\/www.infokuryr.cz\/n\/wp-json\/wp\/v2\/posts\/22710"}],"collection":[{"href":"https:\/\/www.infokuryr.cz\/n\/wp-json\/wp\/v2\/posts"}],"about":[{"href":"https:\/\/www.infokuryr.cz\/n\/wp-json\/wp\/v2\/types\/post"}],"author":[{"embeddable":true,"href":"https:\/\/www.infokuryr.cz\/n\/wp-json\/wp\/v2\/users\/2"}],"replies":[{"embeddable":true,"href":"https:\/\/www.infokuryr.cz\/n\/wp-json\/wp\/v2\/comments?post=22710"}],"version-history":[{"count":0,"href":"https:\/\/www.infokuryr.cz\/n\/wp-json\/wp\/v2\/posts\/22710\/revisions"}],"wp:featuredmedia":[{"embeddable":true,"href":"https:\/\/www.infokuryr.cz\/n\/wp-json\/wp\/v2\/media\/20756"}],"wp:attachment":[{"href":"https:\/\/www.infokuryr.cz\/n\/wp-json\/wp\/v2\/media?parent=22710"}],"wp:term":[{"taxonomy":"category","embeddable":true,"href":"https:\/\/www.infokuryr.cz\/n\/wp-json\/wp\/v2\/categories?post=22710"},{"taxonomy":"post_tag","embeddable":true,"href":"https:\/\/www.infokuryr.cz\/n\/wp-json\/wp\/v2\/tags?post=22710"}],"curies":[{"name":"wp","href":"https:\/\/api.w.org\/{rel}","templated":true}]}}