{"id":22646,"date":"2023-02-10T06:10:05","date_gmt":"2023-02-10T05:10:05","guid":{"rendered":"http:\/\/www.infokuryr.cz\/n\/?p=22646"},"modified":"2023-02-10T06:10:05","modified_gmt":"2023-02-10T05:10:05","slug":"jonathan-cook-rusko-ukrajinska-valka-2-0-kde-to-skonci","status":"publish","type":"post","link":"https:\/\/www.infokuryr.cz\/n\/2023\/02\/10\/jonathan-cook-rusko-ukrajinska-valka-2-0-kde-to-skonci\/","title":{"rendered":"Jonathan Cook: Rusko-ukrajinsk\u00e1 v\u00e1lka 2.0: Kde to skon\u010d\u00ed?"},"content":{"rendered":"<div id=\"fb-root\"><\/div>\n<section class=\"perex\"><strong>T\u00e9m\u011b\u0159 ihned pot\u00e9, co hlavn\u00ed zem\u011b NATO v \u010dele s USA sl\u00edbily dodat Ukrajin\u011b bojov\u00e9 tanky, se ozvaly hlasy\u00a0<a href=\"https:\/\/www.politico.eu\/article\/ukraine-volodymyr-zelenskyy-russia-war-after-tanks-the-west-mulls-discussion-on-fighter-jets\/\" target=\"_blank\" rel=\"external noopener\">varuj\u00edc\u00ed<\/a>, \u017ee samotn\u00e9 tanky pravd\u011bpodobn\u011b nezvr\u00e1t\u00ed pr\u016fb\u011bh v\u00e1lky proti Rusku.<\/strong><\/p>\n<\/section>\n<section class=\"clanek-obsah\">Podtext \u2013 ten, kter\u00e9ho si z\u00e1padn\u00ed p\u0159edstavitel\u00e9 doufaj\u00ed, \u017ee si jejich ve\u0159ejnost nev\u0161imne \u2013 je, \u017ee Ukrajina\u00a0<a href=\"https:\/\/www.cbsnews.com\/news\/ukraine-news-russia-war-kyiv-confirms-retreat-from-soledar-near-bakhmut\/\" target=\"_blank\" rel=\"external noopener\">se sna\u017e\u00ed<\/a>\u00a0udr\u017eet linii, zat\u00edmco Rusko\u00a0<a href=\"https:\/\/www.reuters.com\/world\/europe\/russias-partial-mobilisation-will-see-300000-drafted-defence-minister-2022-09-21\/\" target=\"_blank\" rel=\"external noopener\">zvy\u0161uje<\/a>\u00a0po\u010det sv\u00fdch voj\u00e1k\u016f a \u00fato\u010d\u00ed na ukrajinskou obranu.<\/p>\n<p>Trval\u00e9 rozd\u011blen\u00ed Ukrajiny na dva protich\u016fdn\u00e9 bloky \u2013 jeden v\u00edce prorusk\u00fd, druh\u00fd v\u00edce pronacistick\u00fd \u2013 se zd\u00e1 b\u00fdt st\u00e1le pravd\u011bpodobn\u011bj\u0161\u00ed.<\/p>\n<p>Ukrajinsk\u00fd prezident Volodymyr Zelenskyj se neost\u00fdch\u00e1 Z\u00e1padu sd\u011blit, co o\u010dek\u00e1v\u00e1 p\u0159\u00ed\u0161t\u011b:\u00a0<a href=\"https:\/\/www.politico.eu\/article\/ukraine-volodymyr-zelenskyy-russia-war-after-tanks-the-west-mulls-discussion-on-fighter-jets\/\" target=\"_blank\" rel=\"external noopener\">st\u00edha\u010dky<\/a>, zejm\u00e9na americk\u00e9 F16.<\/p>\n<p>Kyjev by r\u00e1d poru\u0161il to, co z\u00e1padn\u00ed m\u00e9dia ozna\u010dila za \u201etabu\u201c, a zapojil letouny NATO p\u0159\u00edmo do v\u00e1lky na Ukrajin\u011b. Toto\u00a0<em>tabu<\/em>\u00a0m\u00e1 dobr\u00fd d\u016fvod: pou\u017eit\u00ed t\u011bchto st\u00edha\u010dek by Ukrajin\u011b umo\u017enilo roz\u0161\u00ed\u0159it boji\u0161t\u011b na rusk\u00e9 nebe a zapojit do sv\u00e9 ofenzivy Evropu a USA.<\/p>\n<p>Pro\u010d ale p\u0159edpokl\u00e1dat, \u017ee tabu Z\u00e1padu ohledn\u011b dod\u00e1vek bojov\u00fdch letoun\u016f je skute\u010dn\u011b siln\u011bj\u0161\u00ed ne\u017e d\u0159\u00edv\u011bj\u0161\u00ed tabu ohledn\u011b vysl\u00e1n\u00ed bojov\u00fdch tank\u016f NATO na Ukrajinu? Jak\u00a0<a href=\"https:\/\/www.politico.eu\/article\/ukraine-volodymyr-zelenskyy-russia-war-after-tanks-the-west-mulls-discussion-on-fighter-jets\/\" target=\"_blank\" rel=\"external noopener\">poznamenal<\/a>\u00a0jeden evropsk\u00fd p\u0159edstavitel v \u010dl\u00e1nku pro Politico: \u201eSt\u00edha\u010dky jsou dnes naprosto nep\u0159edstaviteln\u00e9, ale tuto diskusi m\u016f\u017eeme v\u00e9st za dva, t\u0159i t\u00fddny.\u201c<\/p>\n<p>A jist\u011b, b\u011bhem n\u011bkolika dn\u00ed Zelensk\u00e9ho kancel\u00e1\u0159 uvedla, \u017ee z Polska\u00a0<a href=\"https:\/\/thehill.com\/homenews\/3836456-ukraine-says-poland-sending-positive-signals-about-providing-f-16-fighter-jets\/\" target=\"_blank\" rel=\"external noopener\">p\u0159i\u0161ly<\/a>\u00a0\u201epozitivn\u00ed sign\u00e1ly\u201c ohledn\u011b dod\u00e1vek F16 Ukrajin\u011b. Francouzsk\u00fd prezident Emmanuel Macron rovn\u011b\u017e odm\u00edtl vylou\u010dit mo\u017enost p\u0159isp\u011bt bojov\u00fdmi letouny.<\/p>\n<h2>Zv\u00fd\u0161en\u00ed s\u00e1zek<\/h2>\n<p>Fungov\u00e1n\u00ed NATO m\u00e1 svou logiku. Krok za krokem se st\u00e1le hloub\u011bji pono\u0159uje do v\u00e1lky. Za\u010dalo to sankcemi, po nich\u017e n\u00e1sledovaly dod\u00e1vky obrann\u00fdch zbran\u00ed. Pot\u00e9 NATO p\u0159e\u0161lo k vyd\u00e1v\u00e1n\u00ed \u00fato\u010dn\u011bj\u0161\u00edch zbran\u00ed, p\u0159i\u010dem\u017e jen USA dosud\u00a0<a href=\"https:\/\/www.cnbc.com\/2022\/12\/24\/us-house-approves-ukraine-aid-including-arms-after-zelenskyy-visit.html\" target=\"_blank\" rel=\"external noopener\">poskytly<\/a>\u00a0pomoc v celkov\u00e9 v\u00fd\u0161i p\u0159ibli\u017en\u011b 100 miliard dolar\u016f. NATO nyn\u00ed dod\u00e1v\u00e1 hlavn\u00ed zbran\u011b pro pozemn\u00ed v\u00e1lku. Pro\u010d by se nemohlo p\u0159\u00ed\u0161t\u011b zapojit do boje o vzdu\u0161nou nadvl\u00e1du?<\/p>\n<p>Nebo, jak ned\u00e1vno poznamenal \u0161\u00e9f NATO Jens Stoltenberg, kter\u00fd\u00a0<a href=\"https:\/\/twitter.com\/NATOpress\/status\/1615778380669927448\" target=\"_blank\" rel=\"external noopener\">opakoval<\/a>\u00a0dystopick\u00fd rom\u00e1n 1984 George Orwella: \u201eZbran\u011b jsou cestou k m\u00edru.\u201c<\/p>\n<p>Pravd\u011bpodobn\u011bj\u0161\u00ed je v\u0161ak opak. S ka\u017ed\u00fdm dal\u0161\u00edm krokem, kter\u00fd u\u010din\u00ed, hroz\u00ed z\u00fa\u010dastn\u011bn\u00fdm stran\u00e1m v\u011bt\u0161\u00ed riziko ztr\u00e1ty, pokud ustoup\u00ed. \u010c\u00edm d\u00e9le odm\u00edtaj\u00ed zasednout k jednac\u00edmu stolu, t\u00edm v\u011bt\u0161\u00ed je tlak na pokra\u010dov\u00e1n\u00ed v boji.<\/p>\n<p>To u\u017e neplat\u00ed jen pro Rusko a Ukrajinu. Evropa a Washington maj\u00ed nyn\u00ed tak\u00e9 spoustu k\u016f\u017ee p\u0159\u00edmo ve h\u0159e.<\/p>\n<p>Koncem minul\u00e9ho m\u011bs\u00edce\u00a0<a href=\"https:\/\/www.youtube.com\/watch?v=U7XV-ujwuu4\" target=\"_blank\" rel=\"external noopener\">prohl\u00e1sila<\/a>\u00a0n\u011bmeck\u00e1 ministryn\u011b zahrani\u010d\u00ed Anna Baerbockov\u00e1 na zased\u00e1n\u00ed Rady Evropy ve \u0160trasburku n\u011bco, co zn\u011blo jako freudovsk\u00e9 uklouznut\u00ed: \u201e<i>Vedeme v\u00e1lku proti Rusku.<\/i>\u201c V\u00e1lka proti Rusku je v podstat\u011b v\u00e1lka. O n\u011bkolik dn\u00ed d\u0159\u00edve se ukrajinsk\u00fd ministr obrany\u00a0<a href=\"https:\/\/twitter.com\/aaronjmate\/status\/1613086637571080192\" target=\"_blank\" rel=\"external noopener\">vyj\u00e1d\u0159il<\/a>\u00a0v podstat\u011b stejn\u011b: \u201e<i>My [Ukrajina] dnes pln\u00edme misi NATO, ani\u017e bychom p\u0159itom prol\u00e9vali jejich krev<\/i>\u201c.<\/p>\n<div class=\"podcarou\">\n<p><a href=\"https:\/\/www.globalresearch.ca\/russia-ukraine-war-2-0-first-tanks-then-f16s-where-does-this-end\/5807711\" target=\"_blank\" rel=\"external noopener\">Russia-Ukraine war 2.0: First Tanks, Then F16s\u2026 Where Does this End?<\/a> vy\u0161el 7.2.2023 na Global Research. P\u0159eklad Zv\u011bdavec.<\/p>\n<p>P\u0159evzato\u00a0<a href=\"https:\/\/zvedavec.news\/komentare\/2023\/02\/9538-.htm\">Zvedavec.org<\/a><\/p>\n<\/div>\n<\/section>\n<p>&nbsp;<\/p>\n<p><img decoding=\"async\" loading=\"lazy\" class=\"wp-image-19187 aligncenter\" src=\"http:\/\/www.infokuryr.cz\/n\/wp-content\/uploads\/2022\/12\/1-PRO-300x36.jpg\" alt=\"\" width=\"1125\" height=\"135\" srcset=\"https:\/\/www.infokuryr.cz\/n\/wp-content\/uploads\/2022\/12\/1-PRO-300x36.jpg 300w, https:\/\/www.infokuryr.cz\/n\/wp-content\/uploads\/2022\/12\/1-PRO.jpg 699w\" sizes=\"(max-width: 1125px) 100vw, 1125px\" \/><\/p>\n<p>&nbsp;<\/p>\n","protected":false},"excerpt":{"rendered":"<p>T\u00e9m\u011b\u0159 ihned pot\u00e9, co hlavn\u00ed zem\u011b NATO v \u010dele s USA sl\u00edbily dodat Ukrajin\u011b bojov\u00e9&#8230;<\/p>\n","protected":false},"author":2,"featured_media":20339,"comment_status":"closed","ping_status":"closed","sticky":false,"template":"","format":"standard","meta":[],"categories":[7],"tags":[22,1549,26,40],"_links":{"self":[{"href":"https:\/\/www.infokuryr.cz\/n\/wp-json\/wp\/v2\/posts\/22646"}],"collection":[{"href":"https:\/\/www.infokuryr.cz\/n\/wp-json\/wp\/v2\/posts"}],"about":[{"href":"https:\/\/www.infokuryr.cz\/n\/wp-json\/wp\/v2\/types\/post"}],"author":[{"embeddable":true,"href":"https:\/\/www.infokuryr.cz\/n\/wp-json\/wp\/v2\/users\/2"}],"replies":[{"embeddable":true,"href":"https:\/\/www.infokuryr.cz\/n\/wp-json\/wp\/v2\/comments?post=22646"}],"version-history":[{"count":0,"href":"https:\/\/www.infokuryr.cz\/n\/wp-json\/wp\/v2\/posts\/22646\/revisions"}],"wp:featuredmedia":[{"embeddable":true,"href":"https:\/\/www.infokuryr.cz\/n\/wp-json\/wp\/v2\/media\/20339"}],"wp:attachment":[{"href":"https:\/\/www.infokuryr.cz\/n\/wp-json\/wp\/v2\/media?parent=22646"}],"wp:term":[{"taxonomy":"category","embeddable":true,"href":"https:\/\/www.infokuryr.cz\/n\/wp-json\/wp\/v2\/categories?post=22646"},{"taxonomy":"post_tag","embeddable":true,"href":"https:\/\/www.infokuryr.cz\/n\/wp-json\/wp\/v2\/tags?post=22646"}],"curies":[{"name":"wp","href":"https:\/\/api.w.org\/{rel}","templated":true}]}}