{"id":22543,"date":"2023-02-09T06:01:53","date_gmt":"2023-02-09T05:01:53","guid":{"rendered":"http:\/\/www.infokuryr.cz\/n\/?p=22543"},"modified":"2023-02-09T06:01:53","modified_gmt":"2023-02-09T05:01:53","slug":"rozdeleni-ukrajiny-podle-scenare-dvou-koreji-by-prineslo-ukrajine-bonusy-od-kolektivniho-zapadu","status":"publish","type":"post","link":"https:\/\/www.infokuryr.cz\/n\/2023\/02\/09\/rozdeleni-ukrajiny-podle-scenare-dvou-koreji-by-prineslo-ukrajine-bonusy-od-kolektivniho-zapadu\/","title":{"rendered":"Rozd\u011blen\u00ed Ukrajiny podle sc\u00e9n\u00e1\u0159e dvou Korej\u00ed by p\u0159ineslo Ukrajin\u011b bonusy od kolektivn\u00edho Z\u00e1padu!"},"content":{"rendered":"<div id=\"fb-root\"><\/div>\n<h4>Rozd\u011blen\u00ed Ukrajiny podle sc\u00e9n\u00e1\u0159e dvou Korej\u00ed by p\u0159ineslo Ukrajin\u011b bonusy od kolektivn\u00edho Z\u00e1padu! Zp\u011btn\u00e1 vazba nenapln\u011bn\u00fdch o\u010dek\u00e1v\u00e1n\u00ed zas\u00e1hne na\u0161i mor\u00e1lku natolik, \u017ee se z toho v\u0161ichni zbl\u00e1zn\u00edme! Na por\u00e1\u017eku Ruska dostatek mu\u017e\u016f m\u00edt nebudeme! Nejnov\u011bj\u0161\u00ed v\u00fdroky Alexeje Arestovi\u010de jako b\u00fdval\u00e9ho poradce Zelensk\u00e9ho potvrzuj\u00ed, \u017ee na Ukrajin\u011b se u\u017e re\u00e1ln\u011b po\u010d\u00edt\u00e1 s rozd\u011blen\u00edm Ukrajiny podle kl\u00ed\u010de inspirovan\u00e9ho z Korejsk\u00e9 v\u00e1lky a rovn\u011b\u017e z izraelsko-egyptsk\u00e9ho konfliktu! Arestovi\u010d formuje novou opozici Kyjevu a m\u00e1 ochranu Washingtonu a B\u00edl\u00e9ho domu, uv\u00e1d\u00ed rusk\u00e1 rozv\u011bdka!<\/h4>\n<p>Na Ukrajin\u011b se odehr\u00e1vaj\u00ed neuv\u011b\u0159iteln\u00e9 v\u011bci nejen na front\u011b, ale i v politick\u00e9m z\u00e1kulis\u00ed. B\u00fdval\u00fd a ned\u00e1vno odvolan\u00fd poradce Volodymyra Zelensk\u00e9ho se toti\u017e v nejnov\u011bj\u0161\u00edm videocastu znovu rozjel a tentokr\u00e1t u\u017e natvrdo a bez okolk\u016f za\u010dal razit my\u0161lenku \u201crealpolitik\u201d a vyslovil se pro rozd\u011blen\u00ed Ukrajiny.\u00a0<strong>Alexej Arestovi\u010d v po\u0159adu otev\u0159en\u011b lobboval pro my\u0161lenku rozd\u011blen\u00ed Ukrajiny podle tzv. Korejsk\u00e9ho modelu<\/strong>, o kter\u00e9m jsem u\u017e minul\u00fd rok n\u011bkolikr\u00e1t hovo\u0159il na Svobodn\u00e9m vys\u00edla\u010di CS a rovn\u011b\u017e i v n\u011bkolika \u010dl\u00e1nc\u00edch jsem nadnesl tuto mo\u017enost pro Ukrajinu.<\/p>\n<p>A jak se ukazuje, pr\u00e1v\u011b model dvou Korej\u00ed, kter\u00fd vznikl v 50. letech minul\u00e9ho stolet\u00ed po uzav\u0159en\u00ed p\u0159\u00edm\u011b\u0159\u00ed mezi severn\u00ed a ji\u017en\u00ed \u010d\u00e1st\u00ed Korejsk\u00e9ho poloostrova, by se mohl s lehk\u00fdmi \u00fapravami aplikovat i na konflikt na Ukrajin\u011b, p\u0159esto\u017ee je\u0161t\u011b p\u0159ed n\u011bkolika m\u011bs\u00edci o tom nikdo neuva\u017eoval, jak Arestovi\u010d v po\u0159adu p\u0159iznal.\u00a0Podle Arestovi\u010de nem\u00e1 a nebude m\u00edt Ukrajina dostatek voj\u00e1k\u016f, ide\u00e1ln\u011b okolo 400 000 mu\u017e\u016f, kte\u0159\u00ed by mohli dokonale ovl\u00e1dat v\u0161echnu dodanou z\u00e1padn\u00ed techniku.<\/p>\n<p>&nbsp;<\/p>\n<div id=\"rumble_v266jwe\">\n<div id=\"vid_v266jwe\" class=\"rumble_v266jwe-Rumble-cls\" tabindex=\"-1\">\n<div class=\"bigPlayUI ctp\">\n<div class=\"bigPlayUIInner ctp\"><div class='videoWrapper'>\r\n\t            <iframe src='https:\/\/rumble.com\/embed\/pj.v266jwe\/' frameborder='0' allowfullscreen><\/iframe>\r\n\t        <\/div><\/div>\n<\/div>\n<\/div>\n<\/div>\n<p>&nbsp;<\/p>\n<p>Arestovi\u010d tak ofici\u00e1ln\u011b potvrdil tezi Aeronetu, kdy na\u0161e redakce u\u017e dlouho tvrd\u00ed, \u017ee Ukrajina nem\u00e1 dostatek vojensk\u00e9ho person\u00e1lu pro obsluhu slibovan\u00fdch objem\u016f z\u00e1padn\u00ed techniky pro Ukrajinu. Ukrajinc\u016fm bylo slibov\u00e1no, \u017ee do zimy bude osvobozen Krym, ale v\u0161echno je to nakonec jinak a Arestovi\u010d varoval, \u017ee zp\u011btn\u00e1 vazba nespln\u011bn\u00fdch o\u010dek\u00e1v\u00e1n\u00ed zas\u00e1hne mor\u00e1lku ukrajinsk\u00e9 spole\u010dnosti tak siln\u011b, \u017ee se z toho v\u0161ichni zbl\u00e1zn\u00ed. P\u0159edstavy o por\u00e1\u017ece Rusk\u00e9 arm\u00e1dy se nenapln\u00ed a ukrajinsk\u00e1 spole\u010dnost se na to mus\u00ed podle Arestovi\u010de p\u0159ipravit. Tedy klasick\u00e1 konceptu\u00e1ln\u00ed p\u0159\u00edprava Ukrajinc\u016f na \u010deln\u00ed st\u0159et s realitou, to je p\u0159esn\u011b pr\u00e1ce, kterou te\u010f Arestovi\u010d odv\u00e1d\u00ed v informa\u010dn\u00edm poli Ukrajiny.<\/p>\n<h6><span style=\"font-size: 18pt;\">Arestovi\u010d rozjel kampa\u0148 za ukon\u010den\u00ed v\u00e1lky formou rozd\u011blen\u00ed Ukrajiny podle Korejsk\u00e9ho modelu<\/span><\/h6>\n<p>Rusko m\u016f\u017ee podle Arestovi\u010de mobilizovat ka\u017ed\u00e9 3 m\u011bs\u00edce prakticky 200 000 nov\u00fdch mu\u017e\u016f, po\u0159\u00e1d dokola a je\u0161t\u011b velmi dlouho, co\u017e je absolutn\u011b mimo mo\u017enosti Kyjeva, aby tyto mobilizace na rusk\u00e9 stran\u011b dok\u00e1zal vyrovn\u00e1vat na stran\u011b Ukrajiny.\u00a0<strong>Prakticky 87% ukrajinsk\u00e9 populace uv\u011b\u0159ilo propagand\u011b Kyjeva, kterou ale pom\u00e1hal Arestovi\u010d formovat od sam\u00e9ho po\u010d\u00e1tku a nyn\u00ed se tv\u00e1\u0159\u00ed, \u017ee to nebyla jeho vina<\/strong>, \u017ee prost\u011b dost\u00e1val od arm\u00e1dy a od Alexeje Reznikova, ministra obrany, fale\u0161n\u00e9 informace. Reznikov je namo\u010den v korup\u010dn\u00edm skand\u00e1lu odkl\u00e1n\u011bn\u00ed pen\u011bz ze z\u00e1padu do soukrom\u00fdch kapes. A t\u00edm se dost\u00e1v\u00e1me k roli Arestovi\u010de.<\/p>\n<figure id=\"attachment_54701\" class=\"wp-caption aligncenter\" style=\"width: 691px;\"><a href=\"https:\/\/aeronet.news\/wp-content\/uploads\/AlexejReznikov.jpg\"><img decoding=\"async\" loading=\"lazy\" class=\"wp-image-54701 \" src=\"https:\/\/aeronet.news\/wp-content\/uploads\/AlexejReznikov-1024x682.jpg\" sizes=\"(max-width: 700px) 100vw, 700px\" srcset=\"https:\/\/aeronet.news\/wp-content\/uploads\/AlexejReznikov-1024x682.jpg 1024w, https:\/\/aeronet.news\/wp-content\/uploads\/AlexejReznikov-300x200.jpg 300w, https:\/\/aeronet.news\/wp-content\/uploads\/AlexejReznikov-768x512.jpg 768w, https:\/\/aeronet.news\/wp-content\/uploads\/AlexejReznikov-700x466.jpg 700w, https:\/\/aeronet.news\/wp-content\/uploads\/AlexejReznikov-536x357.jpg 536w, https:\/\/aeronet.news\/wp-content\/uploads\/AlexejReznikov-725x483.jpg 725w, https:\/\/aeronet.news\/wp-content\/uploads\/AlexejReznikov.jpg 1280w\" alt=\"\" width=\"691\" height=\"461\" \/><\/a><figcaption class=\"wp-caption-text\">Alexej Reznikov, ministr obrany Ukrajiny<\/figcaption><\/figure>\n<p>Mnoho Ukrajinc\u016f a rovn\u011b\u017e Rus\u016f udivuje role Alexeje Arestovi\u010de v posledn\u00edch t\u00fddnech, kter\u00fd naprosto neuv\u011b\u0159iteln\u011b a nepochopiteln\u011b bez strachu nat\u00e1\u010d\u00ed videa s n\u00e1zory, za kter\u00e9 se norm\u00e1ln\u011b na Ukrajin\u011b lid\u00e9 popravuj\u00ed. Podle rusk\u00fdch novin\u00e1\u0159\u016f, se kter\u00fdmi na\u0161e redakce spolupracuje, m\u00e1 Arestovi\u010d ochranku americk\u00e9 bezpe\u010dnostn\u00ed firmy\u00a0<em>Constellis<\/em>. Podle zdroj\u016f rusk\u00e9 rozv\u011bdky je pod ochranou americk\u00e9 CIA a ministerstva zahrani\u010d\u00ed USA.<\/p>\n<p>To naprosto nepochybn\u011b vysv\u011btluje jeho suver\u00e9nn\u00ed vystupov\u00e1n\u00ed bez obav z repres\u00ed nebo z obvin\u011bn\u00ed z vlastizrady, co\u017e se d\u011bje na Ukrajin\u011b v posledn\u00edch t\u00fddnech pravideln\u011b, tak\u017ee novin\u00e1\u0159i u\u017e maj\u00ed strach cokoliv ps\u00e1t a pouze p\u0159eb\u00edraj\u00ed tiskov\u00e1 prohl\u00e1\u0161en\u00ed od ukrajinsk\u00e9 tiskov\u00e9 agentury. Arestovi\u010d je podle rusk\u00fdch novin\u00e1\u0159\u016f chr\u00e1n\u011bncem B\u00edl\u00e9ho domu a vl\u00e1dy Joe Bidena, kter\u00e1 se sna\u017e\u00ed potaj\u00ed s Ruskem vyjednat m\u00edr na Ukrajin\u011b. D\u016fvod? Ten v\u00e1s asi nep\u0159ekvap\u00ed. T\u00edm d\u016fvodem jsou prezidentsk\u00e9 volby v USA u\u017e p\u0159\u00ed\u0161t\u00ed rok!<\/p>\n<h6><span style=\"font-size: 18pt;\">B\u00fdval\u00fd poradce Zelensk\u00e9ho m\u00e1 americkou ochranku a n\u00e1v\u0161t\u011bva \u0161\u00e9fa CIA v Kremlu nab\u00edzela Rusku tot\u00e9\u017e, o \u010dem mluv\u00ed Arestovi\u010d<\/span><\/h6>\n<p>Ano, pokud chce Joe Biden a Demokratick\u00e1 strana m\u00edt n\u011bjakou \u0161anci, mus\u00ed m\u00edt do doby voleb v USA v listopadu 2024 v ruce n\u011bjak\u00fd trumf, n\u011bjak\u00e9 eso, a t\u00edm by mohlo b\u00fdt pr\u00e1v\u011b vyjedn\u00e1n\u00ed m\u00edru na Ukrajin\u011b. Douf\u00e1m, \u017ee u\u017e ch\u00e1pete, v jak\u00e9 roli je te\u010f Arestovi\u010d.\u00a0<strong>Ten je v roli konceptu\u00e1la, kter\u00fd m\u00e1 za \u00fakol p\u0159ipravit ukrajinskou ve\u0159ejnost na \u010deln\u00ed sr\u00e1\u017eku s realitou, tedy prov\u00e9st ideovou a ideologickou rozborku ukrajinsk\u00e9 a cel\u00fd minul\u00fd rok budovan\u00e9 propagandy o v\u00edt\u011bzstv\u00ed Ukrajiny.<\/strong>\u00a0Pr\u00e1v\u011b Arestovi\u010d byl t\u00edmto \u00fakolem pov\u011b\u0159en, proto\u017ee m\u00e1 miliony sleduj\u00edc\u00edch a co \u0159ekne Arestovi\u010d, to m\u00e1 vliv na obrovskou \u010d\u00e1st Ukrajinc\u016f.<\/p>\n<figure id=\"attachment_48078\" class=\"wp-caption aligncenter\" style=\"width: 691px;\"><a href=\"https:\/\/aeronet.news\/wp-content\/uploads\/WilliamBurns.jpg\"><img decoding=\"async\" loading=\"lazy\" class=\"wp-image-48078 \" src=\"https:\/\/aeronet.news\/wp-content\/uploads\/WilliamBurns-1024x576.jpg\" sizes=\"(max-width: 700px) 100vw, 700px\" srcset=\"https:\/\/aeronet.news\/wp-content\/uploads\/WilliamBurns-1024x576.jpg 1024w, https:\/\/aeronet.news\/wp-content\/uploads\/WilliamBurns-300x169.jpg 300w, https:\/\/aeronet.news\/wp-content\/uploads\/WilliamBurns-768x432.jpg 768w, https:\/\/aeronet.news\/wp-content\/uploads\/WilliamBurns-700x394.jpg 700w, https:\/\/aeronet.news\/wp-content\/uploads\/WilliamBurns-635x357.jpg 635w, https:\/\/aeronet.news\/wp-content\/uploads\/WilliamBurns-859x483.jpg 859w, https:\/\/aeronet.news\/wp-content\/uploads\/WilliamBurns.jpg 1280w\" alt=\"\" width=\"691\" height=\"389\" \/><\/a><figcaption class=\"wp-caption-text\">William J. Burns, \u0161\u00e9f CIA<\/figcaption><\/figure>\n<p>\u0160\u00e9f CIA William J. Burns \u00fadajn\u011b podnikl tajnou cestu do Kyjeva a do Moskvy, kde m\u011bl \u00fadajn\u011b nab\u00eddnout Rusku jednu p\u011btinu ukrajinsk\u00e9ho \u00fazem\u00ed v\u00fdm\u011bnou za m\u00edr.\u00a0<strong>Informaci p\u0159inesl list\u00a0<em>Neue Z\u00fcrcher Zeitung<\/em>\u00a0a B\u00edl\u00fd d\u016fm i Kreml informace pop\u0159ely, ale pozor, nikoliv jako hoax nebo le\u017e, ale pouze jako \u201cnep\u0159esn\u00e9\u201d ve smyslu dezinterpretace [<a href=\"https:\/\/href.li\/?https:\/\/www.newsweek.com\/white-house-joe-biden-cia-ukraine-territory-putin-1778611\" target=\"_blank\" rel=\"nofollow noopener\">1<\/a>].<\/strong>\u00a0A to je \u0161ok, resp. nep\u0159\u00edm\u00e9 potvrzen\u00ed, \u017ee tyto tajn\u00e9 cesty \u0161\u00e9fa CIA opravdu operuj\u00ed na ose Korejsk\u00e9ho modelu, p\u0159esn\u011b na t\u00e9 ose, o kter\u00e9 pr\u00e1v\u011b v posledn\u00edm videu hovo\u0159il b\u00fdval\u00fd poradce Zelensk\u00e9ho a jeho prav\u00e1 ruka Alexej Arestovi\u010d.<\/p>\n<p>Najednou to do sebe pln\u011b zapad\u00e1, \u017ee to, co beztrestn\u011b na Ukrajin\u011b \u0159\u00edk\u00e1 Arestovi\u010d a to, s \u010d\u00edm jezd\u00ed \u0161\u00e9f CIA do Kremlu na tajn\u00e9 sch\u016fzky, m\u00e1 podle v\u0161eho obrysy dohody o m\u00edru, na kterou ale je\u0161t\u011b nen\u00ed p\u0159ipravena ukrajinsk\u00e1 ve\u0159ejnost a zejm\u00e9na ne evrop\u0161t\u00ed spojenci v NATO, kte\u0159\u00ed jsou po Ukrajinc\u00edch hned druhou ob\u011bt\u00ed t\u00e9 neuv\u011b\u0159iteln\u00e9 a rok trvaj\u00edc\u00ed propagandy o v\u00edt\u011bzstv\u00ed Ukrajiny.<\/p>\n<h6><span style=\"font-size: 18pt;\">Ukrajinskou ve\u0159ejnost je pot\u0159eba konceptu\u00e1ln\u011b p\u0159ipravit na sr\u00e1\u017eku s realitou, stejn\u011b jako evropsk\u00e9 politiky<\/span><\/h6>\n<p>A v tom je pr\u00e1v\u011b ten skryt\u00fd mechanismus, \u017ee toto pot\u0159ebuje sv\u016fj \u010das. Arestovi\u010d to spustil ve velk\u00e9m a konceptu\u00e1ln\u011b p\u0159ipravuje Ukrajince de facto na kapitulaci, kter\u00e1 ale nebude kapitulac\u00ed nikdy nazv\u00e1na a nam\u00edsto toho se bude mluvit o skv\u011bl\u00e9m obchodu s bonusy pro Ukrajinu, o kter\u00fdch u\u017e mluv\u00ed Arestovi\u010d.\u00a0<strong>M\u00e1 t\u00edm na mysli ekonomick\u00fd boom Ukrajiny podle vzoru Ji\u017en\u00ed Koreje, kter\u00e1 se stala ekonomick\u00fdm drakem, na rozd\u00edl od Severn\u00ed Koreje.<\/strong><\/p>\n<p>Arestovi\u010d se bude sna\u017eit tento obraz budoucnosti prodat Ukrajinc\u016fm jako obraz z\u00e1\u0159n\u00e9 budoucnosti v\u00fdm\u011bnou za m\u00edr a v\u00fdm\u011bnou za to, \u017ee Rus\u016fm prost\u011b z\u016fstane zhruba p\u011btina \u00fazem\u00ed sou\u010dasn\u00e9 Ukrajiny, p\u0159esn\u011b ta p\u011btina, se kterou pr\u00fd let\u011bl\/nelet\u011bl do Moskvy \u0161\u00e9f CIA. Je to tak pr\u016fhledn\u00e9 a jasn\u00e9, a\u017e je to sm\u011b\u0161n\u00e9. Sta\u010d\u00ed se d\u00edvat, co se d\u011bje v Kyjev\u011b.<\/p>\n<figure id=\"attachment_54384\" class=\"wp-caption aligncenter\" style=\"width: 686px;\"><a href=\"https:\/\/aeronet.news\/wp-content\/uploads\/ZelenskyFingerPointFiala.jpg\"><img decoding=\"async\" loading=\"lazy\" class=\"wp-image-54384 \" src=\"https:\/\/aeronet.news\/wp-content\/uploads\/ZelenskyFingerPointFiala-1024x576.jpg\" sizes=\"(max-width: 700px) 100vw, 700px\" srcset=\"https:\/\/aeronet.news\/wp-content\/uploads\/ZelenskyFingerPointFiala-1024x576.jpg 1024w, https:\/\/aeronet.news\/wp-content\/uploads\/ZelenskyFingerPointFiala-300x169.jpg 300w, https:\/\/aeronet.news\/wp-content\/uploads\/ZelenskyFingerPointFiala-768x432.jpg 768w, https:\/\/aeronet.news\/wp-content\/uploads\/ZelenskyFingerPointFiala-700x394.jpg 700w, https:\/\/aeronet.news\/wp-content\/uploads\/ZelenskyFingerPointFiala-635x357.jpg 635w, https:\/\/aeronet.news\/wp-content\/uploads\/ZelenskyFingerPointFiala-859x483.jpg 859w, https:\/\/aeronet.news\/wp-content\/uploads\/ZelenskyFingerPointFiala.jpg 1280w\" alt=\"\" width=\"686\" height=\"386\" \/><\/a><figcaption class=\"wp-caption-text\">Volodymyr Zelensk\u00fd, Alexej Reznikov a naproti n\u011bmu, mimo z\u00e1b\u011br, Petr Fiala b\u011bhem jeho n\u00e1v\u0161t\u011bvy<\/figcaption><\/figure>\n<p>Zelensk\u00fd odvol\u00e1v\u00e1 ministry, kte\u0159\u00ed se top\u00ed ve skand\u00e1lech s tunelov\u00e1n\u00edm pen\u011bz ze z\u00e1padn\u00ed pomoci, zat\u00edmco jeho ex-poradce mluv\u00ed v po\u0159adech na internetu o v\u00fdhod\u00e1ch a bonusech pro Ukrajinu, pokud by do\u0161lo k rozd\u011blen\u00ed zem\u011b podle Korejsk\u00e9ho modelu.\u00a0<strong>A te\u010f si p\u0159edstavte, co se stane s evropsk\u00fdmi politiky, a\u017e je Ameri\u010dan\u00e9, jako tradi\u010dn\u011b, odkopnou a potop\u00ed, a\u017e opravdu dojde k rozd\u011blen\u00ed Ukrajiny.<\/strong><\/p>\n<p>Jak to vysv\u011btl\u00ed Petr Fiala sv\u00fdm voli\u010d\u016fm, \u017ee Kyjev si pl\u00e1cl s Moskvou na rozd\u011blen\u00ed zem\u011b? Jak se bude voli\u010d\u016fm vysv\u011btlovat, \u017ee v\u00e1lka u\u017e nem\u016f\u017ee pokra\u010dovat, proto\u017ee je pot\u0159eba zajistit m\u00edr, i kdy\u017e t\u0159eba jen formou p\u0159\u00edm\u011b\u0159\u00ed, kter\u00e9 nebude vlastn\u011b p\u0159\u00edm\u011b\u0159\u00edm, ale koncem v\u00e1lky, ale z politick\u00fdch d\u016fvod\u016f se m\u00edrov\u00e1 smlouva nepodep\u00ed\u0161e?<\/p>\n<h6><span style=\"font-size: 18pt;\">Rozd\u011blen\u00ed Ukrajiny bude z\u0159ejm\u011b ofici\u00e1ln\u011b ozn\u00e1meno ve chv\u00edli, kdy Rusko dos\u00e1hne sv\u00e9ho, zhruba p\u011btiny p\u0159ev\u00e1\u017en\u011b ruskojazy\u010dn\u00e9ho \u00fazem\u00ed Ukrajiny<\/span><\/h6>\n<p>Je to proto, aby Kyjev mohl jako myslet na sjednocen\u00ed Ukrajiny, stejn\u011b jako na to mysl\u00ed ob\u011b korejsk\u00e9 poloviny poloostrova, ale ka\u017ed\u00e1 to sjednocen\u00ed mysl\u00ed politicky jinak a i vlastn\u00edm ob\u010dan\u016fm to jinak prod\u00e1vaj\u00ed. Ukrajina tak nad\u00e1le bude \u0159\u00edkat, \u017ee j\u00ed pat\u0159\u00ed ta p\u011btina \u00fazem\u00ed, zat\u00edmco Moskva bude \u0159\u00edkat, \u017ee speci\u00e1ln\u00ed operace nen\u00ed dokon\u010dena, dokud nebude Ukrajina demilitarizov\u00e1na a denacifikov\u00e1na.<\/p>\n<p>Jen\u017ee, oboj\u00ed je ve skute\u010dnosti nere\u00e1ln\u00e9 v sou\u010dasn\u00e9m stavu. A to v obou p\u0159\u00edpadech, pro jednu i druhou stranu. Ani Rusov\u00e9 nejsou p\u0159ipraveni na to, \u017ee Ukrajina se mo\u017en\u00e1 opravdu stane \u010dlenem NATO, opravdu na Ukrajin\u011b budou vojska NATO, ale ne za \u00fa\u010delem v\u00fdhry ve v\u00e1lce o Ukrajinu, ale jako \u201cgarance\u201d ve stejn\u00e9m smyslu, jako je \u201cgaranc\u00ed\u201d americk\u00e1 pos\u00e1dka pro Ji\u017en\u00ed Koreu, \u017ee Severn\u00ed Korea nebude postupovat d\u00e1le na jih.<\/p>\n<figure id=\"attachment_54702\" class=\"wp-caption aligncenter\" style=\"width: 689px;\"><a href=\"https:\/\/aeronet.news\/wp-content\/uploads\/ArestovichKoreaStudio.jpg\"><img decoding=\"async\" loading=\"lazy\" class=\"wp-image-54702 \" src=\"https:\/\/aeronet.news\/wp-content\/uploads\/ArestovichKoreaStudio-1024x563.jpg\" sizes=\"(max-width: 700px) 100vw, 700px\" srcset=\"https:\/\/aeronet.news\/wp-content\/uploads\/ArestovichKoreaStudio-1024x563.jpg 1024w, https:\/\/aeronet.news\/wp-content\/uploads\/ArestovichKoreaStudio-300x165.jpg 300w, https:\/\/aeronet.news\/wp-content\/uploads\/ArestovichKoreaStudio-768x422.jpg 768w, https:\/\/aeronet.news\/wp-content\/uploads\/ArestovichKoreaStudio-700x385.jpg 700w, https:\/\/aeronet.news\/wp-content\/uploads\/ArestovichKoreaStudio-649x357.jpg 649w, https:\/\/aeronet.news\/wp-content\/uploads\/ArestovichKoreaStudio-878x483.jpg 878w, https:\/\/aeronet.news\/wp-content\/uploads\/ArestovichKoreaStudio.jpg 1309w\" alt=\"\" width=\"689\" height=\"379\" \/><\/a><figcaption class=\"wp-caption-text\">Alexej Arestovi\u010d s hosty ve studiu<\/figcaption><\/figure>\n<p>Tu samou garanci m\u016f\u017ee pro Ukrajinu m\u00edt NATO, \u017ee symbolick\u00e1 p\u0159\u00edtomnost vojsk NATO zajist\u00ed, \u017ee rusk\u00e1 vojska nebudou postupovat d\u00e1l na z\u00e1pad, ale nezajist\u00ed z\u00edsk\u00e1n\u00ed zp\u011bt t\u011bch \u00fazem\u00ed, kter\u00e9 ji\u017e Rusov\u00e9 maj\u00ed. Pro napln\u011bn\u00ed tohoto modelu ale chyb\u00ed jedna v\u011bc, ochota obou stran k p\u0159istoupen\u00ed na takov\u00fd pl\u00e1n pr\u00e1v\u011b te\u010f. Dokud bude Rusk\u00e1 arm\u00e1da postupovat na Donbasu, tento pl\u00e1n nen\u00ed re\u00e1ln\u00fd.<\/p>\n<p><strong>Ve chv\u00edli, kdy Rusov\u00e9 dos\u00e1hnou vn\u011bj\u0161\u00edch oblastn\u00edch hranic DLR, LLR a Z\u00e1poro\u017e\u00ed a pln\u011b Ukrajince z t\u011bchto oblast\u00ed vytla\u010d\u00ed, potom se daj\u00ed opravdu o\u010dek\u00e1vat velk\u00e9 v\u011bci.<\/strong>\u00a0Arestovi\u010d m\u00e1 napilno a i veden\u00ed CIA se \u010din\u00ed. Fialu a v\u0161echny Sl\u00e1vy u krav\u00edna v\u0161ak \u010dek\u00e1 u\u017e brzy opravdu drsn\u00e1 sr\u00e1\u017eka s realitou. Rozd\u011blen\u00ed Ukrajiny by zamezilo riziku propuknut\u00ed otev\u0159en\u00e9 v\u00e1lky s Ruskem a nasunut\u00ed vojsk NATO na Ukrajinu do v\u00e1le\u010dn\u00e9ho konfliktu. Zat\u00edm b\u011b\u017e\u00ed p\u0159\u00edpravy na v\u00e1lku v cel\u00e9 EU na pln\u00e9 obr\u00e1tky a bez zn\u00e1mek n\u011bjak\u00fdch dohod mezi USA a Ruskem o Ukrajin\u011b. Aktivita \u0161\u00e9fa CIA a papou\u0161kov\u00e1n\u00ed Arestovi\u010de ale d\u00e1vaj\u00ed nad\u011bji, \u017ee Ameri\u010dan\u016fm se do otev\u0159en\u00e9ho st\u0159etu, a to ani v r\u00e1mci NATO, v\u016fbec nechce.<\/p>\n<p><a href=\"https:\/\/aeronet.news\/video-rozdeleni-ukrajiny-podle-scenare-dvou-koreji-by-prineslo-ukrajine-bonusy-od-kolektivniho-zapadu-zpetna-vazba-nenaplnenych-ocekavani-zasahne-nasi-moralku-natolik-ze-se-z-toho-vsichni-zblaznime\/\">-VK- \u0160\u00e9fredaktor AE News<\/a><\/p>\n<p>&nbsp;<\/p>\n<p><img decoding=\"async\" loading=\"lazy\" class=\"wp-image-19187 aligncenter\" src=\"http:\/\/www.infokuryr.cz\/n\/wp-content\/uploads\/2022\/12\/1-PRO-300x36.jpg\" alt=\"\" width=\"1092\" height=\"131\" srcset=\"https:\/\/www.infokuryr.cz\/n\/wp-content\/uploads\/2022\/12\/1-PRO-300x36.jpg 300w, https:\/\/www.infokuryr.cz\/n\/wp-content\/uploads\/2022\/12\/1-PRO.jpg 699w\" sizes=\"(max-width: 1092px) 100vw, 1092px\" \/><\/p>\n<p>&nbsp;<\/p>\n","protected":false},"excerpt":{"rendered":"<p>Rozd\u011blen\u00ed Ukrajiny podle sc\u00e9n\u00e1\u0159e dvou Korej\u00ed by p\u0159ineslo Ukrajin\u011b bonusy od kolektivn\u00edho Z\u00e1padu! Zp\u011btn\u00e1 vazba&#8230;<\/p>\n","protected":false},"author":2,"featured_media":22544,"comment_status":"closed","ping_status":"closed","sticky":false,"template":"","format":"standard","meta":[],"categories":[6],"tags":[1042,2738,22,26,365],"_links":{"self":[{"href":"https:\/\/www.infokuryr.cz\/n\/wp-json\/wp\/v2\/posts\/22543"}],"collection":[{"href":"https:\/\/www.infokuryr.cz\/n\/wp-json\/wp\/v2\/posts"}],"about":[{"href":"https:\/\/www.infokuryr.cz\/n\/wp-json\/wp\/v2\/types\/post"}],"author":[{"embeddable":true,"href":"https:\/\/www.infokuryr.cz\/n\/wp-json\/wp\/v2\/users\/2"}],"replies":[{"embeddable":true,"href":"https:\/\/www.infokuryr.cz\/n\/wp-json\/wp\/v2\/comments?post=22543"}],"version-history":[{"count":0,"href":"https:\/\/www.infokuryr.cz\/n\/wp-json\/wp\/v2\/posts\/22543\/revisions"}],"wp:featuredmedia":[{"embeddable":true,"href":"https:\/\/www.infokuryr.cz\/n\/wp-json\/wp\/v2\/media\/22544"}],"wp:attachment":[{"href":"https:\/\/www.infokuryr.cz\/n\/wp-json\/wp\/v2\/media?parent=22543"}],"wp:term":[{"taxonomy":"category","embeddable":true,"href":"https:\/\/www.infokuryr.cz\/n\/wp-json\/wp\/v2\/categories?post=22543"},{"taxonomy":"post_tag","embeddable":true,"href":"https:\/\/www.infokuryr.cz\/n\/wp-json\/wp\/v2\/tags?post=22543"}],"curies":[{"name":"wp","href":"https:\/\/api.w.org\/{rel}","templated":true}]}}