{"id":22540,"date":"2023-02-09T01:10:14","date_gmt":"2023-02-09T00:10:14","guid":{"rendered":"http:\/\/www.infokuryr.cz\/n\/?p=22540"},"modified":"2023-02-08T17:51:30","modified_gmt":"2023-02-08T16:51:30","slug":"iran-konflikt-na-ukrajine-a-vytvoreni-isis-jsou-vysledky-politiky-usa","status":"publish","type":"post","link":"https:\/\/www.infokuryr.cz\/n\/2023\/02\/09\/iran-konflikt-na-ukrajine-a-vytvoreni-isis-jsou-vysledky-politiky-usa\/","title":{"rendered":"\u00cdr\u00e1n: konflikt na Ukrajin\u011b a vytvo\u0159en\u00ed ISIS jsou v\u00fdsledky politiky USA"},"content":{"rendered":"<div id=\"fb-root\"><\/div>\n<p class=\"lead\"><span>Ali Shamkhani, tajemn\u00edk Nejvy\u0161\u0161\u00ed rady n\u00e1rodn\u00ed bezpe\u010dnosti \u00cdr\u00e1nu, \u0159ekl, \u017ee ukrajinsk\u00fd konflikt a vytvo\u0159en\u00ed ISIS\u00a0<\/span><span>byly v\u00fdsledkem politiky USA.\u00a0Ozn\u00e1mil to\u00a0 8. \u00fanora\u00a0 RIAC \u00edr\u00e1nsk\u00fd expert Nikita Smagin.<\/span><\/p>\n<p><strong>\u00cdr\u00e1nsk\u00fd politik uvedl:<\/strong><\/p>\n<p><em>\u201eV\u011b\u0159\u00edme a vych\u00e1z\u00edme ze skute\u010dnosti, \u017ee p\u0159\u00edtomnost USA destabilizuje region.\u00a0Zku\u0161enosti z Afgh\u00e1nist\u00e1nu to potvrzuj\u00ed.&#8220;<\/em><\/p>\n<p><strong>Ali Shamkhani dodal:<\/strong><\/p>\n<p><em>&#8222;Ud\u00e1losti v Ir\u00e1ku, vytvo\u0159en\u00ed IS\u00a0\u00a0v regionu Levanty, stejn\u011b jako ud\u00e1losti kolem Ukrajiny se staly v d\u016fsledku arogantn\u00edch akc\u00ed Spojen\u00fdch st\u00e1t\u016f, lid Ukrajiny se stal ob\u011bt\u00ed americk\u00fdch c\u00edl\u016f.&#8220;<\/em><\/p>\n<p><strong><span>InfoKur\u00fdr<\/span><\/strong><span>\u00a0p\u0159ipom\u00edn\u00e1, \u017ee Ali Shamkhani p\u0159ijel do Moskvy, aby se z\u00fa\u010dastnil p\u00e1t\u00e9ho multilater\u00e1ln\u00edho setk\u00e1n\u00ed z\u00e1stupc\u016f bezpe\u010dnosti v\u011bnovan\u00e9 afgh\u00e1nsk\u00e9 ot\u00e1zce.<\/span><\/p>\n<p><img decoding=\"async\" loading=\"lazy\" class=\"alignnone size-full wp-image-1185\" src=\"http:\/\/www.infokuryr.cz\/n\/wp-content\/uploads\/2021\/04\/kuryr-podpis.png\" alt=\"\" width=\"84\" height=\"24\" \/><\/p>\n<p>&nbsp;<\/p>\n<p><img decoding=\"async\" loading=\"lazy\" class=\"wp-image-19187 aligncenter\" src=\"http:\/\/www.infokuryr.cz\/n\/wp-content\/uploads\/2022\/12\/1-PRO-300x36.jpg\" alt=\"\" width=\"1142\" height=\"137\" srcset=\"https:\/\/www.infokuryr.cz\/n\/wp-content\/uploads\/2022\/12\/1-PRO-300x36.jpg 300w, https:\/\/www.infokuryr.cz\/n\/wp-content\/uploads\/2022\/12\/1-PRO.jpg 699w\" sizes=\"(max-width: 1142px) 100vw, 1142px\" \/><\/p>\n<p>&nbsp;<\/p>\n<p>&nbsp;<\/p>\n","protected":false},"excerpt":{"rendered":"<p>Ali Shamkhani, tajemn\u00edk Nejvy\u0161\u0161\u00ed rady n\u00e1rodn\u00ed bezpe\u010dnosti \u00cdr\u00e1nu, \u0159ekl, \u017ee ukrajinsk\u00fd konflikt a vytvo\u0159en\u00ed ISIS\u00a0byly&#8230;<\/p>\n","protected":false},"author":2,"featured_media":22541,"comment_status":"closed","ping_status":"closed","sticky":false,"template":"","format":"standard","meta":[],"categories":[7],"tags":[38,26,37],"_links":{"self":[{"href":"https:\/\/www.infokuryr.cz\/n\/wp-json\/wp\/v2\/posts\/22540"}],"collection":[{"href":"https:\/\/www.infokuryr.cz\/n\/wp-json\/wp\/v2\/posts"}],"about":[{"href":"https:\/\/www.infokuryr.cz\/n\/wp-json\/wp\/v2\/types\/post"}],"author":[{"embeddable":true,"href":"https:\/\/www.infokuryr.cz\/n\/wp-json\/wp\/v2\/users\/2"}],"replies":[{"embeddable":true,"href":"https:\/\/www.infokuryr.cz\/n\/wp-json\/wp\/v2\/comments?post=22540"}],"version-history":[{"count":0,"href":"https:\/\/www.infokuryr.cz\/n\/wp-json\/wp\/v2\/posts\/22540\/revisions"}],"wp:featuredmedia":[{"embeddable":true,"href":"https:\/\/www.infokuryr.cz\/n\/wp-json\/wp\/v2\/media\/22541"}],"wp:attachment":[{"href":"https:\/\/www.infokuryr.cz\/n\/wp-json\/wp\/v2\/media?parent=22540"}],"wp:term":[{"taxonomy":"category","embeddable":true,"href":"https:\/\/www.infokuryr.cz\/n\/wp-json\/wp\/v2\/categories?post=22540"},{"taxonomy":"post_tag","embeddable":true,"href":"https:\/\/www.infokuryr.cz\/n\/wp-json\/wp\/v2\/tags?post=22540"}],"curies":[{"name":"wp","href":"https:\/\/api.w.org\/{rel}","templated":true}]}}